{"id":7961,"date":"2024-06-01T00:01:41","date_gmt":"2024-05-31T22:01:41","guid":{"rendered":"https:\/\/pasaenmendoza.com\/?p=7961"},"modified":"2024-06-01T00:01:42","modified_gmt":"2024-05-31T22:01:42","slug":"conin-participara-en-la-distribucion-de-alimentos-a-punto-de-vencer","status":"publish","type":"post","link":"https:\/\/pasaenmendoza.com\/?p=7961","title":{"rendered":"CONIN participar\u00e1 en la distribuci\u00f3n de alimentos a punto de vencer"},"content":{"rendered":"\n<p>Tras la denuncia acerca de 6.000 toneladas de alimentos por vencer que el Gobierno no distribuida,\u00a0lo que desencaden\u00f3 la salida del secretario de Ni\u00f1ez y Familia Pablo de la Torre, finalmente Naci\u00f3n anunci\u00f3 el inicio de un operativa para repartir esos productos con apoyo log\u00edstico de las Fuerzas Armadas y, entre otros actores, contar\u00e1 con la colaboraci\u00f3n de Fundaci\u00f3n\u00a0<strong>CONIN<\/strong>.<\/p>\n\n\n\n<p><br>As\u00ed lo confirm\u00f3 el titular de la fundaci\u00f3n CONIN, el m\u00e9dico nutricionista\u00a0<strong>\u00a0Abel Albino,\u00a0<\/strong>\u00a0quien se\u00f1al\u00f3 que el Ministerio de Capital Humano que conduce\u00a0<strong>Sandra Pettovello<\/strong>\u00a0les solicit\u00f3 ayuda para distribuir la comida a los ni\u00f1os de la Argentina que lo necesiten.<\/p>\n\n\n\n<p>&#8220;Como<strong>\u00a0tenemos 112 centros CONIN\u00a0 en todo el pa\u00eds<\/strong>, pr\u00e1cticamente en todas las provincias, vamos a realizar la tarea juntamente con las iglesias evang\u00e9licas , con Caritas&#8230; Y tambi\u00e9n\u00a0 con el Ej\u00e9rcito porque tiene m\u00e1s posibilidades de llegar a los lugares m\u00e1s lejanos&#8221;.<\/p>\n\n\n\n<p>Albino destac\u00f3 a este diario: &#8220;Nosotros ya hab\u00edamos hecho, hace tres meses, un\u00a0<strong>convenio<\/strong>\u00a0con Sandra Pettovello para\u00a0<strong>distribuir alimentos<\/strong>. Y ahora, lo han apresurado por el tema de los que se est\u00e1n por vencer, como el caso de los\u00a0<strong>300.000 kilos de leche<\/strong>. Pero hay otros productos que vencen en\u00a0 agosto y septiembre,\u00a0 y otros reci\u00e9n el a\u00f1o que viene&#8221;.\u00a0\u00a0<\/p>\n\n\n\n<p>Respecto a la modalidad de distribuci\u00f3n que har\u00e1 CONIN,&nbsp; su m\u00e1ximo referente explic\u00f3: &#8220;<strong>Nosotros mandamos a los centros base que tenemos en todo el pa\u00eds, y de all\u00ed se va a distribuir con nuestro personal a los comedores y&nbsp; a los merenderos<\/strong>.&nbsp; Todav\u00eda no sabemos cu\u00e1nta cantidad de alimentos vamos recibir;&nbsp; no tenemos m\u00e1s datos. Hoy&nbsp; van a decirnos m\u00e1s&nbsp; concretamente, cu\u00e1nto ser\u00eda. Vamos a recibir todo tipo de productos, pero&nbsp;<strong>fundamentalmente leche,&nbsp; que es lo m\u00e1s importante<\/strong>&#8220;.<\/p>\n\n\n\n<p>Por \u00faltimo, el m\u00e9dico destac\u00f3 que la tarea comenzar\u00e1 inmediatamente. &#8220;Esta esta tarde el Gobierno nos van a comunicar cantidades y clase de alimentos. Nosotros vamos a acopiar, por ejemplo,\u00a0 aqu\u00ed en\u00a0<strong>Mendoza, en Tucum\u00e1n, Santiago del Estero, Chaco, C\u00f3rdoba o Buenos Aires\u00a0<\/strong>lo que nos corresponda y desde los centros comenzaremos a distribuir&#8221;, finaliz\u00f3.<\/p>\n\n\n\n<p>CONIN es una Organizaci\u00f3n Sin Fines de Lucro fundada por el Dr. Abel Pascual Albino en la provincia de Mendoza, el 4 de septiembre de 1993. Albino tom\u00f3 el m\u00e9todo de CONIN Chile, ideado por su fundador el Dr. Fernando M\u00f6nckeberg. Desde hace m\u00e1s de 27 a\u00f1os vienen trabajando en Argentina, Latinoam\u00e9rica y en el mundo,\u00a0 buscando quebrar la desnutrici\u00f3n infantil.<\/p>\n\n\n\n<p><strong>Fuente: www.mendozapost.com<\/strong><\/p>\n\n\n\n<p>\u00a0<\/p>\n","protected":false},"excerpt":{"rendered":"<p>Tras la denuncia acerca de 6.000 toneladas de alimentos por vencer que el Gobierno no distribuida,\u00a0lo que desencaden\u00f3 la salida del secretario de Ni\u00f1ez y Familia Pablo de la Torre, finalmente Naci\u00f3n anunci\u00f3 el inicio de un operativa para repartir esos productos con apoyo log\u00edstico de las Fuerzas Armadas y, entre otros actores, contar\u00e1 con [&hellip;]<\/p>\n","protected":false},"author":2,"featured_media":7962,"comment_status":"open","ping_status":"open","sticky":false,"template":"","format":"standard","meta":[],"categories":[50],"tags":[],"_links":{"self":[{"href":"https:\/\/pasaenmendoza.com\/index.php?rest_route=\/wp\/v2\/posts\/7961"}],"collection":[{"href":"https:\/\/pasaenmendoza.com\/index.php?rest_route=\/wp\/v2\/posts"}],"about":[{"href":"https:\/\/pasaenmendoza.com\/index.php?rest_route=\/wp\/v2\/types\/post"}],"author":[{"embeddable":true,"href":"https:\/\/pasaenmendoza.com\/index.php?rest_route=\/wp\/v2\/users\/2"}],"replies":[{"embeddable":true,"href":"https:\/\/pasaenmendoza.com\/index.php?rest_route=%2Fwp%2Fv2%2Fcomments&post=7961"}],"version-history":[{"count":1,"href":"https:\/\/pasaenmendoza.com\/index.php?rest_route=\/wp\/v2\/posts\/7961\/revisions"}],"predecessor-version":[{"id":7963,"href":"https:\/\/pasaenmendoza.com\/index.php?rest_route=\/wp\/v2\/posts\/7961\/revisions\/7963"}],"wp:featuredmedia":[{"embeddable":true,"href":"https:\/\/pasaenmendoza.com\/index.php?rest_route=\/wp\/v2\/media\/7962"}],"wp:attachment":[{"href":"https:\/\/pasaenmendoza.com\/index.php?rest_route=%2Fwp%2Fv2%2Fmedia&parent=7961"}],"wp:term":[{"taxonomy":"category","embeddable":true,"href":"https:\/\/pasaenmendoza.com\/index.php?rest_route=%2Fwp%2Fv2%2Fcategories&post=7961"},{"taxonomy":"post_tag","embeddable":true,"href":"https:\/\/pasaenmendoza.com\/index.php?rest_route=%2Fwp%2Fv2%2Ftags&post=7961"}],"curies":[{"name":"wp","href":"https:\/\/api.w.org\/{rel}","templated":true}]}}