{"id":7967,"date":"2024-06-03T15:55:22","date_gmt":"2024-06-03T13:55:22","guid":{"rendered":"https:\/\/pasaenmendoza.com\/?p=7967"},"modified":"2024-06-03T15:55:23","modified_gmt":"2024-06-03T13:55:23","slug":"cornejo-los-beneficios-y-las-dudas-que-generan-todo-su-apoyo-a-milei","status":"publish","type":"post","link":"https:\/\/pasaenmendoza.com\/?p=7967","title":{"rendered":"Cornejo, los beneficios y las dudas que generan todo su apoyo a Milei"},"content":{"rendered":"\n<p>Mendoza recibir\u00e1 fondos frescos si se aprueba el Pacto Fiscal y podr\u00eda impulsar actividades econ\u00f3micas si sale la Ley Bases. Pero enfrenta tambi\u00e9n las consecuencias del programa econ\u00f3mico de Milei: crece la preocupaci\u00f3n por la ca\u00edda del salario y el desempleo, y el Estado debe salir a socorrer a sectores golpeados por la pobreza.<\/p>\n\n\n\n<p>Nada hace prever que en el horizonte pol\u00edtico cercano&nbsp;<strong>Alfredo Cornejo<\/strong>&nbsp;vaya a modificar la forma de vincularse con el gobierno de&nbsp;<strong>Javier Milei&nbsp;<\/strong>que mantuvo hasta ac\u00e1 \u00bfCu\u00e1l fue ese modo? Es&nbsp;dif\u00edcil, delicado y, en algunas ocasiones, de contradictorio equilibrio entre no quedar pegado como oficialista y, por el otro lado, pretender jugar en las ligas nacionales a ser uno de los gobernadores que m\u00e1s empuj\u00f3 en el Congreso una garant\u00eda de gobernabilidad para la Casa Rosada.<\/p>\n\n\n\n<p>Un elemento contin\u00faa siendo clave para sostener esa postura: en Mendoza, m\u00e1s all\u00e1 de la crisis, el respaldo a la figura del presidente se mantiene por encima del 50% y la clase media, el sost\u00e9n electoral del radicalismo provincial, aparece en todas los sondeos de opini\u00f3n p\u00fablica realizados recientemente como la franja m\u00e1s dispuesta a seguir extendi\u00e9ndose el cr\u00e9dito al libertario.<\/p>\n\n\n\n<p>Pero\u00a0<strong>Cornejo\u00a0<\/strong>siente -adem\u00e1s- que logr\u00f3 algo de lo que hab\u00eda ido a buscar cuando se meti\u00f3 de lleno en el debate por la Ley Bases y el Pacto Fiscal. Que, si el oficialismo finalmente junta la cantidad de votos necesarios, podr\u00eda avanzar en el Senado en menos de diez d\u00edas. El primer objetivo fue darle al gobierno las herramientas (o una buena parte de ellas, al menos, tras las negociaciones que ya llevan varios meses en el Congreso) para que pueda avanzar con su programa econ\u00f3mico. \u201cSi a este gobierno no se le daba gobernabilidad, el estancamiento econ\u00f3mico va a durar cuatro a\u00f1os m\u00e1s\u201d, cuentan que apunt\u00f3 el gobernador a mediados de semana, cuando el proyecto Bases entr\u00f3 ya en su etapa de definici\u00f3n en comisiones de la C\u00e1mara Alta.<\/p>\n\n\n\n<p>Sin embargo, algo no est\u00e1 resultando del todo bien. La recuperaci\u00f3n econ\u00f3mica, ya anticipan desde Peltier 351, si se produce, se dar\u00e1 en un proceso mucho m\u00e1s lento del esperado y las consecuencias de la ca\u00edda de actividad de los \u00faltimos meses ya se notan \u00b4de manera n\u00edtida: en los mismos sondeos en los cuales todav\u00eda aparece firme el respaldo a&nbsp;<strong>Milei<\/strong>, la preocupaci\u00f3n por la inflaci\u00f3n le est\u00e1 cediendo lugar a la alarma por la situaci\u00f3n salarial y por la p\u00e9rdida del empleo a pasos agigantados.<\/p>\n\n\n\n<p>La Uni\u00f3n Comercial de Mendoza\u00a0emiti\u00f3 un comunicado\u00a0este domingo en el cual advierte c\u00f2mo la pobreza creciente se est\u00e1 manifestando a la vista de todos. \u201cGente durmiendo en las veredas, en cajeros de bancos, en plazas y parques, en ingresos a edificios, por doquier. Es un paisaje para nada habitual en Mendoza, una postal no solo no querida sino inadmisible. Solo las colas que se ven en ciertos lugares, en espera de comida que personas organizadas entregan y los espacios brindados por algunos credos en donde permiten alimentarse o asearse, parecen mitigar el sufrimiento que antiguamente solo estaba destinado a personas con enfermedad mental o estilo de vida elegido, por qui\u00e9n sabe qu\u00e9 historias. Tanto el Estado nacional como el provincial deben hacer lo que corresponda para que los argentinos (mucho menos los ni\u00f1os) no pasen hambre y tengan un lugar a donde cobijarse. No pueden quedar librados a su suerte\u201d, reclam\u00f3 a trav\u00e9s de una nota el ente que hist\u00f3ricamente nuclea a comerciantes e industriales de Mendoza y que llev\u00f3 la firma de Daniel Ariosto.<\/p>\n\n\n\n<p>Ac\u00e1 es donde&nbsp;<strong>Cornejo&nbsp;<\/strong>se separa del dogma de&nbsp;<strong>Milei<\/strong>. Reniega de la desaparici\u00f3n del Estado e incluso se queja cuando se lo critica por la situaci\u00f3n de la provincia, si se la compara con otras zonas del pa\u00eds en donde las necesidades de la pobreza estructural no encuentran una respuesta por parte del sector p\u00fablico. Aqu\u00ed una de las contradicciones del respaldo a las pol\u00edticas libertarias: la provincia debi\u00f3 apurar esta \u00faltima semana la creaci\u00f3n de unas sesenta salitas de tres a\u00f1os en donde ser\u00e1n atendidos unos ochocientos chicos inmersos en la pobreza y cuyas situaciones de vulnerabilidad ya son extremas y no son otra cosa m\u00e1s que el resultado de la falta de trabajo y de la ca\u00edda de los ingresos en el seno de sus familias.<\/p>\n\n\n\n<p>\u00bfQu\u00e9 obtuvo como r\u00e9dito el gobernador del apoyo que le dio al debate clave de la Ley Bases? Varios cuestiones. Lo que m\u00e1s se difundi\u00f3, fue la firma de la \u201caddenda\u201d con la Naci\u00f3n para que Mendoza pueda utilizar los fondos de Portezuelo del Viento con libre disponibilidad. Pero todav\u00eda falta, a pesar de que la Legislatura se encamina a respaldar este acuerdo, para que esos U$S 1.023 millones comiencen a invertirse. El gobierno nacional a\u00fan no define cu\u00e1l ser\u00e1 el camino definitivo de las pol\u00edticas energ\u00e9ticas a futuro en el pa\u00eds y de eso depende que se firme o no un contrato esencial. Es aqu\u00e9l que suscribi\u00f3 Sergio Massa con Rodolfo Suarez hace un a\u00f1o, para garantizar el negocio de la generaci\u00f3n el\u00e9ctrica que producir\u00e1 El Baqueano. Ese convenio incorporaba a esta obra por quince a\u00f1os dentro del Programa Nacional de Obras Hidroel\u00e9ctricas con el compromiso de que Cammesa comprar\u00e1 esa energ\u00eda.<\/p>\n\n\n\n<p>El c\u00edrculo es&nbsp;as\u00ed: sin ese contrato en firme se har\u00e1 muy dif\u00edcil que alg\u00fan privado invierta para hacerse cargo de la construcci\u00f3n de esa represa en el Sur.&nbsp;Y si no hay inversi\u00f3n privada, a su vez, el Estado no se har\u00e1 cargo de financiar en su totalidad la obra. Si no se puede licitar El Baqueano, no arrancar\u00e1 de manera contundente el plan de&nbsp;<strong>Cornejo&nbsp;<\/strong>para los fondos de Portezuelo porque, en definitiva, es la \u00fanica obra que el Estado provincial podr\u00eda licitar ya como consecuencia de que&nbsp; no abundan demasiado los proyectos que est\u00e9n listos para comenzar a ejecutarse.<\/p>\n\n\n\n<p>El R\u00e9gimen de Incentivos para las Grandes Inversiones (RIGI) genera una expectativa de moderada a importante, asimismo. Este punto, muy discutido dentro de la Ley Bases, podr\u00eda acelerar un proceso de inversiones vinculadas directamente con la miner\u00eda y el petr\u00f3leo de Vaca Muerta, que son dos de las \u00e1reas clave de la econom\u00eda en donde el gobierno se est\u00e1 parando para su apuesta a la diversificaci\u00f3n productiva. Aunque aqu\u00ed surge una duda no menor: en el gobierno de Mendoza todav\u00eda no tienen demasiado en claro cu\u00e1l ser\u00e1 la estrategia legislativa de La Libertad Avanza una vez que las leyes pasen el filtro del Senado y deban volver a tratarse en Diputados para su ratificaci\u00f3n. Esto, luego de que la C\u00e1mara Alta le introdujera m\u00e1s de cuarenta modificaciones al texto.<\/p>\n\n\n\n<p>El interrogante es simple y podr\u00eda tener un resultado muy complejo a su vez \u00bfEl gobierno sancionar\u00e1 la ley en Diputados tal cual saldr\u00e1 del Senado o insistir\u00e1 con su proyecto inicial? Entre estas idas y vueltas, podr\u00eda fenecer una iniciativa que fue recientemente incorporada como es el incremento de dos puntos en las regal\u00edas mineras que cobrar\u00e1n las provincias.<\/p>\n\n\n\n<p>\u00bfVendr\u00e1 plata como resultado de lo que est\u00e1 a punto de aprobar el Congreso? S\u00ed. Ahora: \u00bfEse monto mover\u00e1 la aguja? Se ver\u00e1. Se estima que dentro de la coparticipaci\u00f3n de las moratorias y por las modificaciones en Ganancias que est\u00e1n incluidas en el Pacto Fiscal, Mendoza podr\u00eda anualizar ingresos en el 2024 por alrededor de $170.000 millones. La cifra suena importante, pero su impacto se achica compar\u00e1ndola solo con dos erogaciones fuertes del Estado. Solo para pagar sueldos, la provincia gasta $50.000 millones al mes y para cubrir los subsidios al transporte, luego de que&nbsp;<strong>Milei&nbsp;<\/strong>recortara la asistencia nacional, se necesitar\u00e1n este a\u00f1o $120.000 millones como m\u00ednimo.<\/p>\n\n\n\n<p>En este contexto, y desde lo pol\u00edtico, un par de anuncios le podr\u00edan rendir bien a\u00a0<strong>Cornejo\u00a0<\/strong>en los pr\u00f3ximos d\u00edas. La Naci\u00f3n ya se comprometi\u00f3 ante Mendoza a que reanudar\u00e1 el financiamiento para tres obras nacionales que resultaron muy demoradas durante el gobierno de Alberto Fern\u00e1ndez y que quedaron paralizadas desde la asunci\u00f3n de este gobierno dentro del marco de recorte a la obra p\u00fablica. En ese sentido, el ministerio de Econom\u00eda ya empez\u00f3 con el proceso de cancelaci\u00f3n con las empresas contratistas de las deudas atrasadas para la terminaci\u00f3n de la Variante Palmira en la ruta 7 y de la construcci\u00f3n de los eternos puentes sobre la ruta 40. Asimismo, se acord\u00f3 el reinicio de los trabajos sobre la misma ruta 40 a San Juan y se aguarda que esta semana se anuncie el cronograma definitivo para la finalizaci\u00f3n de estas obras.\u00a0El gobierno amag\u00f3 con cederle a la provincia los contratos de estas obras para que pueda terminarlas. Pero\u00a0<strong>Cornejo\u00a0<\/strong>se neg\u00f3: \u201cLes va a salir m\u00e1s caras no terminarlas que s\u00ed hacerlo\u201d, les dijo. Y, al parecer, la idea prendi\u00f3.<\/p>\n\n\n\n<p>FUENTE: MDZonline.<\/p>\n","protected":false},"excerpt":{"rendered":"<p>Mendoza recibir\u00e1 fondos frescos si se aprueba el Pacto Fiscal y podr\u00eda impulsar actividades econ\u00f3micas si sale la Ley Bases. Pero enfrenta tambi\u00e9n las consecuencias del programa econ\u00f3mico de Milei: crece la preocupaci\u00f3n por la ca\u00edda del salario y el desempleo, y el Estado debe salir a socorrer a sectores golpeados por la pobreza. Nada [&hellip;]<\/p>\n","protected":false},"author":2,"featured_media":7968,"comment_status":"open","ping_status":"open","sticky":true,"template":"","format":"standard","meta":[],"categories":[47],"tags":[],"_links":{"self":[{"href":"https:\/\/pasaenmendoza.com\/index.php?rest_route=\/wp\/v2\/posts\/7967"}],"collection":[{"href":"https:\/\/pasaenmendoza.com\/index.php?rest_route=\/wp\/v2\/posts"}],"about":[{"href":"https:\/\/pasaenmendoza.com\/index.php?rest_route=\/wp\/v2\/types\/post"}],"author":[{"embeddable":true,"href":"https:\/\/pasaenmendoza.com\/index.php?rest_route=\/wp\/v2\/users\/2"}],"replies":[{"embeddable":true,"href":"https:\/\/pasaenmendoza.com\/index.php?rest_route=%2Fwp%2Fv2%2Fcomments&post=7967"}],"version-history":[{"count":1,"href":"https:\/\/pasaenmendoza.com\/index.php?rest_route=\/wp\/v2\/posts\/7967\/revisions"}],"predecessor-version":[{"id":7969,"href":"https:\/\/pasaenmendoza.com\/index.php?rest_route=\/wp\/v2\/posts\/7967\/revisions\/7969"}],"wp:featuredmedia":[{"embeddable":true,"href":"https:\/\/pasaenmendoza.com\/index.php?rest_route=\/wp\/v2\/media\/7968"}],"wp:attachment":[{"href":"https:\/\/pasaenmendoza.com\/index.php?rest_route=%2Fwp%2Fv2%2Fmedia&parent=7967"}],"wp:term":[{"taxonomy":"category","embeddable":true,"href":"https:\/\/pasaenmendoza.com\/index.php?rest_route=%2Fwp%2Fv2%2Fcategories&post=7967"},{"taxonomy":"post_tag","embeddable":true,"href":"https:\/\/pasaenmendoza.com\/index.php?rest_route=%2Fwp%2Fv2%2Ftags&post=7967"}],"curies":[{"name":"wp","href":"https:\/\/api.w.org\/{rel}","templated":true}]}}