{"id":7970,"date":"2024-06-03T16:00:16","date_gmt":"2024-06-03T14:00:16","guid":{"rendered":"https:\/\/pasaenmendoza.com\/?p=7970"},"modified":"2024-06-03T16:00:17","modified_gmt":"2024-06-03T14:00:17","slug":"mendoza-se-abroquela-ante-una-nueva-embestida-de-la-pampa","status":"publish","type":"post","link":"https:\/\/pasaenmendoza.com\/?p=7970","title":{"rendered":"Mendoza se abroquela \u201cante una nueva embestida\u201d de La Pampa"},"content":{"rendered":"\n<p>Intendentes, funcionarios provinciales, legisladores y empresarios se reunir\u00e1n en General Alvear para advertir sobre el perjuicio que generar\u00eda un fallo favorable al reclamo pampeano por el r\u00edo Atuel.<\/p>\n\n\n\n<p><strong>Los intendentes de los tres departamentos del sur provincial<\/strong>&nbsp;encabezar\u00e1n este lunes un encuentro para organizar una defensa en conjunto ante las exigencias de&nbsp;<strong>La Pampa<\/strong>, que fue la Corte Suprema para reclamar que&nbsp;<strong>Mendoza no cumple con un fallo de julio de 2020<\/strong>&nbsp;por el agua del&nbsp;<strong>r\u00edo Atuel.<\/strong><\/p>\n\n\n\n<p>La reuni\u00f3n se llevar\u00e1 a cabo en el Concejo Deliberante de General Alvear, desde las 10.30. Estar\u00e1n presentes el intendentes anfitri\u00f3n&nbsp;<strong>Alejandro Molero<\/strong>&nbsp;junto con sus pares de San Rafael,&nbsp;<strong>Omar F\u00e9lix<\/strong>, y de Malarg\u00fce,&nbsp;<strong>Celso Jaque<\/strong>. Tambi\u00e9n participar\u00e1n el superintendente de Irrigaci\u00f3n,&nbsp;<strong>Sergio Marinelli<\/strong>, el director General de Asuntos Gubernamentales,&nbsp;<strong>Francisco Mondotte<\/strong>, legisladores y concejales del cuarto distrito y representantes de las c\u00e1maras empresariales.<\/p>\n\n\n\n<p><em>\u201cAnte una nueva embestida de la provincia de La Pampa por el agua del r\u00edo Atuel, un recurso vital para el desarrollo del sur de Mendoza, el Gobierno de la Provincia junto al intendente Alejandro Molero convocan a una reuni\u00f3n urgente\u201d<\/em>, destaca un comunicado oficial.\u00a0<em>\u201cEl objetivo es formular una defensa conjunta del r\u00edo Atuel, con el apoyo de todo el arco pol\u00edtico y empresarial. El oasis sur debe continuar su desarrollo sostenible garantizando el acceso al agua, un recurso esencial para las actividades de nuestra comunidad\u201d<\/em>, a\u00f1ade.<\/p>\n\n\n\n<p><strong>La Pampa denunci\u00f3 que Mendoza incumple el fallo<\/strong>&nbsp;para que la obliga a liberar 3,2 metros c\u00fabicos por segundo de agua del r\u00edo Atuel. El nuevo round judicial entre las provincias incluye la acusaci\u00f3n del gobierno pampeano de&nbsp;<strong>sobreriego en campos improductivos mendocinos y la creaci\u00f3n de 100 reservorios en el sur.<\/strong><\/p>\n\n\n\n<p><em>\u201cMendoza habla del oasis de San Rafael a partir de la utilizaci\u00f3n del R\u00edo Atuel. Hablan de 5.000 hect\u00e1reas de oasis cuando han generado un desierto de millones de hect\u00e1reas en la provincia de La Pampa, apropi\u00e1ndose de un recurso interjurisdiccional\u201d,<\/em>&nbsp;se\u00f1al\u00f3 Sergio Ziliotto, gobernador de La Pampa a Clar\u00edn.<\/p>\n\n\n\n<p><em>\u201cMendoza siempre sostuvo que para poder dar ese caudal de agua tiene que haber obras. El agua que usamos en Mendoza no alcanza para lo que productivamente se necesita en el oasis\u201d<\/em>, respondi\u00f3 Marinelli.<\/p>\n\n\n\n<p>FUENTE: Elsol.com.ar<\/p>\n","protected":false},"excerpt":{"rendered":"<p>Intendentes, funcionarios provinciales, legisladores y empresarios se reunir\u00e1n en General Alvear para advertir sobre el perjuicio que generar\u00eda un fallo favorable al reclamo pampeano por el r\u00edo Atuel. Los intendentes de los tres departamentos del sur provincial&nbsp;encabezar\u00e1n este lunes un encuentro para organizar una defensa en conjunto ante las exigencias de&nbsp;La Pampa, que fue la [&hellip;]<\/p>\n","protected":false},"author":2,"featured_media":7971,"comment_status":"open","ping_status":"open","sticky":true,"template":"","format":"standard","meta":[],"categories":[47],"tags":[],"_links":{"self":[{"href":"https:\/\/pasaenmendoza.com\/index.php?rest_route=\/wp\/v2\/posts\/7970"}],"collection":[{"href":"https:\/\/pasaenmendoza.com\/index.php?rest_route=\/wp\/v2\/posts"}],"about":[{"href":"https:\/\/pasaenmendoza.com\/index.php?rest_route=\/wp\/v2\/types\/post"}],"author":[{"embeddable":true,"href":"https:\/\/pasaenmendoza.com\/index.php?rest_route=\/wp\/v2\/users\/2"}],"replies":[{"embeddable":true,"href":"https:\/\/pasaenmendoza.com\/index.php?rest_route=%2Fwp%2Fv2%2Fcomments&post=7970"}],"version-history":[{"count":1,"href":"https:\/\/pasaenmendoza.com\/index.php?rest_route=\/wp\/v2\/posts\/7970\/revisions"}],"predecessor-version":[{"id":7972,"href":"https:\/\/pasaenmendoza.com\/index.php?rest_route=\/wp\/v2\/posts\/7970\/revisions\/7972"}],"wp:featuredmedia":[{"embeddable":true,"href":"https:\/\/pasaenmendoza.com\/index.php?rest_route=\/wp\/v2\/media\/7971"}],"wp:attachment":[{"href":"https:\/\/pasaenmendoza.com\/index.php?rest_route=%2Fwp%2Fv2%2Fmedia&parent=7970"}],"wp:term":[{"taxonomy":"category","embeddable":true,"href":"https:\/\/pasaenmendoza.com\/index.php?rest_route=%2Fwp%2Fv2%2Fcategories&post=7970"},{"taxonomy":"post_tag","embeddable":true,"href":"https:\/\/pasaenmendoza.com\/index.php?rest_route=%2Fwp%2Fv2%2Ftags&post=7970"}],"curies":[{"name":"wp","href":"https:\/\/api.w.org\/{rel}","templated":true}]}}