{"id":7973,"date":"2024-06-03T16:04:36","date_gmt":"2024-06-03T14:04:36","guid":{"rendered":"https:\/\/pasaenmendoza.com\/?p=7973"},"modified":"2024-06-03T16:04:37","modified_gmt":"2024-06-03T14:04:37","slug":"como-combatir-a-narcos-y-barrabravas-el-desafio-de-bullrich-en-mendoza","status":"publish","type":"post","link":"https:\/\/pasaenmendoza.com\/?p=7973","title":{"rendered":"C\u00f3mo combatir a narcos y barrabravas: el desaf\u00edo de Bullrich en Mendoza"},"content":{"rendered":"\n<p>Con\u00a0Javier Gerardo Milei\u00a0de regreso de la gira por Estados Unidos y El Salvador hoy, lunes 3 a las 20:00, le tomar\u00e1 juramento a\u00a0Guillermo Francos\u00a0como jefe de Gabinete en Casa Rosada, pero el protagonismo p\u00fablico lo concentrar\u00e1 desde la ma\u00f1ana la ministra de Seguridad nacional\u00a0Patricia Bullrich\u00a0en Mendoza.<\/p>\n\n\n\n<p>La dirigente prosista se instal\u00f3 en el auditorio \u00c1ngel Bustelo para presidir hasta las 17.00 el&nbsp;<strong>Consejo de Seguridad Interior (CSI),<\/strong>&nbsp;integrado por quienes tienen responsabilidad de la gesti\u00f3n de seguridad p\u00fablica en cada una de las 23 provincias y CABA.<\/p>\n\n\n\n<p>Es la segunda vez que se re\u00fane este cuerpo deliberativo federal en lo que va del gobierno libertario y en el que participa\u00a0Mercedes Rus, la ministra mendocina del \u00e1rea. El acto lo inici\u00f3 el gobernador\u00a0<strong>Alfredo Cornejo<\/strong>\u00a0como anfitri\u00f3n de la jornada de an\u00e1lisis y planificaci\u00f3n de pol\u00edticas de seguridad en el pa\u00eds. Si bien la tem\u00e1tica es amplia, el foco est\u00e1 puesto en &#8220;la\u00a0<strong>federalizaci\u00f3n del sistema de seguridad en espect\u00e1culos futbol\u00edsticos y temas relacionado con el narcotr\u00e1fico y el crimen organizado&#8221;<\/strong>.<\/p>\n\n\n\n<p>Dicho en t\u00e9rminos concretos,\u00a0<strong>a Bullrich le preocupan dos flagelos: &#8220;Los\u00a0<em>narcos<\/em>\u00a0y los\u00a0<em>barrabravas<\/em>&#8220;<\/strong>. As\u00ed lo sintetizo un funcionario cuyano el viernes 31 de mayo en\u00a0el encuentro de los gobernadores de la regi\u00f3n, en el distrito pace\u00f1o Desaguadero\u00a0en el l\u00edmite entre\u00a0<strong>Mendoza<\/strong>\u00a0con\u00a0<strong>San Luis\u00a0<\/strong>justamente para acordar operaciones de seguridad en los pasos interprovinciales de las tres provincias incluyendo a<strong>\u00a0San Juan.<\/strong><\/p>\n\n\n\n<p>Las piedras del 25<\/p>\n\n\n\n<p>Precisamente a eso lleg\u00f3 la ministra nacional para aplicar mecanismos de prevenci\u00f3n y represi\u00f3n al accionar de estas organizaciones criminales que jaquean a las ciudades m\u00e1s pobladas de las provincias. Mendoza no es la excepci\u00f3n y se not\u00f3 a nivel nacional cuando\u00a0el s\u00e1bado 25 de mayo un grupo de barras de Godoy Cruz logr\u00f3 que el \u00e1rbitro suspendiera el partido\u00a0la\u00a0Liga Profesional de F\u00fatbol\u00a0entre el\u00a0Tomba\u00a0y San Lorenzo de Almagro en el estadio Malvinas Argentinas.<\/p>\n\n\n\n<p>Los agresores rompieron las instalaciones para tirar pedazos de mamposter\u00eda a los jugadores y al resto del p\u00fablico y as\u00ed amedrentar a la dirigencia del club mendocino&nbsp;<strong>por no rendirles el tributo que exigen en dinero y entradas a los partidos<\/strong>.<\/p>\n\n\n\n<p>Por este aspecto de la inseguridad ser\u00e1 oportuno para Cornejo, explicar su m\u00e9todo de control de ingreso a los partidos que le exige al club godoycruce\u00f1o para que juegue en el estadio de la Provincia. Si la dirigencia tombina no accede a ese requerimiento, entonces el mismo gobernador advirti\u00f3 que el Tomba ocupar\u00e1 el estadio, pero no podr\u00e1 acceder el p\u00fablico.<\/p>\n\n\n\n<p>Bullrich enfocada<\/p>\n\n\n\n<p>&#8220;Los ministros del pa\u00eds nos vamos a reunir por segunda vez, en esta oportunidad en Mendoza&#8221;, hab\u00eda anunciado Bullrich junto a Cornejo cuando le acercaron a la funcionaria nacional la propuesta de modificaci\u00f3n para los C\u00f3digos Penal y Civil y Comercial de la Naci\u00f3n. Fue en esa reuni\u00f3n que se comunic\u00f3 que Mendoza hab\u00eda sido elegida para el desarrollo de este encuentro donde se abordar\u00e1n los principales aspectos en materia de seguridad que enfrentan las provincias.<\/p>\n\n\n\n<p>Para eso se firmar\u00e1n convenios de cooperaci\u00f3n entre el Gobierno nacional y los provinciales, para coordinar las polic\u00edas locales y las fuerzas de seguridad nacionales. Sobre este \u00faltimo punto llam\u00f3 la atenci\u00f3n que el gobernador puntano Claudio Poggi revelara el viernes en Desaguadero que hab\u00eda logrado que Gendarmer\u00eda Nacional regresara a operar en el territorio de su provincia despu\u00e9s de muchos a\u00f1os.<\/p>\n\n\n\n<p>Entre los temas a tratar en el CSI, se destaca la regulaci\u00f3n de precursores qu\u00edmicos, el rol de la Sedronar, la implementaci\u00f3n del anillo digital y la estrategia federal de formaci\u00f3n en seguridad. Se discutir\u00e1 sobre Sistema Federal de Comunicaciones Policiales (SIFCOP) y la planificaci\u00f3n y gesti\u00f3n del sistema federal de<strong>\u00a0b\u00fasqueda de personas desaparecidas y extraviadas<\/strong>, incluyendo el uso de animales de apoyo profesional.<\/p>\n\n\n\n<p>FUENTE: Mendozapost.<\/p>\n","protected":false},"excerpt":{"rendered":"<p>Con\u00a0Javier Gerardo Milei\u00a0de regreso de la gira por Estados Unidos y El Salvador hoy, lunes 3 a las 20:00, le tomar\u00e1 juramento a\u00a0Guillermo Francos\u00a0como jefe de Gabinete en Casa Rosada, pero el protagonismo p\u00fablico lo concentrar\u00e1 desde la ma\u00f1ana la ministra de Seguridad nacional\u00a0Patricia Bullrich\u00a0en Mendoza. La dirigente prosista se instal\u00f3 en el auditorio \u00c1ngel [&hellip;]<\/p>\n","protected":false},"author":2,"featured_media":7975,"comment_status":"open","ping_status":"open","sticky":true,"template":"","format":"standard","meta":[],"categories":[47],"tags":[],"_links":{"self":[{"href":"https:\/\/pasaenmendoza.com\/index.php?rest_route=\/wp\/v2\/posts\/7973"}],"collection":[{"href":"https:\/\/pasaenmendoza.com\/index.php?rest_route=\/wp\/v2\/posts"}],"about":[{"href":"https:\/\/pasaenmendoza.com\/index.php?rest_route=\/wp\/v2\/types\/post"}],"author":[{"embeddable":true,"href":"https:\/\/pasaenmendoza.com\/index.php?rest_route=\/wp\/v2\/users\/2"}],"replies":[{"embeddable":true,"href":"https:\/\/pasaenmendoza.com\/index.php?rest_route=%2Fwp%2Fv2%2Fcomments&post=7973"}],"version-history":[{"count":1,"href":"https:\/\/pasaenmendoza.com\/index.php?rest_route=\/wp\/v2\/posts\/7973\/revisions"}],"predecessor-version":[{"id":7976,"href":"https:\/\/pasaenmendoza.com\/index.php?rest_route=\/wp\/v2\/posts\/7973\/revisions\/7976"}],"wp:featuredmedia":[{"embeddable":true,"href":"https:\/\/pasaenmendoza.com\/index.php?rest_route=\/wp\/v2\/media\/7975"}],"wp:attachment":[{"href":"https:\/\/pasaenmendoza.com\/index.php?rest_route=%2Fwp%2Fv2%2Fmedia&parent=7973"}],"wp:term":[{"taxonomy":"category","embeddable":true,"href":"https:\/\/pasaenmendoza.com\/index.php?rest_route=%2Fwp%2Fv2%2Fcategories&post=7973"},{"taxonomy":"post_tag","embeddable":true,"href":"https:\/\/pasaenmendoza.com\/index.php?rest_route=%2Fwp%2Fv2%2Ftags&post=7973"}],"curies":[{"name":"wp","href":"https:\/\/api.w.org\/{rel}","templated":true}]}}