{"id":7974,"date":"2024-06-03T16:08:07","date_gmt":"2024-06-03T14:08:07","guid":{"rendered":"https:\/\/pasaenmendoza.com\/?p=7974"},"modified":"2024-06-03T16:08:08","modified_gmt":"2024-06-03T14:08:08","slug":"lunes-frio-y-gris-pero-se-vienen-dias-calidos-en-mendoza","status":"publish","type":"post","link":"https:\/\/pasaenmendoza.com\/?p=7974","title":{"rendered":"Lunes fr\u00edo y gris, pero se vienen d\u00edas c\u00e1lidos en Mendoza"},"content":{"rendered":"\n<p><strong>Este lunes vuelve el fr\u00edo pero a mediados de la semana tendremos temperaturas agradables: al parecer este a\u00f1o se adelanta &#8220;el veranito de San Juan&#8221;.\u00a0<\/strong><\/p>\n\n\n\n<p>Seg\u00fan el&nbsp;<strong>SMN<\/strong>, en la Ciudad de Mendoza la m\u00e1xima llegar\u00e1 hoy a los<strong>&nbsp;11\u00b0&nbsp;<\/strong>y, aunque la humedad relativa del ambiente est\u00e1 a primera hora de la ma\u00f1ana en 78%,&nbsp;<strong>no se esperan lluvias.&nbsp;<\/strong>Corre viento del Norte sin r\u00e1fagas.<\/p>\n\n\n\n<p>Para ma\u00f1ana martes, se espera leve ascenso de temperatura, una\u00a0<strong>m\u00e1xima de 12\u00b0<\/strong>\u00a0para la Ciudad y cielo mayormente nublado, sin precipitaciones.\u00a0<\/p>\n\n\n\n<p>Sin embargo, el mi\u00e9rcoles asciende la m\u00e1xima esperada a 18\u00b0 y para el fin de semana se prev\u00e9n 20\u00b0. Por eso, los meteor\u00f3logos hablan de un posible adelanto del &#8220;veranito de San Juan&#8221; que suele darse para los d\u00edas\u00a0<strong>alrededor del 24 de junio<\/strong>, que es cuando se conmemora al santo.\u00a0<\/p>\n\n\n\n<p><strong>Fuente: www.mendozapost.com<\/strong><\/p>\n","protected":false},"excerpt":{"rendered":"<p>Este lunes vuelve el fr\u00edo pero a mediados de la semana tendremos temperaturas agradables: al parecer este a\u00f1o se adelanta &#8220;el veranito de San Juan&#8221;.\u00a0 Seg\u00fan el&nbsp;SMN, en la Ciudad de Mendoza la m\u00e1xima llegar\u00e1 hoy a los&nbsp;11\u00b0&nbsp;y, aunque la humedad relativa del ambiente est\u00e1 a primera hora de la ma\u00f1ana en 78%,&nbsp;no se esperan [&hellip;]<\/p>\n","protected":false},"author":2,"featured_media":7978,"comment_status":"open","ping_status":"open","sticky":false,"template":"","format":"standard","meta":[],"categories":[52],"tags":[],"_links":{"self":[{"href":"https:\/\/pasaenmendoza.com\/index.php?rest_route=\/wp\/v2\/posts\/7974"}],"collection":[{"href":"https:\/\/pasaenmendoza.com\/index.php?rest_route=\/wp\/v2\/posts"}],"about":[{"href":"https:\/\/pasaenmendoza.com\/index.php?rest_route=\/wp\/v2\/types\/post"}],"author":[{"embeddable":true,"href":"https:\/\/pasaenmendoza.com\/index.php?rest_route=\/wp\/v2\/users\/2"}],"replies":[{"embeddable":true,"href":"https:\/\/pasaenmendoza.com\/index.php?rest_route=%2Fwp%2Fv2%2Fcomments&post=7974"}],"version-history":[{"count":1,"href":"https:\/\/pasaenmendoza.com\/index.php?rest_route=\/wp\/v2\/posts\/7974\/revisions"}],"predecessor-version":[{"id":7981,"href":"https:\/\/pasaenmendoza.com\/index.php?rest_route=\/wp\/v2\/posts\/7974\/revisions\/7981"}],"wp:featuredmedia":[{"embeddable":true,"href":"https:\/\/pasaenmendoza.com\/index.php?rest_route=\/wp\/v2\/media\/7978"}],"wp:attachment":[{"href":"https:\/\/pasaenmendoza.com\/index.php?rest_route=%2Fwp%2Fv2%2Fmedia&parent=7974"}],"wp:term":[{"taxonomy":"category","embeddable":true,"href":"https:\/\/pasaenmendoza.com\/index.php?rest_route=%2Fwp%2Fv2%2Fcategories&post=7974"},{"taxonomy":"post_tag","embeddable":true,"href":"https:\/\/pasaenmendoza.com\/index.php?rest_route=%2Fwp%2Fv2%2Ftags&post=7974"}],"curies":[{"name":"wp","href":"https:\/\/api.w.org\/{rel}","templated":true}]}}