{"id":7977,"date":"2024-06-03T16:07:54","date_gmt":"2024-06-03T14:07:54","guid":{"rendered":"https:\/\/pasaenmendoza.com\/?p=7977"},"modified":"2024-06-03T16:07:55","modified_gmt":"2024-06-03T14:07:55","slug":"bullrich-respaldo-a-hebe-en-la-interna-del-pro-y-disparo-contra-los-que-desgastan-al-gobierno","status":"publish","type":"post","link":"https:\/\/pasaenmendoza.com\/?p=7977","title":{"rendered":"Bullrich respald\u00f3 a Hebe en la interna del PRO y dispar\u00f3 contra los que &#8220;desgastan al Gobierno&#8221;"},"content":{"rendered":"\n<p>La ministra de Seguridad lleg\u00f3 el domingo para reunirse con la vicegobernadora y el sector del PRO que lidera. Habl\u00f3 de operaciones contra el Gobierno<\/p>\n\n\n\n<p>La ministra de Seguridad,\u00a0<strong>Patricia Bullrich\u00a0<\/strong>aprovech\u00f3 su viaje a Mendoza para liderar el\u00a0<strong>Consejo de Seguridad,<\/strong>\u00a0y le dedic\u00f3 el domingo a la tarde a<strong>\u00a0reordenar la tropa del PRO.<\/strong>\u00a0Apenas aterriz\u00f3 lider\u00f3 una\u00a0<strong>reuni\u00f3n con la vicegobernadora Hebe Casado y el sector que ella lidera y dej\u00f3 bien claro su respaldo a la sanrafaelina.<\/strong><\/p>\n\n\n\n<p>En un sal\u00f3n del hotel Hilton de Ciudad en donde se hospeda,<strong>&nbsp;Bullrich convoc\u00f3 a sus &#8220;halcones&#8221; mendocinos<\/strong>. Sabe que en menos de un mes, precisamente<strong>&nbsp;el 30 de junio ese sector enfrentar\u00e1 en las internas a quienes pretenden disputar la conducci\u00f3n del PRO, y que se referencian con Omar De Marchi.&nbsp;<\/strong>A la reuni\u00f3n se sumaron el presidente del bloque del PRO, el diputado Enrique Thomas y la titular de la direcci\u00f3n de Educaci\u00f3n Privada, Cecilia P\u00e1ez.<\/p>\n\n\n\n<p>Es m\u00e1s, la tensi\u00f3n en el PRO de Mendoza es tal que el sector que lidera Gabriel Pradines (aliado a De Marchi) puj\u00f3 para que la Junta Electoral Nacional del partido interviniera a la junta provincial que hab\u00eda vetado esa lista. Eso motiv\u00f3 que la Justicia Federal convocara al interventor del PRO en Mendoza, Dar\u00edo Nieto a una audiencia para aclarar la situaci\u00f3n.<\/p>\n\n\n\n<p>&#8220;Ella<strong>\u00a0no est\u00e1 de acuerdo con la intromisi\u00f3n de la Junta Electoral nacional en la tarea de la junta provincial<\/strong>&#8220;, deslizaron desde adentro de la reuni\u00f3n. Al parecer, sin nombrarlo directamente\u00a0<strong>Bullrich se refiri\u00f3 a Omar De Marchi y a su pulseada para disputar la conducci\u00f3n del PRO y lo defini\u00f3 como una &#8220;maniobra para desgastar al Gobierno&#8221;.<\/strong><\/p>\n\n\n\n<p>&#8220;Se quej\u00f3 de que algunos dirigentes que tienen cargos a nivel nacional all\u00e1 dicen una cosa y en Mendoza votan junto con el kirchnerismo&#8221;, dispar\u00f3 otro de los presentes en alusi\u00f3n a De Marchi que en la Naci\u00f3n es secretario de Relaciones Parlamentarias y con la Sociedad Civil, pero en Mendoza, liderando La Uni\u00f3n Mendocina, rechaz\u00f3 junto con parte del PJ la adenda para que Cornejo pueda disponer libremente de los fondos que eran de Portezuelo del Viento.<\/p>\n\n\n\n<h2 class=\"wp-block-heading\"><strong>Los planteos cruzados en el PRO que afectaron a la interna<\/strong><\/h2>\n\n\n\n<p>La novela de las idas y vueltas dentro del PRO se generaron a partir de las&nbsp;<strong>objeciones de la Junta Electoral Provincial del PRO a los avales de la lista de Gabriel Pradines,<\/strong>&nbsp;que luego&nbsp;<strong>fue avalado por la Junta Electoral Nacional y por la Justicia Federal despu\u00e9s.<\/strong><\/p>\n\n\n\n<p>A pesar de estas ratificaciones, la Junta Electoral (antes de la remoci\u00f3n de sus cabezas) revis\u00f3 nuevamente los requisitos y volvi\u00f3 a bochar la lista del demarchismo.<\/p>\n\n\n\n<p>Y nuevamente, la Junta Electoral Nacional y el interventor del partido la convalidaron cambiando la conformaci\u00f3n de la Junta Electoral (por presuntas irregularidades en el procedimiento de control) y aplazaron los comicios que se iban a realizar en los primeros d\u00edas de junio para el 30 de junio.<\/p>\n\n\n\n<p>Ante ese confuso panorama, este jueves la<strong>\u00a0Justicia Federal<\/strong>\u00a0convoc\u00f3 a una audiencia al\u00a0<strong>interventor del PRO\u00a0<\/strong>en Mendoza,\u00a0<strong>Dar\u00edo Nieto,<\/strong>\u00a0y a los apoderados de la Lista Amarilla (Hebe Casado) y Propuesta Federal (Gabriel Pradines), para tratar las presentaciones cruzadas en medio de la\u00a0<strong>interna del PRO .<\/strong><\/p>\n\n\n\n<p>En este primer acercamiento, las fuentes consultadas por Diario UNO indicaron que el magistrado trat\u00f3 de poner en contacto a las partes para que las elecciones se lleven adelante con normalidad, allanando el camino para que se evite la judicializaci\u00f3n. El martes, se restablecer\u00e1 la audiencia luego de un cuarto intermedio.<\/p>\n\n\n\n<h2 class=\"wp-block-heading\">Bullrich presidir\u00e1 el Consejo de Seguridad nacional<\/h2>\n\n\n\n<p>Desde las 9.30 de este lunes la ministra de Seguridad liderar\u00e1 la reuni\u00f3n del Consejo de Seguridad de la que participar\u00e1n todos los ministros de las distintas provincias.<\/p>\n\n\n\n<p>El encuentro que se har\u00e1 en el Auditorio Angel Bustelo, arrancar\u00e1 con la presencia del gobernador Alfredo Cornejo y se prev\u00e9 que se prolongue hasta las 17, aunque probablemente se pueda dar una conferencia de prensa pasado el medio d\u00eda.<\/p>\n\n\n\n<p>En el amplio temario se tratar\u00e1n problem\u00e1ticas como las del narcotr\u00e1fico, la\u00a0<strong>federalizaci\u00f3n del sistema de seguridad en espect\u00e1culos futbol\u00edsticos<\/strong>\u00a0y temas relacionados con<strong>\u00a0el crimen organizado.<\/strong><\/p>\n\n\n\n<p>FUENTE: Diariouno.com.ar <\/p>\n","protected":false},"excerpt":{"rendered":"<p>La ministra de Seguridad lleg\u00f3 el domingo para reunirse con la vicegobernadora y el sector del PRO que lidera. Habl\u00f3 de operaciones contra el Gobierno La ministra de Seguridad,\u00a0Patricia Bullrich\u00a0aprovech\u00f3 su viaje a Mendoza para liderar el\u00a0Consejo de Seguridad,\u00a0y le dedic\u00f3 el domingo a la tarde a\u00a0reordenar la tropa del PRO.\u00a0Apenas aterriz\u00f3 lider\u00f3 una\u00a0reuni\u00f3n con [&hellip;]<\/p>\n","protected":false},"author":2,"featured_media":7979,"comment_status":"open","ping_status":"open","sticky":true,"template":"","format":"standard","meta":[],"categories":[47],"tags":[],"_links":{"self":[{"href":"https:\/\/pasaenmendoza.com\/index.php?rest_route=\/wp\/v2\/posts\/7977"}],"collection":[{"href":"https:\/\/pasaenmendoza.com\/index.php?rest_route=\/wp\/v2\/posts"}],"about":[{"href":"https:\/\/pasaenmendoza.com\/index.php?rest_route=\/wp\/v2\/types\/post"}],"author":[{"embeddable":true,"href":"https:\/\/pasaenmendoza.com\/index.php?rest_route=\/wp\/v2\/users\/2"}],"replies":[{"embeddable":true,"href":"https:\/\/pasaenmendoza.com\/index.php?rest_route=%2Fwp%2Fv2%2Fcomments&post=7977"}],"version-history":[{"count":1,"href":"https:\/\/pasaenmendoza.com\/index.php?rest_route=\/wp\/v2\/posts\/7977\/revisions"}],"predecessor-version":[{"id":7980,"href":"https:\/\/pasaenmendoza.com\/index.php?rest_route=\/wp\/v2\/posts\/7977\/revisions\/7980"}],"wp:featuredmedia":[{"embeddable":true,"href":"https:\/\/pasaenmendoza.com\/index.php?rest_route=\/wp\/v2\/media\/7979"}],"wp:attachment":[{"href":"https:\/\/pasaenmendoza.com\/index.php?rest_route=%2Fwp%2Fv2%2Fmedia&parent=7977"}],"wp:term":[{"taxonomy":"category","embeddable":true,"href":"https:\/\/pasaenmendoza.com\/index.php?rest_route=%2Fwp%2Fv2%2Fcategories&post=7977"},{"taxonomy":"post_tag","embeddable":true,"href":"https:\/\/pasaenmendoza.com\/index.php?rest_route=%2Fwp%2Fv2%2Ftags&post=7977"}],"curies":[{"name":"wp","href":"https:\/\/api.w.org\/{rel}","templated":true}]}}