{"id":7985,"date":"2024-06-03T16:18:28","date_gmt":"2024-06-03T14:18:28","guid":{"rendered":"https:\/\/pasaenmendoza.com\/?p=7985"},"modified":"2024-06-03T16:18:29","modified_gmt":"2024-06-03T14:18:29","slug":"dos-motociclistas-chocaron-contra-un-colectivo-y-murieron","status":"publish","type":"post","link":"https:\/\/pasaenmendoza.com\/?p=7985","title":{"rendered":"Dos motociclistas chocaron contra un colectivo y murieron"},"content":{"rendered":"\n<p>Dos personas a bordo de una\u00a0<strong>motocicleta<\/strong>\u00a0murieron en la ma\u00f1ana de este domingo pasado luego de colisionar contra un\u00a0<strong>colectivo<\/strong>\u00a0en\u00a0<strong>Las Heras<\/strong>.<\/p>\n\n\n\n<p>El tr\u00e1gico accidente se produjo minutos antes de las 9, cuando los motociclistas circulaban en una Zanella RX de este a oeste por Mathieu,&nbsp;<mark>al intentar sobrepasar a un colectivo de la l\u00ednea 400 chocaron contra el costado izquierdo del automotor<\/mark>.<\/p>\n\n\n\n<p>Debido al impacto, el conductor del rodado menor perdi\u00f3 la vida en el momento. Los testigos se\u00f1alaron que&nbsp;<mark>se encontraba sin el casco correspondiente<\/mark>.<\/p>\n\n\n\n<p>La acompa\u00f1ante, en tanto, fue atendida por el Servicio de Emergencias Coordinado, pero muri\u00f3 posteriormente en el Hospital Central.<\/p>\n\n\n\n<p>El conductor de la moto fue identificado como Alexander Ariel Barcia, de 23 a\u00f1os y su acompa\u00f1ante, Andrea Mar\u00eda Quiroga, de 38 a\u00f1os.<\/p>\n\n\n\n<p><strong>Fuente: www.elsol.com.ar<\/strong><\/p>\n","protected":false},"excerpt":{"rendered":"<p>Dos personas a bordo de una\u00a0motocicleta\u00a0murieron en la ma\u00f1ana de este domingo pasado luego de colisionar contra un\u00a0colectivo\u00a0en\u00a0Las Heras. El tr\u00e1gico accidente se produjo minutos antes de las 9, cuando los motociclistas circulaban en una Zanella RX de este a oeste por Mathieu,&nbsp;al intentar sobrepasar a un colectivo de la l\u00ednea 400 chocaron contra el [&hellip;]<\/p>\n","protected":false},"author":2,"featured_media":7986,"comment_status":"open","ping_status":"open","sticky":false,"template":"","format":"standard","meta":[],"categories":[48],"tags":[],"_links":{"self":[{"href":"https:\/\/pasaenmendoza.com\/index.php?rest_route=\/wp\/v2\/posts\/7985"}],"collection":[{"href":"https:\/\/pasaenmendoza.com\/index.php?rest_route=\/wp\/v2\/posts"}],"about":[{"href":"https:\/\/pasaenmendoza.com\/index.php?rest_route=\/wp\/v2\/types\/post"}],"author":[{"embeddable":true,"href":"https:\/\/pasaenmendoza.com\/index.php?rest_route=\/wp\/v2\/users\/2"}],"replies":[{"embeddable":true,"href":"https:\/\/pasaenmendoza.com\/index.php?rest_route=%2Fwp%2Fv2%2Fcomments&post=7985"}],"version-history":[{"count":1,"href":"https:\/\/pasaenmendoza.com\/index.php?rest_route=\/wp\/v2\/posts\/7985\/revisions"}],"predecessor-version":[{"id":7987,"href":"https:\/\/pasaenmendoza.com\/index.php?rest_route=\/wp\/v2\/posts\/7985\/revisions\/7987"}],"wp:featuredmedia":[{"embeddable":true,"href":"https:\/\/pasaenmendoza.com\/index.php?rest_route=\/wp\/v2\/media\/7986"}],"wp:attachment":[{"href":"https:\/\/pasaenmendoza.com\/index.php?rest_route=%2Fwp%2Fv2%2Fmedia&parent=7985"}],"wp:term":[{"taxonomy":"category","embeddable":true,"href":"https:\/\/pasaenmendoza.com\/index.php?rest_route=%2Fwp%2Fv2%2Fcategories&post=7985"},{"taxonomy":"post_tag","embeddable":true,"href":"https:\/\/pasaenmendoza.com\/index.php?rest_route=%2Fwp%2Fv2%2Ftags&post=7985"}],"curies":[{"name":"wp","href":"https:\/\/api.w.org\/{rel}","templated":true}]}}