{"id":7988,"date":"2024-06-03T16:32:20","date_gmt":"2024-06-03T14:32:20","guid":{"rendered":"https:\/\/pasaenmendoza.com\/?p=7988"},"modified":"2024-06-03T16:32:21","modified_gmt":"2024-06-03T14:32:21","slug":"a-un-mes-de-la-tragedia-vial-en-el-acceso-sur-que-paso-con-el-conductor-acusado","status":"publish","type":"post","link":"https:\/\/pasaenmendoza.com\/?p=7988","title":{"rendered":"A un mes de la tragedia vial en el Acceso Sur, \u00bfqu\u00e9 pas\u00f3 con el conductor acusado?"},"content":{"rendered":"\n<p>Este lunes se cumple un mes de una de las \u00faltimas tragedias viales que conmocion\u00f3\u00a0a Mendoza. En la noche del viernes 3 de mayo un\u00a0<strong>conductor alcoholizado<\/strong>\u00a0atropell\u00f3 y mat\u00f3 a un polic\u00eda y a un preventor municipal de Godoy Cruz que trabajan en el operativo de un\u00a0<strong>accidente<\/strong>\u00a0previo en el<strong>\u00a0Acceso Sur<\/strong>. El hecho impact\u00f3 y se convirti\u00f3 en noticia nacional por entonces. Ya pasaron 30 d\u00edas, \u00bfen qu\u00e9 situaci\u00f3n est\u00e1 el acusado?\u00a0<\/p>\n\n\n\n<p>\u00a0El sommelier y en\u00f3logo\u00a0Hugo Mart\u00edn Rodr\u00edguez\u00a0(44)-actualmente preso- en aquella jornada regresaba de Tunuy\u00e1n con destino al Gran Mendoza\u00a0luego de cenar con un amigo, cuando alrededor de las 23.30 en el\u00a0<strong>acceso<\/strong>\u00a0a la altura de calle Sarmiento embisti\u00f3 a las v\u00edctimas con su Ford Ecosport y les caus\u00f3 graves heridas.\u00a0El agente de tr\u00e1nsito\u00a0Santiago David Vel\u00e1zquez\u00a0(23) muri\u00f3 en el acto, mientras el uniformado\u00a0de la Polic\u00eda Vial\u00a0Leonardo Alarc\u00f3n Quiroga\u00a0(35) falleci\u00f3 horas despu\u00e9s en el Hospital Central.\u00a0<\/p>\n\n\n\n<p>Ambos se hab\u00edan trasladado hasta el lugar por un choque en cadena que no tuvo consecuencias mayores, y en plena tarea fueron arrollados por el mencionado rodado cuando estaban sobre\u00a0la banquina.\u00a0<\/p>\n\n\n\n<p>Entre los primeros detalles que surgieron del caso, trascendi\u00f3 que Rodr\u00edguez transitaba&nbsp;en sentido norte con las luces apagadas-en una zona del&nbsp;<strong>Acceso Sur&nbsp;<\/strong>en ese momento con escasa iluminaci\u00f3n&nbsp;artificial-&nbsp;y a alta velocidad.<\/p>\n\n\n\n<p>Uno de estos puntos fue rebatido por la defensa, a cargo de Pablo Cazab\u00e1n, quien le confirm\u00f3 a\u00a0<em>MDZ\u00a0<\/em>que en el informe completo de Polic\u00eda Cient\u00edfica y con la sumatoria de declaraciones testimoniales, se habr\u00eda demostrado\u00a0que el sospechoso s\u00ed ten\u00eda\u00a0las luces encendidas de su veh\u00edculo. Adem\u00e1s, el abogado sostuvo\u00a0que en la calzada se detectaron &#8220;huellas de frenado&#8221;, detalle\u00a0que evidenciar\u00eda la conducta de su cliente de querer &#8220;evitar&#8221; el terrible siniestro.\u00a0<\/p>\n\n\n\n<p>En este contexto, con m\u00e1s peritajes y testigos que pasaron por la fiscal\u00eda de\u00a0Fernando Giunta\u00a0en estas semanas, se espera\u00a0la fecha para tratar la prisi\u00f3n preventiva del en\u00f3logo, que\u00a0est\u00e1 alojado en la c\u00e1rcel\u00a0de San Felipe.<\/p>\n\n\n\n<p>Sobre la medida de coerci\u00f3n, el representante del Ministerio P\u00fablico pidi\u00f3 una pr\u00f3rroga para solicitar&nbsp;la audiencia, plazo&nbsp;que venci\u00f3&nbsp;el viernes pasado, por lo que ahora resta saber para cu\u00e1ndo se fijar\u00e1. Todo indica que ser\u00e1 en este mes de junio.&nbsp;<\/p>\n\n\n\n<p>En esta instancia se discutir\u00e1 la acusaci\u00f3n contra el\u00a0<strong>conductor<\/strong>\u00a0y posiblemente la chance de\u00a0una detenci\u00f3n domiciliaria, tal como plante\u00f3 horas despu\u00e9s del\u00a0<strong>accidente<\/strong>\u00a0su abogado, en base a que Rodr\u00edguez no ten\u00eda antecedentes penales. En cuanto al arresto en una vivienda, ya se realizaron algunas medidas para su an\u00e1lisis (la encuesta socioambiental, por ejemplo)\u00a0y se aguarda\u00a0por las pericias psicol\u00f3gicas de este hombre.<\/p>\n\n\n\n<p>En esta audiencia no solo el juez interviniente definir\u00e1&nbsp;si le corresponde o no la morigeraci\u00f3n en su situaci\u00f3n, sino tambi\u00e9n es probable que&nbsp;opine en relaci\u00f3n a la car\u00e1tula de la causa. Mientras el fiscal imput\u00f3 al detenido por homicidio simple con dolo eventual en dos hechos y en concurso real-tiene una pena de 8 a 50 a\u00f1os-, el defensor&nbsp;intentar\u00e1 demostrar que se trat\u00f3 de un homicidio culposo agravado-con condena de 3 a 6 a\u00f1os-, por la cantidad de v\u00edctimas fatales y los&nbsp;niveles de&nbsp;<strong>alcohol<\/strong>&nbsp;con los que circulaba: 2,68 gramos de&nbsp;<strong>alcohol<\/strong>&nbsp;por litro de sangre, es decir, m\u00e1s del qu\u00edntuple de lo permitido para manejar.&nbsp;<\/p>\n\n\n\n<p>A la espera de esta instancia clave, y teniendo en cuenta el avance\u00a0de las pruebas, no se descarta que pr\u00f3ximamente el sommelier\u00a0declare\u00a0por primera vez en el expediente.\u00a0<\/p>\n\n\n\n<p>En paralelo a la investigaci\u00f3n penal, este lunes, a un mes de la tragedia<strong>,<\/strong>\u00a0persiste la conmoci\u00f3n en la provincia, y este\u00a0pesar\u00a0se vio reflejado\u00a0en el homenaje que el Ministerio de Seguridad le hizo\u00a0este fin de semana al polic\u00eda Alarc\u00f3n.\u00a0<\/p>\n\n\n\n<p><strong>Fuente: www.mdzol.com<\/strong><\/p>\n","protected":false},"excerpt":{"rendered":"<p>Este lunes se cumple un mes de una de las \u00faltimas tragedias viales que conmocion\u00f3\u00a0a Mendoza. En la noche del viernes 3 de mayo un\u00a0conductor alcoholizado\u00a0atropell\u00f3 y mat\u00f3 a un polic\u00eda y a un preventor municipal de Godoy Cruz que trabajan en el operativo de un\u00a0accidente\u00a0previo en el\u00a0Acceso Sur. El hecho impact\u00f3 y se convirti\u00f3 [&hellip;]<\/p>\n","protected":false},"author":2,"featured_media":7989,"comment_status":"open","ping_status":"open","sticky":false,"template":"","format":"standard","meta":[],"categories":[48],"tags":[],"_links":{"self":[{"href":"https:\/\/pasaenmendoza.com\/index.php?rest_route=\/wp\/v2\/posts\/7988"}],"collection":[{"href":"https:\/\/pasaenmendoza.com\/index.php?rest_route=\/wp\/v2\/posts"}],"about":[{"href":"https:\/\/pasaenmendoza.com\/index.php?rest_route=\/wp\/v2\/types\/post"}],"author":[{"embeddable":true,"href":"https:\/\/pasaenmendoza.com\/index.php?rest_route=\/wp\/v2\/users\/2"}],"replies":[{"embeddable":true,"href":"https:\/\/pasaenmendoza.com\/index.php?rest_route=%2Fwp%2Fv2%2Fcomments&post=7988"}],"version-history":[{"count":1,"href":"https:\/\/pasaenmendoza.com\/index.php?rest_route=\/wp\/v2\/posts\/7988\/revisions"}],"predecessor-version":[{"id":7990,"href":"https:\/\/pasaenmendoza.com\/index.php?rest_route=\/wp\/v2\/posts\/7988\/revisions\/7990"}],"wp:featuredmedia":[{"embeddable":true,"href":"https:\/\/pasaenmendoza.com\/index.php?rest_route=\/wp\/v2\/media\/7989"}],"wp:attachment":[{"href":"https:\/\/pasaenmendoza.com\/index.php?rest_route=%2Fwp%2Fv2%2Fmedia&parent=7988"}],"wp:term":[{"taxonomy":"category","embeddable":true,"href":"https:\/\/pasaenmendoza.com\/index.php?rest_route=%2Fwp%2Fv2%2Fcategories&post=7988"},{"taxonomy":"post_tag","embeddable":true,"href":"https:\/\/pasaenmendoza.com\/index.php?rest_route=%2Fwp%2Fv2%2Ftags&post=7988"}],"curies":[{"name":"wp","href":"https:\/\/api.w.org\/{rel}","templated":true}]}}