{"id":7991,"date":"2024-06-03T23:24:09","date_gmt":"2024-06-03T21:24:09","guid":{"rendered":"https:\/\/pasaenmendoza.com\/?p=7991"},"modified":"2024-06-03T23:24:11","modified_gmt":"2024-06-03T21:24:11","slug":"como-es-el-programa-que-permite-saltar-del-secundario-al-segundo-ano-de-la-facu-en-mendoza","status":"publish","type":"post","link":"https:\/\/pasaenmendoza.com\/?p=7991","title":{"rendered":"C\u00f3mo es el programa que permite saltar del Secundario al segundo a\u00f1o de la \u201cfacu\u201d en Mendoza"},"content":{"rendered":"\n<p>En Mendoza,&nbsp;<strong>es posible pasar del \u00faltimo a\u00f1o del Secundario al segundo a\u00f1o de la facultad<\/strong>. Se trata de una herramienta destinada exclusivamente a&nbsp;<strong>alumnos de escuelas t\u00e9cnicas e institutos de Educaci\u00f3n Superior<\/strong>, con el objetivo de acortar los tiempos de estudio y lograr una r\u00e1pida salida laboral.<\/p>\n\n\n\n<p>En concreto, el denominado<em>&nbsp;\u201cSistema de cr\u00e9ditos de saberes previos\u201d<\/em>&nbsp;que implementa la Direcci\u00f3n General de Escuelas (DGE), por medio de la Direcci\u00f3n de Educaci\u00f3n Superior, permite que&nbsp;<strong>egresados de escuelas t\u00e9cnicas<\/strong>&nbsp;\u2013<mark>cuyo cursado es de seis a\u00f1os<\/mark>\u2013<strong>&nbsp;ingresen directamente al 2\u00b0 a\u00f1o de tecnicaturas como Miner\u00eda, Energ\u00edas Renovables y Software.&nbsp;<\/strong><\/p>\n\n\n\n<p>De acuerdo con la DGE, el plan&nbsp;<em>\u201cpromueve el aprendizaje continuo, la articulaci\u00f3n entre niveles y el reconocimiento de las capacidades adquiridas de los alumnos durante sus trayectos, a fin de posibilitarles avanzar en las carreras de Nivel Superior, con la acreditaci\u00f3n de los saberes necesarios\u201d.<\/em><\/p>\n\n\n\n<p>La directora de Educaci\u00f3n Superior,&nbsp;<strong>Mariela Ramos<\/strong>, explic\u00f3 que desde la gesti\u00f3n anterior se viene trabajando en este programa y&nbsp;<em>\u201clas evidencias han demostrado\u201d q<\/em>ue los egresados de escuelas t\u00e9cnicas que ingresan directamente a segundo a\u00f1o de diferentes tecnicaturas&nbsp;<em>\u201ctienen mejor trayectoria educativa que quienes vienen de primero\u201d.<\/em><\/p>\n\n\n\n<h2 class=\"wp-block-heading\" id=\"h-acortar-anos-de-estudio-no-calidad-educativa\">Acortar a\u00f1os de estudio, no calidad educativa<\/h2>\n\n\n\n<p>La metodolog\u00eda arranc\u00f3 hace un a\u00f1o, por lo que en 2025 Mendoza contar\u00e1 con los primeros egresado en el marco de este sistema ideado para facilitar la obtenci\u00f3n de una salida laboral m\u00e1s r\u00e1pida,&nbsp;<strong>algo que los propios estudiantes exigen a la hora de inclinarse por una carrera terciaria o universitaria.<\/strong><\/p>\n\n\n\n<p>De todas maneras, desde la DGE explicaron que\u00a0<mark>acortar el tiempo de estudio no est\u00e1 en l\u00ednea directa con reducir la calidad educativa.<\/mark><\/p>\n\n\n\n<p><em>\u201cLo que hacemos es tender puentes entre el Nivel Secundario y el Nivel Superior, obteniendo diferentes certificaciones que los van avalando para que puedan ejercer su profesi\u00f3n r\u00e1pidamente\u201d<\/em>, coment\u00f3&nbsp;<strong>Ramos<\/strong><em>.<\/em>&nbsp;Y agreg\u00f3:&nbsp;<em>\u201cEsto se puso en marcha sobre el trabajo de un grupo de docentes de escuelas t\u00e9cnicas junto a un grupo de docentes de institutos de Educaci\u00f3n Superior que&nbsp; acordaron los saberes y competencias necesarias para dar por aprobado el primer a\u00f1o. Estos estudiantes ingresan directamente a segundo a\u00f1o, y las evidencias han demostrado que tienen mejor trayectoria educativa que quienes vienen de primero\u201d.<\/em><\/p>\n\n\n\n<p>La funcionaria manifest\u00f3 que los resultados alcanzados han sido muy positivos.&nbsp;<em>\u201cSe trata de un sistema m\u00e1s flexible, m\u00e1s contextualizado. Se garantiza educaci\u00f3n de calidad equivalente para todos los estudiantes, adem\u00e1s, se les brinda jerarquizaci\u00f3n\u201d<\/em>, dijo Ramos.<\/p>\n\n\n\n<h2 class=\"wp-block-heading\" id=\"h-la-educacion-del-futuro\">La educaci\u00f3n del futuro<\/h2>\n\n\n\n<p>Teniendo en cuenta que los j\u00f3venes hoy se inclinan por carreras cortas, pero con salida laboral inmediata,<mark>&nbsp;el sistema educativo de Mendoza apunta a reestructurar las metodolog\u00edas de ense\u00f1anza en todos los \u00e1mbitos y orientaciones.<\/mark><\/p>\n\n\n\n<p><em>\u201cEs necesario que tanto en la ense\u00f1anza Superior, como la universitaria y no universitaria empiecen a pensar en un modelo de cr\u00e9ditos en donde cada persona tenga la posibilidad de transitar, a trav\u00e9s de la vida laboral y profesional, en formaciones con esos cr\u00e9ditos y que la suma de \u00e9stos permitan certificar sus capacidades\u201d,<\/em>&nbsp;agreg\u00f3 la titular de Educaci\u00f3n Superior.<\/p>\n\n\n\n<p><mark>La idea a futuro es que las escuelas orientadas tambi\u00e9n puedan aplicar este tipo de sistemas<\/mark>, pero para ello, es necesario trabajar el recorrido que el estudiante va realizando.<\/p>\n\n\n\n<p><em>\u201cAc\u00e1 se busca que el camino que transita el estudiante entre un nivel y el otro sea m\u00e1s amigable, sin perder la calidad educativa, algo que ha quedado demostrado por la excelencia que se observa en la trayectoria de los estudiantes\u201d<\/em>, cerr\u00f3.<\/p>\n\n\n\n<p><strong>Fuente: www.elsol.com.ar<\/strong><\/p>\n","protected":false},"excerpt":{"rendered":"<p>En Mendoza,&nbsp;es posible pasar del \u00faltimo a\u00f1o del Secundario al segundo a\u00f1o de la facultad. Se trata de una herramienta destinada exclusivamente a&nbsp;alumnos de escuelas t\u00e9cnicas e institutos de Educaci\u00f3n Superior, con el objetivo de acortar los tiempos de estudio y lograr una r\u00e1pida salida laboral. En concreto, el denominado&nbsp;\u201cSistema de cr\u00e9ditos de saberes previos\u201d&nbsp;que [&hellip;]<\/p>\n","protected":false},"author":2,"featured_media":7992,"comment_status":"open","ping_status":"open","sticky":false,"template":"","format":"standard","meta":[],"categories":[56],"tags":[],"_links":{"self":[{"href":"https:\/\/pasaenmendoza.com\/index.php?rest_route=\/wp\/v2\/posts\/7991"}],"collection":[{"href":"https:\/\/pasaenmendoza.com\/index.php?rest_route=\/wp\/v2\/posts"}],"about":[{"href":"https:\/\/pasaenmendoza.com\/index.php?rest_route=\/wp\/v2\/types\/post"}],"author":[{"embeddable":true,"href":"https:\/\/pasaenmendoza.com\/index.php?rest_route=\/wp\/v2\/users\/2"}],"replies":[{"embeddable":true,"href":"https:\/\/pasaenmendoza.com\/index.php?rest_route=%2Fwp%2Fv2%2Fcomments&post=7991"}],"version-history":[{"count":1,"href":"https:\/\/pasaenmendoza.com\/index.php?rest_route=\/wp\/v2\/posts\/7991\/revisions"}],"predecessor-version":[{"id":7993,"href":"https:\/\/pasaenmendoza.com\/index.php?rest_route=\/wp\/v2\/posts\/7991\/revisions\/7993"}],"wp:featuredmedia":[{"embeddable":true,"href":"https:\/\/pasaenmendoza.com\/index.php?rest_route=\/wp\/v2\/media\/7992"}],"wp:attachment":[{"href":"https:\/\/pasaenmendoza.com\/index.php?rest_route=%2Fwp%2Fv2%2Fmedia&parent=7991"}],"wp:term":[{"taxonomy":"category","embeddable":true,"href":"https:\/\/pasaenmendoza.com\/index.php?rest_route=%2Fwp%2Fv2%2Fcategories&post=7991"},{"taxonomy":"post_tag","embeddable":true,"href":"https:\/\/pasaenmendoza.com\/index.php?rest_route=%2Fwp%2Fv2%2Ftags&post=7991"}],"curies":[{"name":"wp","href":"https:\/\/api.w.org\/{rel}","templated":true}]}}