{"id":7995,"date":"2024-06-03T23:29:24","date_gmt":"2024-06-03T21:29:24","guid":{"rendered":"https:\/\/pasaenmendoza.com\/?p=7995"},"modified":"2024-06-03T23:29:54","modified_gmt":"2024-06-03T21:29:54","slug":"el-cambio-de-regimen-para-los-licenciados-en-enfermeria-que-enfrenta-a-ampros-con-el-gobierno","status":"publish","type":"post","link":"https:\/\/pasaenmendoza.com\/?p=7995","title":{"rendered":"El cambio de r\u00e9gimen para los licenciados en Enfermer\u00eda que enfrenta a AMPROS con el Gobierno"},"content":{"rendered":"\n<p>Esta semana podr\u00eda tensarse a\u00fan m\u00e1s el conflicto entre la Asociaci\u00f3n Mendocina de Profesionales de la Salud (<strong>AMPROS<\/strong>) y el&nbsp;<strong>Gobierno de Mendoza<\/strong>, tensi\u00f3n que se origin\u00f3 por el proyecto que introduce&nbsp;<strong>cambios en las funciones de los licenciados de Enfermer\u00eda<\/strong>&nbsp;y que frena el ascenso a una mayor jerarqu\u00eda en el \u00e1mbito de la salud p\u00fablica.<\/p>\n\n\n\n<p>Luego de su media sanci\u00f3n en el Senado, en los pr\u00f3ximos d\u00edas tendr\u00e1 tratamiento para su sanci\u00f3n definitiva en la C\u00e1mara de Diputados. La sesi\u00f3n no pasar\u00e1 desapercibida porque AMPROS contin\u00faa con las jornadas de sensibilizaci\u00f3n para impedir que se convierta en una norma. Desde&nbsp;<strong>ya anticiparon que recurirr\u00e1n a la Justicia.<\/strong><\/p>\n\n\n\n<p>Las modificaciones en el r\u00e9gimen de los licenciados en Enfermer\u00eda fue uno de los planteos que se introdujo en el paquete de cambios en la salud, que present\u00f3 a principios de a\u00f1o el propio gobernador Alfredo Cornejo, junto al ministro de Salud, Rodolfo Montero.<\/p>\n\n\n\n<p>El presidente de la Comisi\u00f3n de Salud del Senado,&nbsp;<strong>Abel Freidemberg,<\/strong> defendi\u00f3 la intenci\u00f3n del Ejecutivo de &#8220;<strong>privilegiar al recurso humano que necesita el sistema de salud<\/strong>, por encima de la oferta\u201d.<\/p>\n\n\n\n<p>Presidente de la Comisi\u00f3n de Salud en el Senado, Abel Freidemberg.<\/p>\n\n\n\n<p>Freidemberg aclar\u00f3 que los cambios buscan que los profesionales de enfermer\u00eda que est\u00e1n en el r\u00e9gimen 15 pasen al 27, no porque obtienen un t\u00edtulo de grado sino porque&nbsp;<strong>se abre un concurso&nbsp;<\/strong>o porque logran integrarse a los equipos de \u00e1reas cr\u00edticas.<\/p>\n\n\n\n<h2 class=\"wp-block-heading\"><strong>La defensa de los cambios en las funciones de los licenciados en Enfermer\u00eda<\/strong><\/h2>\n\n\n\n<p>&#8220;Hablo como m\u00e9dico y como legislador.<strong>&nbsp;Se est\u00e1 sincerando el recurso humano en salud<\/strong>. La realidad es que muchos profesionales de enfermer\u00eda continuaron estudios y hoy son licenciados, pero el Estado tiene el derecho, como cualquier otro empleador de cubrir puestos en funci\u00f3n de las necesidades del sistema\u201d, sent\u00f3 su posici\u00f3n.<\/p>\n\n\n\n<p>Y aclar\u00f3: &#8220;Pueden seguirse capacitando, lo que es muy v\u00e1lido y necesario, pero el sistema requiere que un cierto cupo de&nbsp;<strong>enfermeros contin\u00faen en \u00e1reas de cuidados primarios integrando los equipos<\/strong>, pero no todos deben ser los que lo lideren. Habr\u00e1 algunos que gerencien, en la medida que se abran los concursos\u201d.<\/p>\n\n\n\n<p>Una realidad de los hospitales p\u00fablicos es que los enfermeros cumplen una mayor carga horaria que quienes trabajan en \u00e1reas de administraci\u00f3n y est\u00e1n bajo el r\u00e9gimen 27.<\/p>\n\n\n\n<p>Al ser consultado si el Estado generar\u00e1 ahorro en este l\u00edmite de pase a una mayor jerarqu\u00eda y salarios, el ex candidato a intendente de San Rafael respondi\u00f3: &#8220;<strong>No ser\u00e1 necesariamente un ahorro sino una correcta asignaci\u00f3n<\/strong>, donde m\u00e1s se necesitan los recursos\u201d.<\/p>\n\n\n\n<p>Y resalt\u00f3 que &#8220;faltan enfermeros. Vuelvo a repetir que<strong>&nbsp;no todos deben liderar equipos,<\/strong>&nbsp;sino que tambi\u00e9n necesitamos aquellos que est\u00e1n en la trinchera, como en los centros de salud, entre otros \u00e1mbitos&#8221;.<\/p>\n\n\n\n<h2 class=\"wp-block-heading\"><strong>Se regulan las funciones de los licenciados en Enfermer\u00eda<\/strong><\/h2>\n\n\n\n<p>Seg\u00fan la explicaci\u00f3n del Ejecutivo, con este proyecto<strong>&nbsp;se establecen las funciones espec\u00edficas de los licenciados en Enfermer\u00eda<\/strong>&nbsp;que ejerzan su profesi\u00f3n en el territorio provincial. Y las competencias ser\u00e1n marcadas por el Ministerio de Salud y Deportes.<\/p>\n\n\n\n<p>Al someterse el proyecto a votaci\u00f3n, fue acompa\u00f1ado por 20 votos a favor y 17 en contra, por lo que ahora deber\u00e1 ser tratado por la C\u00e1mara de Diputados.<\/p>\n\n\n\n<p>Seg\u00fan explicaron fuentes de la cartera de Rodolfo Montero, se buscan crear las condiciones necesarias para garantizar una atenci\u00f3n de enfermer\u00eda personalizada y libre de riesgos en los diferentes niveles del sistema de salud. Entre las funciones espec\u00edficas establecidas por la ley&nbsp;<strong>se encuentran el gerenciamiento de servicios de enfermer\u00eda, la planificaci\u00f3n y evaluaci\u00f3n de proyectos de salud, el dise\u00f1o de programas de higiene y seguridad en el trabajo<\/strong>, entre otros.<\/p>\n\n\n\n<p>Adem\u00e1s, se establece que los licenciados en Enfermer\u00eda deben realizar todas aquellas funciones permitidas a los Enfermeros Profesionales y Auxiliares de Enfermer\u00eda. La certificaci\u00f3n de las funciones ser\u00e1 emitida por la Direcci\u00f3n de Recursos Humanos del Ministerio de Salud y Deportes, y la reglamentaci\u00f3n de la ley estar\u00e1 a cargo del mismo ministerio en un plazo m\u00e1ximo de 60 d\u00edas desde su promulgaci\u00f3n.<\/p>\n\n\n\n<p>AMPROS lleva adelante jornadas de lucha frente a la Legislatura.<\/p>\n\n\n\n<h2 class=\"wp-block-heading\">AMPROS apunt\u00f3 que el proyecto destruye la carrera de los enfermeros<\/h2>\n\n\n\n<p>El secretario gremial de AMPROS,&nbsp;<strong>Rodrigo Dom\u00ednguez,&nbsp;<\/strong>alz\u00f3 la voz frente al proyecto que establece las funciones de los licenciados en Enfermer\u00eda y record\u00f3 que el pase de licenciados del r\u00e9gimen 15 al 27, \u201cen ocasiones anteriores&nbsp;<strong>se logr\u00f3 v\u00eda judicial no en paritarias<\/strong>, como deber\u00eda haber sido\u201d.<\/p>\n\n\n\n<p>&#8220;Lo que viene a hacer esta propuesta es a&nbsp;<strong>destruir la carrera del licenciado en Enfermer\u00eda<\/strong>. Limita el t\u00edtulo y al decir que quienes tienen mayor formaci\u00f3n s\u00f3lo deben cumplir tareas de gerencia o desempe\u00f1arse en una terapia intensiva. Hoy el licenciado que est\u00e1 en un centro de salud tambi\u00e9n ofrece mejores servicios al contar con mayor capacitaci\u00f3n\u201d, cuestion\u00f3.<\/p>\n\n\n\n<p>Con estas modificaciones, seg\u00fan analiz\u00f3 AMPROS,&nbsp;<strong>se har\u00e1 m\u00e1s dif\u00edcil acceder a una mayor jerarqu\u00eda<\/strong>&nbsp;y a puestos mejor remunerados, &#8220;porque ahora ser\u00e1 Recursos Humanos el que lo va a decidir&#8221;.<\/p>\n\n\n\n<p>Y dispar\u00f3: &#8220;Vamos a hacer las presentaciones que sean necesarias ante la Justicia. Hay una restricci\u00f3n para el \u00e1rea de trabajo de los l<strong>icenciados en Enfermer\u00eda solo a servicios cerrados y de mayor complejidad<\/strong>, siendo que en la actualidad est\u00e1 la mayor cantidad de este recurso,&nbsp;<strong>en esos servicios, como as\u00ed tambi\u00e9n en atenci\u00f3n primaria<\/strong>, postas sanitarias, internaci\u00f3n y consultorios ambulatorios de hospitales&#8221;. Y sum\u00f3, &#8220;tal limitaci\u00f3n afectar\u00eda a\u00fan m\u00e1s el&nbsp;<strong>d\u00e9ficit de estos profesionales en los distintos lugares<\/strong>, ya que prestan servicios en todos los niveles de atenci\u00f3n de la salud&#8221;.<\/p>\n\n\n\n<p>Tambi\u00e9n las modificaciones ser\u00e1n contraproducentes para el \u00e9xodo a la parte privada, advirtieron desde el gremio que nuclea a los profesionales de la Salud.<\/p>\n\n\n\n<p><strong>Fuente: www.diariouno.com.ar<\/strong><\/p>\n","protected":false},"excerpt":{"rendered":"<p>Esta semana podr\u00eda tensarse a\u00fan m\u00e1s el conflicto entre la Asociaci\u00f3n Mendocina de Profesionales de la Salud (AMPROS) y el&nbsp;Gobierno de Mendoza, tensi\u00f3n que se origin\u00f3 por el proyecto que introduce&nbsp;cambios en las funciones de los licenciados de Enfermer\u00eda&nbsp;y que frena el ascenso a una mayor jerarqu\u00eda en el \u00e1mbito de la salud p\u00fablica. Luego [&hellip;]<\/p>\n","protected":false},"author":2,"featured_media":7996,"comment_status":"open","ping_status":"open","sticky":false,"template":"","format":"standard","meta":[],"categories":[50],"tags":[],"_links":{"self":[{"href":"https:\/\/pasaenmendoza.com\/index.php?rest_route=\/wp\/v2\/posts\/7995"}],"collection":[{"href":"https:\/\/pasaenmendoza.com\/index.php?rest_route=\/wp\/v2\/posts"}],"about":[{"href":"https:\/\/pasaenmendoza.com\/index.php?rest_route=\/wp\/v2\/types\/post"}],"author":[{"embeddable":true,"href":"https:\/\/pasaenmendoza.com\/index.php?rest_route=\/wp\/v2\/users\/2"}],"replies":[{"embeddable":true,"href":"https:\/\/pasaenmendoza.com\/index.php?rest_route=%2Fwp%2Fv2%2Fcomments&post=7995"}],"version-history":[{"count":2,"href":"https:\/\/pasaenmendoza.com\/index.php?rest_route=\/wp\/v2\/posts\/7995\/revisions"}],"predecessor-version":[{"id":7998,"href":"https:\/\/pasaenmendoza.com\/index.php?rest_route=\/wp\/v2\/posts\/7995\/revisions\/7998"}],"wp:featuredmedia":[{"embeddable":true,"href":"https:\/\/pasaenmendoza.com\/index.php?rest_route=\/wp\/v2\/media\/7996"}],"wp:attachment":[{"href":"https:\/\/pasaenmendoza.com\/index.php?rest_route=%2Fwp%2Fv2%2Fmedia&parent=7995"}],"wp:term":[{"taxonomy":"category","embeddable":true,"href":"https:\/\/pasaenmendoza.com\/index.php?rest_route=%2Fwp%2Fv2%2Fcategories&post=7995"},{"taxonomy":"post_tag","embeddable":true,"href":"https:\/\/pasaenmendoza.com\/index.php?rest_route=%2Fwp%2Fv2%2Ftags&post=7995"}],"curies":[{"name":"wp","href":"https:\/\/api.w.org\/{rel}","templated":true}]}}