{"id":7999,"date":"2024-06-03T23:37:03","date_gmt":"2024-06-03T21:37:03","guid":{"rendered":"https:\/\/pasaenmendoza.com\/?p=7999"},"modified":"2024-06-03T23:37:04","modified_gmt":"2024-06-03T21:37:04","slug":"en-la-ciudad-de-mendoza-se-duplico-la-apertura-de-locales-comerciales-respecto-a-las-bajas","status":"publish","type":"post","link":"https:\/\/pasaenmendoza.com\/?p=7999","title":{"rendered":"En la Ciudad de Mendoza se duplic\u00f3 la apertura de locales comerciales respecto a las bajas"},"content":{"rendered":"\n<p>Un estudio econ\u00f3mico de la<strong>\u00a0Ciudad de Mendoza<\/strong>\u00a0arroj\u00f3 que<strong>\u00a0se duplic\u00f3 la apertura de locales comerciales<\/strong>, desde el 1 de enero al 30 de abril del 2024,\u00a0<strong>con respecto a las bajas<\/strong>, algo que se destac\u00f3 desde la Municipalidad de Capital por la iniciativa privada y las pol\u00edticas de sostenimiento del intendente Ulpiano Suarez.<\/p>\n\n\n\n<p>Siguiendo el informe desde el&nbsp;<strong>1<\/strong>&nbsp;<strong>enero al 30 de abril se habilitaron 274 nuevos comercios&nbsp;<\/strong>y cerraron 143 en el mismo per\u00edodo.<\/p>\n\n\n\n<p>Los n\u00fameros del 2023 arrojan que para esta altura, el panorama era similar con altas que se manten\u00edan en un saldo positivo con respecto a las bajas.<\/p>\n\n\n\n<p>La tendencia en las aperturas son los\u00a0<strong>almacenes de cercan\u00eda,<\/strong>\u00a0tanto de las grandes cadenas de supermercados, como de emprendedores de Mendoza.\u00a0<strong>Tambi\u00e9n caf\u00e9s y restaurantes<\/strong>.<\/p>\n\n\n\n<p>En 2023 hubo 806 nuevos comercios que se instalaron en la Capital de Mendoza y bajaron sus persianas 336.<\/p>\n\n\n\n<p>El intendente\u00a0<strong>Suarez<\/strong>\u00a0afirm\u00f3 que &#8220;las altas duplican a las bajas, la curva es similar al a\u00f1o pasado y nuestra intenci\u00f3n es que\u00a0<strong>terminemos el a\u00f1o de esta misma manera<\/strong>&#8220;.<\/p>\n\n\n\n<figure class=\"wp-block-image\"><img decoding=\"async\" src=\"https:\/\/media.diariouno.com.ar\/p\/64e46b9af1c067a9d00038e6a845aff9\/adjuntos\/298\/imagenes\/009\/346\/0009346445\/1200x0\/smart\/altas-y-bajas-comerciales-la-ciudad-mendoza.jpeg\" alt=\"\" title=\"\"\/><\/figure>\n\n\n\n<p>El jefe comunal admiti\u00f3 que se siente el impacto de la crisis econ\u00f3mica y as\u00ed como hay&nbsp;<strong>nuevos emprendimientos y capitales que invierten en Mendoza, tambi\u00e9n se da la contrapartida de los cierres<\/strong>, incluso de los despidos.<\/p>\n\n\n\n<p>&#8220;Todas nuestras pol\u00edticas est\u00e1n enfocadas en acompa\u00f1ar el comercio con un tablero, donde monitoreamos la\u00a0<strong>zona donde crece la actividad comercial y lo que apuntamos es a mejorar el clima de negocios\u00a0<\/strong>con incentivos, con\u00a0<strong>beneficios impositivos\u00a0<\/strong>que s\u00ed lo podemos hacer desde el gobierno municipal, mientras tanto estamos con muchas expectativas de que mejoren los indicadores a nivel nacional\u201d, se explay\u00f3 Suarez.<\/p>\n\n\n\n<p>En tal sentido afirm\u00f3 que se trabaja en los puntos calientes del microcentro como son las calles C\u00f3rdoba, Patricias Mendocinas, Godoy Cruz, Col\u00f3n y Belgrano.<\/p>\n\n\n\n<h2 class=\"wp-block-heading\"><strong>Ciudad activa, un programa de fomento a los comercios<\/strong><\/h2>\n\n\n\n<p>Entre los programas que destac\u00f3 el intendente hizo especial hincapi\u00e9 en Ciudad Activa, que es un programa de la Ciudad de Mendoza que busca fomentar la inversi\u00f3n privada, la creaci\u00f3n de empleo y el desarrollo urbano sostenible. El programa se basa en tres ejes principales:<\/p>\n\n\n\n<ul>\n<li><strong>Promoci\u00f3n de la inversi\u00f3n privada:<\/strong>&nbsp;se ofrecen exenciones de la tasa de comercio para nuevos locales comerciales, seg\u00fan la zona. Por ejemplo, en la Zona Oeste, los nuevos locales comerciales est\u00e1n exentos del 100% de la tasa durante el primer a\u00f1o y del 50% durante el segundo.<\/li>\n\n\n\n<li><strong>Fomento de la creaci\u00f3n de empleo genuino.<\/strong><\/li>\n\n\n\n<li><strong>Fortalecimiento del desarrollo urbano sostenible.<\/strong><\/li>\n<\/ul>\n\n\n\n<p>Suarez recalc\u00f3 que se trabaja en ofrecer alternativas para mejorar la sostenibilidad de los comercios, pensando en su realidad y c\u00f3mo pueden adaptarse a la vida que tiene la urbe.<\/p>\n\n\n\n<p>&#8220;Lo que nosotros estamos planteando es el horario corrido por los beneficios que tiene en materia de ahorro energ\u00e9tico, por la econom\u00eda para el empleado de comercio que tiene que viajar varias veces en el d\u00eda y por supuesto para el turista que quiere aprovechar el d\u00eda\u201d, manifest\u00f3.<\/p>\n\n\n\n<p>Se est\u00e1 promoviendo esta idea y hay un consenso en el 70% de los locales, sobre todo la zona comercial m\u00e1s transitada.<\/p>\n\n\n\n<p>La Ciuidad de Mendoza quiere potenciar a las galer\u00edas del centro, como la Piazza.<\/p>\n\n\n\n<p>&#8220;Como intendente voy a bregar para que haya acuerdo y lo podamos implementar es una de las acciones que estamos llevando para sostener y acompa\u00f1ar el comercio que aporta el 19% al total del Producto Bruto Interno de la provincia\u201d, recalc\u00f3.<\/p>\n\n\n\n<p>La idea fue bien recibida tambi\u00e9n desde el Centro de Empleados de Comercio (CEC) y pidieron que se respetaran los horarios de almuerzo.<\/p>\n\n\n\n<h2 class=\"wp-block-heading\"><strong>Impulso a la actividad en las galer\u00edas<\/strong><\/h2>\n\n\n\n<p>Tambi\u00e9n como otra de las acciones para potenciar las ventas y el sostenimiento de la actividad comercial, el radical mencion\u00f3 el impulso a las galer\u00edas.<\/p>\n\n\n\n<p>&#8220;El&nbsp;<strong>diferencial que tiene el centro comercial a cielo abierto de la Ciudad<\/strong>, es que mientras se pueden recorrer los locales, mirar vidrieras se pueden disfrutar de las calles, de las plazas y de los servicios. Es algo totalmente distinto a lo que ofrece un shopping que es igual en cualquier parte del mundo\u201d, opin\u00f3 Suarez.<\/p>\n\n\n\n<p>Estas acciones se agregan a la iniciativa de&nbsp;<strong>degustaciones, espect\u00e1culos art\u00edsticos, intervenciones, sorteos y descuentos<\/strong>. Estas fueron las atracciones que tuvo Vino a la Piazza, para fomentar el desarrollo comercial en las galer\u00edas.<\/p>\n\n\n\n<p>&#8220;Desde el municipio seguimos comprometidos con el desarrollo comercial.&nbsp;<strong>Estamos impulsando la actividad en las galer\u00edas<\/strong>&nbsp;de la Ciudad, con espect\u00e1culos art\u00edsticos y atractivas promociones. Adem\u00e1s presentamos &#8216;El d\u00eda de las galer\u00edas&#8217;, un programa que permitir\u00e1 todos los martes disfrutar de descuentos desde el 15% en la Galer\u00eda Piazza. Invitamos a las dem\u00e1s galer\u00edas a sumarse a esta iniciativa\u201d, cerr\u00f3 el intendente.<\/p>\n\n\n\n<h2 class=\"wp-block-heading\"><strong>La crisis cal\u00f3 hondo en las ventas y en la p\u00e9rdida de empleos<\/strong><\/h2>\n\n\n\n<p>Esta semana el titular del CEC,&nbsp;<strong>Fernando Ligorria<\/strong>, asegur\u00f3 que al menos&nbsp;<strong>70 personas perdieron sus fuentes laborales en el sector del comercio<\/strong>. Ligorria alert\u00f3 al comparar estos n\u00fameros con el 2023 y afirm\u00f3 que la crisis se evidencia en un 20% por encima del per\u00edodo anterior.<\/p>\n\n\n\n<p>Por su parte, C\u00e1mara Empresaria de Comercio, Industria, Turismo y Servicios, Adri\u00e1n Al\u00edn, analiz\u00f3 que la situaci\u00f3n econ\u00f3mica es mala y esto se refleja en la ca\u00edda de las ventas.<\/p>\n\n\n\n<p>Al\u00edn recalc\u00f3 que hay que sumar los costos de los servicios y los alquileres, por lo que\u00a0<strong>la problem\u00e1tica del sector es diversa<\/strong>.<\/p>\n\n\n\n<p><strong>Fuente: www.diariouno.com.ar<\/strong><\/p>\n","protected":false},"excerpt":{"rendered":"<p>Un estudio econ\u00f3mico de la\u00a0Ciudad de Mendoza\u00a0arroj\u00f3 que\u00a0se duplic\u00f3 la apertura de locales comerciales, desde el 1 de enero al 30 de abril del 2024,\u00a0con respecto a las bajas, algo que se destac\u00f3 desde la Municipalidad de Capital por la iniciativa privada y las pol\u00edticas de sostenimiento del intendente Ulpiano Suarez. Siguiendo el informe desde [&hellip;]<\/p>\n","protected":false},"author":2,"featured_media":8000,"comment_status":"open","ping_status":"open","sticky":false,"template":"","format":"standard","meta":[],"categories":[112],"tags":[],"_links":{"self":[{"href":"https:\/\/pasaenmendoza.com\/index.php?rest_route=\/wp\/v2\/posts\/7999"}],"collection":[{"href":"https:\/\/pasaenmendoza.com\/index.php?rest_route=\/wp\/v2\/posts"}],"about":[{"href":"https:\/\/pasaenmendoza.com\/index.php?rest_route=\/wp\/v2\/types\/post"}],"author":[{"embeddable":true,"href":"https:\/\/pasaenmendoza.com\/index.php?rest_route=\/wp\/v2\/users\/2"}],"replies":[{"embeddable":true,"href":"https:\/\/pasaenmendoza.com\/index.php?rest_route=%2Fwp%2Fv2%2Fcomments&post=7999"}],"version-history":[{"count":1,"href":"https:\/\/pasaenmendoza.com\/index.php?rest_route=\/wp\/v2\/posts\/7999\/revisions"}],"predecessor-version":[{"id":8001,"href":"https:\/\/pasaenmendoza.com\/index.php?rest_route=\/wp\/v2\/posts\/7999\/revisions\/8001"}],"wp:featuredmedia":[{"embeddable":true,"href":"https:\/\/pasaenmendoza.com\/index.php?rest_route=\/wp\/v2\/media\/8000"}],"wp:attachment":[{"href":"https:\/\/pasaenmendoza.com\/index.php?rest_route=%2Fwp%2Fv2%2Fmedia&parent=7999"}],"wp:term":[{"taxonomy":"category","embeddable":true,"href":"https:\/\/pasaenmendoza.com\/index.php?rest_route=%2Fwp%2Fv2%2Fcategories&post=7999"},{"taxonomy":"post_tag","embeddable":true,"href":"https:\/\/pasaenmendoza.com\/index.php?rest_route=%2Fwp%2Fv2%2Ftags&post=7999"}],"curies":[{"name":"wp","href":"https:\/\/api.w.org\/{rel}","templated":true}]}}