{"id":800,"date":"2023-08-18T13:52:19","date_gmt":"2023-08-18T11:52:19","guid":{"rendered":"https:\/\/pasaenmendoza.com\/?p=800"},"modified":"2023-08-18T13:52:20","modified_gmt":"2023-08-18T11:52:20","slug":"tras-el-aumento-de-ypf-los-precios-de-todas-las-naftas-se-congelaran-hasta-el-31-de-octubre","status":"publish","type":"post","link":"https:\/\/pasaenmendoza.com\/?p=800","title":{"rendered":"Tras el aumento de YPF los precios de todas las naftas se congelar\u00e1n hasta el 31 de octubre"},"content":{"rendered":"\n<p>Cuando se especulaba que era inminente que YPF se sumar\u00eda al\u00a0aumento del 12,5% en el precio de los combustibles l\u00edquidos que aplicaron las petroleras privadas, este juevesel ministro de Econom\u00eda de la Naci\u00f3n Sergio Massa realiz\u00f3 un anuncio: confirm\u00f3<strong>\u00a0que no habr\u00e1 otro<\/strong>\u00a0<strong>aumento de las naftas<\/strong>\u00a0hasta el pr\u00f3ximo mes de noviembre.<\/p>\n\n\n\n<p>Luego de tres d\u00edas de un aumento del 12,5% de los combustibles por las empresas petroleras privadas, y cuando se estudiaba que desde la medianoche de este jueves se sumar\u00eda a la medida la empresa petrolera estatal YPF, cerca de las 20.30 el ministro&nbsp;<strong>Sergio Massa<\/strong>&nbsp;realiz\u00f3 una conferencia de prensa y anunci\u00f3 que&nbsp;<strong>YPF se sum\u00f3 a esta suba de los combustible, pero que ser\u00e1 la \u00faltima, y los precios quedar\u00e1n congelados hasta el 31 de octubre pr\u00f3ximo<\/strong>.<\/p>\n\n\n\n<p>La decisi\u00f3n fue acordada por las autoridades con las principales empresas del sector, dijo Massa en una presentaci\u00f3n p\u00fablica.<\/p>\n\n\n\n<p>El jefe del Palacio de Hacienda expres\u00f3 que &#8220;este fue un acuerdo entre los productores, refinadores, la Secretar\u00eda de Energ\u00eda, Aduanas y la AFIP e implica que el aumento del 12,5% en todas las estaciones de servicio ser\u00e1 el \u00faltimo hasta el 31 de octubre y entramos en un sendero en el cual&nbsp;<strong>no habr\u00e1 m\u00e1s incrementos de combustibles,&nbsp;<\/strong>producto de una decisi\u00f3n en la cual el impacto de la devaluaci\u00f3n la termina asumiendo el consumidor, una parte las empresas y una parte el Estado que va a resignar parte de los recursos que pagan las empresas&#8221;.<\/p>\n\n\n\n<p>Massa a\u00f1adi\u00f3 que &#8220;la industria del petr\u00f3leo y gas en la Argentina es uno de los grandes tractores que tenemos en el pa\u00eds, parte de la ca\u00edda en la actividad que tuvimos por la sequ\u00eda, se ve compensada por el notable aumento de la industria del gas y el petr\u00f3leo&#8221;.<\/p>\n\n\n\n<h2 class=\"wp-block-heading\">Acuerdo de precios<\/h2>\n\n\n\n<p>En el encuentro, estuvieron la secretaria de Energ\u00eda Flavia Roy\u00f3n; Pablo Gonz\u00e1lez y Pablo Iuliano (YPF); Marcos Bulgheroni; Adri\u00e1n Vila (Pluspetrol); Emilio Nadra y Rodrigo Fern\u00e1ndez Deleo (CGC); Francisco Villamil (Vista); Ricardo Markous (Tecpetrol); Santiago Patr\u00f3n Costas (Pampa Energy) y Gustavo Scarini (PCR).<\/p>\n\n\n\n<p>Las empresas Shell y Puma aumentaron el mi\u00e9rcoles 12,5% promedio el precio de sus naftas y diesel, como consecuencia de la devaluaci\u00f3n de 21,6% del tipo de cambio que qued\u00f3 en 350 pesos por d\u00f3lar.<\/p>\n\n\n\n<p>De acuerdo con lo confirmado por ambas empresas, este es el segundo aumento de los combustibles en el mes, ya que el 1 de agosto, las diferentes marcas subieron 4,5% los precios.<\/p>\n\n\n\n<p>As\u00ed,\u00a0<strong>los combustibles l\u00edquidos acumularon un ajuste de 17,56% en agosto<\/strong>.<\/p>\n\n\n\n<p>Las cuatro compa\u00f1\u00edas acordaron en noviembre del a\u00f1o pasado el ingreso al programa Precios Justos, por el que se comprometieron a subas mensuales de 4% en una primera etapa y 4,5% en una segunda etapa que se extendi\u00f3 hasta este mes.<\/p>\n\n\n\n<p>El convenio que se alcanz\u00f3 el a\u00f1o pasado fue firmado por las empresas YPF, Pan American Energy (Axion), Raizen (Shell) y Trafigura (Puma), las que en conjunto dominan casi el 95% del mercado de combustibles.<\/p>\n\n\n\n<p>Tambi\u00e9n a principios de este mes, la Secretar\u00eda de Energ\u00eda autoriz\u00f3 un aumento de 15,22% en el precio de adquisici\u00f3n del litro de bioetanol, tanto para los elaborados a base de ca\u00f1a de az\u00facar como los de ma\u00edz, a trav\u00e9s de la Resoluci\u00f3n 631\/2023.<\/p>\n\n\n\n<p><strong>Fuente: www.diariouno.com.ar<\/strong><\/p>\n","protected":false},"excerpt":{"rendered":"<p>Cuando se especulaba que era inminente que YPF se sumar\u00eda al\u00a0aumento del 12,5% en el precio de los combustibles l\u00edquidos que aplicaron las petroleras privadas, este juevesel ministro de Econom\u00eda de la Naci\u00f3n Sergio Massa realiz\u00f3 un anuncio: confirm\u00f3\u00a0que no habr\u00e1 otro\u00a0aumento de las naftas\u00a0hasta el pr\u00f3ximo mes de noviembre. Luego de tres d\u00edas de [&hellip;]<\/p>\n","protected":false},"author":2,"featured_media":801,"comment_status":"open","ping_status":"open","sticky":false,"template":"","format":"standard","meta":[],"categories":[49],"tags":[],"_links":{"self":[{"href":"https:\/\/pasaenmendoza.com\/index.php?rest_route=\/wp\/v2\/posts\/800"}],"collection":[{"href":"https:\/\/pasaenmendoza.com\/index.php?rest_route=\/wp\/v2\/posts"}],"about":[{"href":"https:\/\/pasaenmendoza.com\/index.php?rest_route=\/wp\/v2\/types\/post"}],"author":[{"embeddable":true,"href":"https:\/\/pasaenmendoza.com\/index.php?rest_route=\/wp\/v2\/users\/2"}],"replies":[{"embeddable":true,"href":"https:\/\/pasaenmendoza.com\/index.php?rest_route=%2Fwp%2Fv2%2Fcomments&post=800"}],"version-history":[{"count":1,"href":"https:\/\/pasaenmendoza.com\/index.php?rest_route=\/wp\/v2\/posts\/800\/revisions"}],"predecessor-version":[{"id":802,"href":"https:\/\/pasaenmendoza.com\/index.php?rest_route=\/wp\/v2\/posts\/800\/revisions\/802"}],"wp:featuredmedia":[{"embeddable":true,"href":"https:\/\/pasaenmendoza.com\/index.php?rest_route=\/wp\/v2\/media\/801"}],"wp:attachment":[{"href":"https:\/\/pasaenmendoza.com\/index.php?rest_route=%2Fwp%2Fv2%2Fmedia&parent=800"}],"wp:term":[{"taxonomy":"category","embeddable":true,"href":"https:\/\/pasaenmendoza.com\/index.php?rest_route=%2Fwp%2Fv2%2Fcategories&post=800"},{"taxonomy":"post_tag","embeddable":true,"href":"https:\/\/pasaenmendoza.com\/index.php?rest_route=%2Fwp%2Fv2%2Ftags&post=800"}],"curies":[{"name":"wp","href":"https:\/\/api.w.org\/{rel}","templated":true}]}}