{"id":8005,"date":"2024-06-04T14:34:23","date_gmt":"2024-06-04T12:34:23","guid":{"rendered":"https:\/\/pasaenmendoza.com\/?p=8005"},"modified":"2024-06-04T14:34:24","modified_gmt":"2024-06-04T12:34:24","slug":"martes-muy-frio-a-la-manana-pero-a-la-tarde-afloja","status":"publish","type":"post","link":"https:\/\/pasaenmendoza.com\/?p=8005","title":{"rendered":"Martes muy fr\u00edo a la ma\u00f1ana pero a la tarde afloja"},"content":{"rendered":"\n<p><strong>Este martes sigue el tiempo oto\u00f1al de ma\u00f1anas muy fr\u00edas y tardes c\u00e1lidas.\u00a0<\/strong><\/p>\n\n\n\n<p>Seg\u00fan el&nbsp;<strong>SMN<\/strong>, en el Gran Mendoza la m\u00e1xima llegar\u00e1 hoy a los<strong>&nbsp;17\u00b0&nbsp;<\/strong>y la humedad relativa del ambiente se mantiene cerca del 70%.<\/p>\n\n\n\n<p>El cielo permanece parcialmente nublado y sopla viento del noroeste.<\/p>\n\n\n\n<p>Para ma\u00f1ana mi\u00e9rcoles, el pron\u00f3stico indica leve ascenso de temperatura con una m\u00e1xima de&nbsp;<strong>18\u00b0<\/strong>, cielo&nbsp;<strong>nublado<\/strong>&nbsp;y podr\u00eda haber viento Zonda por la tarde.&nbsp;<\/p>\n\n\n\n<p>En tanto que, para el jueves, se espera una m\u00ednima de 4\u00b0 y una m\u00e1xima de 18\u00b0.\u00a0<\/p>\n\n\n\n<p><strong>Fuente: www.mendozapost.com<\/strong><\/p>\n","protected":false},"excerpt":{"rendered":"<p>Este martes sigue el tiempo oto\u00f1al de ma\u00f1anas muy fr\u00edas y tardes c\u00e1lidas.\u00a0 Seg\u00fan el&nbsp;SMN, en el Gran Mendoza la m\u00e1xima llegar\u00e1 hoy a los&nbsp;17\u00b0&nbsp;y la humedad relativa del ambiente se mantiene cerca del 70%. El cielo permanece parcialmente nublado y sopla viento del noroeste. Para ma\u00f1ana mi\u00e9rcoles, el pron\u00f3stico indica leve ascenso de temperatura [&hellip;]<\/p>\n","protected":false},"author":2,"featured_media":8006,"comment_status":"open","ping_status":"open","sticky":false,"template":"","format":"standard","meta":[],"categories":[52],"tags":[],"_links":{"self":[{"href":"https:\/\/pasaenmendoza.com\/index.php?rest_route=\/wp\/v2\/posts\/8005"}],"collection":[{"href":"https:\/\/pasaenmendoza.com\/index.php?rest_route=\/wp\/v2\/posts"}],"about":[{"href":"https:\/\/pasaenmendoza.com\/index.php?rest_route=\/wp\/v2\/types\/post"}],"author":[{"embeddable":true,"href":"https:\/\/pasaenmendoza.com\/index.php?rest_route=\/wp\/v2\/users\/2"}],"replies":[{"embeddable":true,"href":"https:\/\/pasaenmendoza.com\/index.php?rest_route=%2Fwp%2Fv2%2Fcomments&post=8005"}],"version-history":[{"count":1,"href":"https:\/\/pasaenmendoza.com\/index.php?rest_route=\/wp\/v2\/posts\/8005\/revisions"}],"predecessor-version":[{"id":8007,"href":"https:\/\/pasaenmendoza.com\/index.php?rest_route=\/wp\/v2\/posts\/8005\/revisions\/8007"}],"wp:featuredmedia":[{"embeddable":true,"href":"https:\/\/pasaenmendoza.com\/index.php?rest_route=\/wp\/v2\/media\/8006"}],"wp:attachment":[{"href":"https:\/\/pasaenmendoza.com\/index.php?rest_route=%2Fwp%2Fv2%2Fmedia&parent=8005"}],"wp:term":[{"taxonomy":"category","embeddable":true,"href":"https:\/\/pasaenmendoza.com\/index.php?rest_route=%2Fwp%2Fv2%2Fcategories&post=8005"},{"taxonomy":"post_tag","embeddable":true,"href":"https:\/\/pasaenmendoza.com\/index.php?rest_route=%2Fwp%2Fv2%2Ftags&post=8005"}],"curies":[{"name":"wp","href":"https:\/\/api.w.org\/{rel}","templated":true}]}}