{"id":8008,"date":"2024-06-04T14:40:01","date_gmt":"2024-06-04T12:40:01","guid":{"rendered":"https:\/\/pasaenmendoza.com\/?p=8008"},"modified":"2024-06-04T14:40:03","modified_gmt":"2024-06-04T12:40:03","slug":"murio-un-chico-de-14-anos-en-maipu-al-estrellar-la-camioneta-que-conducia","status":"publish","type":"post","link":"https:\/\/pasaenmendoza.com\/?p=8008","title":{"rendered":"Muri\u00f3 un chico de 14 a\u00f1os en Maip\u00fa al estrellar la camioneta que conduc\u00eda"},"content":{"rendered":"\n<p>Un\u00a0<strong>adolescente de 14 a\u00f1os muri\u00f3\u00a0<\/strong>en un tr\u00e1gico<strong>\u00a0accidente de tr\u00e1nsito<\/strong>\u00a0en la noche de este lunes en Fray Luis Beltr\u00e1n,\u00a0<strong>Maip\u00fa<\/strong>.\u00a0 La\u00a0<strong>v\u00edctima conduc\u00eda<\/strong>\u00a0una\u00a0<strong>camioneta<\/strong>\u00a0y lo\u00a0<strong>acompa\u00f1aba un chico de 13 a\u00f1os<\/strong>, por una zona poco iluminada y la calle con ripio.\u00a0<strong>Perdi\u00f3 el dominio del veh\u00edculo y se estrell\u00f3 contra un poste.<\/strong><\/p>\n\n\n\n<p>El fat\u00eddico incidente se produjo alrededor de las 19 en la intersecci\u00f3n de las calles Santa Mar\u00eda de Oro y Zanetti. De acuerdo a la informaci\u00f3n suministrada por la Polic\u00eda, el conductor, identificado con las iniciales\u00a0 R.F.C.A. y domicilio en el barrio San Cayetano de Fray Luis Beltr\u00e1n, conduc\u00eda una Toyota Hilux, modelo 4&#215;2 doble cabina (HLJ556).\u00a0<\/p>\n\n\n\n<p>Al momento del triste episodio, el chico se encontraba&nbsp;<strong>acompa\u00f1ado por otro adolescente de 13 a\u00f1os, quien termin\u00f3 internado en el Notti,&nbsp;<\/strong>cuyo diagn\u00f3stico es politraumatismos y traumatismo de cr\u00e1neo.<\/p>\n\n\n\n<p>La camioneta transitaba por la calle Santa Mar\u00eda en direcci\u00f3n al Este, y debido a que la calle se encontraba totalmente cubierta de ripio, el adolescente perdi\u00f3 el control del veh\u00edculo y derrap\u00f3 hasta colisionar violentamente contra un poste de luz. El impacto fue tan fuerte que la camioneta continu\u00f3 su recorrido hasta chocar contra una pared medianera de una vivienda, quedando volcada en el proceso.\u00a0\u00a0<\/p>\n\n\n\n<p>El chico falleci\u00f3 en el lugar del accidente, de acuerdo al m\u00e9dico del SEC que constat\u00f3 el deceso.<\/p>\n\n\n\n<p><strong>Fuente: www.mendozapost.com<\/strong><\/p>\n","protected":false},"excerpt":{"rendered":"<p>Un\u00a0adolescente de 14 a\u00f1os muri\u00f3\u00a0en un tr\u00e1gico\u00a0accidente de tr\u00e1nsito\u00a0en la noche de este lunes en Fray Luis Beltr\u00e1n,\u00a0Maip\u00fa.\u00a0 La\u00a0v\u00edctima conduc\u00eda\u00a0una\u00a0camioneta\u00a0y lo\u00a0acompa\u00f1aba un chico de 13 a\u00f1os, por una zona poco iluminada y la calle con ripio.\u00a0Perdi\u00f3 el dominio del veh\u00edculo y se estrell\u00f3 contra un poste. El fat\u00eddico incidente se produjo alrededor de las 19 [&hellip;]<\/p>\n","protected":false},"author":2,"featured_media":8009,"comment_status":"open","ping_status":"open","sticky":false,"template":"","format":"standard","meta":[],"categories":[48],"tags":[],"_links":{"self":[{"href":"https:\/\/pasaenmendoza.com\/index.php?rest_route=\/wp\/v2\/posts\/8008"}],"collection":[{"href":"https:\/\/pasaenmendoza.com\/index.php?rest_route=\/wp\/v2\/posts"}],"about":[{"href":"https:\/\/pasaenmendoza.com\/index.php?rest_route=\/wp\/v2\/types\/post"}],"author":[{"embeddable":true,"href":"https:\/\/pasaenmendoza.com\/index.php?rest_route=\/wp\/v2\/users\/2"}],"replies":[{"embeddable":true,"href":"https:\/\/pasaenmendoza.com\/index.php?rest_route=%2Fwp%2Fv2%2Fcomments&post=8008"}],"version-history":[{"count":1,"href":"https:\/\/pasaenmendoza.com\/index.php?rest_route=\/wp\/v2\/posts\/8008\/revisions"}],"predecessor-version":[{"id":8010,"href":"https:\/\/pasaenmendoza.com\/index.php?rest_route=\/wp\/v2\/posts\/8008\/revisions\/8010"}],"wp:featuredmedia":[{"embeddable":true,"href":"https:\/\/pasaenmendoza.com\/index.php?rest_route=\/wp\/v2\/media\/8009"}],"wp:attachment":[{"href":"https:\/\/pasaenmendoza.com\/index.php?rest_route=%2Fwp%2Fv2%2Fmedia&parent=8008"}],"wp:term":[{"taxonomy":"category","embeddable":true,"href":"https:\/\/pasaenmendoza.com\/index.php?rest_route=%2Fwp%2Fv2%2Fcategories&post=8008"},{"taxonomy":"post_tag","embeddable":true,"href":"https:\/\/pasaenmendoza.com\/index.php?rest_route=%2Fwp%2Fv2%2Ftags&post=8008"}],"curies":[{"name":"wp","href":"https:\/\/api.w.org\/{rel}","templated":true}]}}