{"id":8012,"date":"2024-06-04T21:32:44","date_gmt":"2024-06-04T19:32:44","guid":{"rendered":"https:\/\/pasaenmendoza.com\/?p=8012"},"modified":"2024-06-04T21:32:46","modified_gmt":"2024-06-04T19:32:46","slug":"la-ucr-avanza-con-la-reforma-de-un-articulo-de-la-constitucion-de-mendoza","status":"publish","type":"post","link":"https:\/\/pasaenmendoza.com\/?p=8012","title":{"rendered":"La UCR avanza con la reforma de un art\u00edculo de la Constituci\u00f3n de Mendoza"},"content":{"rendered":"\n<p>Los senadores oficialistas presentaron un proyecto para otorgarle jerarqu\u00eda constitucional al &#8220;equilibrio fiscal&#8221; a nivel provincial y municipal. La propuesta cuenta con el aval del gobernador.<\/p>\n\n\n\n<p>El bloque de Senadores provinciales de la\u00a0<strong>UCR\u00a0<\/strong>present\u00f3 un proyecto de ley para reformar la\u00a0<strong>Constituci\u00f3n de Mendoza<\/strong>. La iniciativa oficialista cuenta con el aval del gobernador Alfredo Cornejo y apunta a realizar una enmienda a la carta magna y modificar el art\u00edculo 42 para establecer el \u201cequilibrio fiscal\u201d con rango\u00a0<strong>constitucional<\/strong>.<\/p>\n\n\n\n<p>La propuesta lleva la firma de los 19 senadores provinciales del\u00a0<strong>radicalismo\u00a0<\/strong>y si bien surgi\u00f3 a instancia de los legisladores, cuenta con el visto bueno del Poder Ejecutivo para que avance. Tiene como finalidad declarar la necesidad de la reforma del art\u00edculo 42 de la provincial, en los t\u00e9rminos del art\u00edculo 223 de la mencionada norma, a fin de promover el equilibrio fiscal.<\/p>\n\n\n\n<p>Se trata de un cambio que formaba parte del proyecto de reforma&nbsp;<strong>constitucional&nbsp;<\/strong>que hab\u00eda impulsado el exgobernador Rodolfo Suarez y que termin\u00f3 naufragando en la Legislatura, ya que el proyecto nunca cont\u00f3 con el aval del peronismo para que prospere.<\/p>\n\n\n\n<p>La iniciativa\u00a0<strong>radical\u00a0<\/strong>busca que el\u00a0<strong>equilibrio fiscal<\/strong>, es decir un balance positivo entre los ingresos y los gastos estatales, tenga rango\u00a0<strong>constitucional<\/strong>.<\/p>\n\n\n\n<p>Para ello, plantea que el art\u00edculo 42 quede redactado de la siguiente manera: \u201cEsta&nbsp;<strong>constituci\u00f3n&nbsp;<\/strong>establece, como deber del Estado y derecho colectivo de la poblaci\u00f3n, el&nbsp;<strong>equilibrio fiscal&nbsp;<\/strong>del sector p\u00fablico provincial y municipal. La provincia y los municipios asegurar\u00e1n el equilibrio entre los ingresos y los gastos del propio presupuesto, teniendo en cuenta las fases adversas o favorables del ciclo econ\u00f3mico. Cada norma que comporte nuevas o mayores cargas proveer\u00e1 los medios para hacerles frente. Los impuestos, tasas y contribuciones establecidos o aumentados para sufragar la construcci\u00f3n de obras, no podr\u00e1n ser aplicados a objetos distintos ni por plazos superiores a los determinados en la norma de su creaci\u00f3n. El presupuesto establecer\u00e1 las normas fundamentales y los criterios dirigidos a asegurar los ingresos y los gastos previstos, la sostenibilidad de la deuda del conjunto de la administraci\u00f3n y el desarrollo econ\u00f3mico, social y ambiental de la provincia\u201d.<\/p>\n\n\n\n<p>La propuesta de reforma cambia por completo la redacci\u00f3n original del art\u00edculo 42, que apunta a regular solamente los impuestos destinados a la construcci\u00f3n de obras especiales. \u201cNing\u00fan impuesto establecido o aumentado para sufragar la construcci\u00f3n de obras especiales, podr\u00e1 ser aplicado interina o definitivamente a objetos distintos a los determinados en la ley de su creaci\u00f3n, ni durar\u00e1 m\u00e1s tiempo que el que se emplee en redimir la deuda que se contraiga\u201d, as\u00ed figura actualmente en la carta magna el punto aludido.<\/p>\n\n\n\n<p>\u201cCreemos que es de vital importancia poder incorporar en nuestra&nbsp;<strong>constituci\u00f3n&nbsp;<\/strong>un tema clave como es el equilibrio fiscal del sector p\u00fablico provincial y municipal, dot\u00e1ndola de una norma con jerarqu\u00eda constitucional, a fin de poder aplicar criterios de transparencia y eficiencia en la administraci\u00f3n de los recursos p\u00fablicos para lograr el desarrollo econ\u00f3mico y social de la provincia\u201d, resaltan en el proyecto los legisladores radicales.<\/p>\n\n\n\n<p>Los tres ejes de la propuesta consisten en establecer como un deber del Estado y como derecho colectivo el&nbsp;<strong>equilibrio fiscal&nbsp;<\/strong>de las cuentas p\u00fablicas; la necesidad de que los presupuestos sean equilibrados; y establecer previsiones para las fases adversas o favorables del ciclo econ\u00f3mico.<\/p>\n\n\n\n<p>Si bien la iniciativa surge del oficialismo y tiene el aval del gobernador Cornejo, depende de la oposici\u00f3n para prosperar. El mecanismo t\u00e9cnico para que se implemente la reforma es una enmienda&nbsp;<strong>constitucional<\/strong>, la cual requiere la declaraci\u00f3n y sanci\u00f3n de dos tercios de la C\u00e1mara de Diputados y del Senado.&nbsp;Es decir que necesitar\u00e1n del acompa\u00f1amiento de legisladores peronistas o de La Uni\u00f3n Mendocina.<\/p>\n\n\n\n<p>Luego debe someterse a votaci\u00f3n de la ciudadan\u00eda a favor o en contra de la modificaci\u00f3n. Ese plebiscito constitucional tendr\u00eda lugar reci\u00e9n en las elecciones legislativas provinciales del 2025.<\/p>\n\n\n\n<p>FUENTE: MDZonline.<\/p>\n","protected":false},"excerpt":{"rendered":"<p>Los senadores oficialistas presentaron un proyecto para otorgarle jerarqu\u00eda constitucional al &#8220;equilibrio fiscal&#8221; a nivel provincial y municipal. La propuesta cuenta con el aval del gobernador. El bloque de Senadores provinciales de la\u00a0UCR\u00a0present\u00f3 un proyecto de ley para reformar la\u00a0Constituci\u00f3n de Mendoza. La iniciativa oficialista cuenta con el aval del gobernador Alfredo Cornejo y apunta [&hellip;]<\/p>\n","protected":false},"author":2,"featured_media":8018,"comment_status":"open","ping_status":"open","sticky":true,"template":"","format":"standard","meta":[],"categories":[47],"tags":[],"_links":{"self":[{"href":"https:\/\/pasaenmendoza.com\/index.php?rest_route=\/wp\/v2\/posts\/8012"}],"collection":[{"href":"https:\/\/pasaenmendoza.com\/index.php?rest_route=\/wp\/v2\/posts"}],"about":[{"href":"https:\/\/pasaenmendoza.com\/index.php?rest_route=\/wp\/v2\/types\/post"}],"author":[{"embeddable":true,"href":"https:\/\/pasaenmendoza.com\/index.php?rest_route=\/wp\/v2\/users\/2"}],"replies":[{"embeddable":true,"href":"https:\/\/pasaenmendoza.com\/index.php?rest_route=%2Fwp%2Fv2%2Fcomments&post=8012"}],"version-history":[{"count":1,"href":"https:\/\/pasaenmendoza.com\/index.php?rest_route=\/wp\/v2\/posts\/8012\/revisions"}],"predecessor-version":[{"id":8019,"href":"https:\/\/pasaenmendoza.com\/index.php?rest_route=\/wp\/v2\/posts\/8012\/revisions\/8019"}],"wp:featuredmedia":[{"embeddable":true,"href":"https:\/\/pasaenmendoza.com\/index.php?rest_route=\/wp\/v2\/media\/8018"}],"wp:attachment":[{"href":"https:\/\/pasaenmendoza.com\/index.php?rest_route=%2Fwp%2Fv2%2Fmedia&parent=8012"}],"wp:term":[{"taxonomy":"category","embeddable":true,"href":"https:\/\/pasaenmendoza.com\/index.php?rest_route=%2Fwp%2Fv2%2Fcategories&post=8012"},{"taxonomy":"post_tag","embeddable":true,"href":"https:\/\/pasaenmendoza.com\/index.php?rest_route=%2Fwp%2Fv2%2Ftags&post=8012"}],"curies":[{"name":"wp","href":"https:\/\/api.w.org\/{rel}","templated":true}]}}