{"id":8020,"date":"2024-06-04T21:37:43","date_gmt":"2024-06-04T19:37:43","guid":{"rendered":"https:\/\/pasaenmendoza.com\/?p=8020"},"modified":"2024-06-04T21:37:44","modified_gmt":"2024-06-04T19:37:44","slug":"sergio-marinelli-respondio-a-los-reclamos-de-la-pampa-nunca-invirtieron-en-obras-hidricas","status":"publish","type":"post","link":"https:\/\/pasaenmendoza.com\/?p=8020","title":{"rendered":"Sergio Marinelli respondi\u00f3 a los reclamos de La Pampa: \u201cNunca invirtieron en obras h\u00eddricas\u201d"},"content":{"rendered":"\n<p>El titular de Irrigaci\u00f3n se refiri\u00f3 a la presentaci\u00f3n que hizo el Gobernador Sergio Ziliotto en la Corte Suprema, en la que acusa a Mendoza de \u201cdespilfarro de agua\u201d.<\/p>\n\n\n\n<p><strong>La Pampa<\/strong>&nbsp;suma un nuevo cap\u00edtulo a su hist\u00f3rico reclamo contra Mendoza por el uso del agua. En esta ocasi\u00f3n, el gobernador<strong>&nbsp;Sergio Ziliotto<\/strong>&nbsp;present\u00f3 un reclamo en la Suprema Corte de Justicia porque, asegura, la provincia no cumple con los 3.2 metros c\u00fabicos por segundo de agua del r\u00edo Atuel y acusa a Mendoza de&nbsp;<strong>\u201cdespilfarro del recurso h\u00eddrico\u201d<\/strong>. Para el superintendente de Irrigaci\u00f3n,&nbsp;<strong>Sergio Marinelli<\/strong>, se trata de \u201cun acto pol\u00edtico pampeano\u201d.<\/p>\n\n\n\n<p>Frente a esta situaci\u00f3n, los intendentes sure\u00f1os Alejandro Molero (General Alvear), Omar F\u00e9lix (San Rafael) y Celso Jaque (Malarg\u00fce) se reunieron este lunes\u00a0para plantear un reclamo conjunto ante la acci\u00f3n de La Pampa.<\/p>\n\n\n\n<p>\u201c<em>Con los intendentes y legisladores provinciales del sur, de todos los colores pol\u00edticos, acordamos una defensa conjunta de los intereses de la provincia.&nbsp;<strong>Reclaman que no hay agua en el r\u00edo, y la Corte<\/strong>, con una medida caprichosa y pol\u00edtica, obliga a otorgarle una cierta cantidad de agua<\/em>\u201d, afirm\u00f3 Marinelli.<\/p>\n\n\n\n<p>Durante una entrevista en el programa \u201cOpini\u00f3n\u201d de LVDiez, el funcionario revel\u00f3 que actualmente<strong>&nbsp;Mendoza env\u00eda agua a La Pampa a trav\u00e9s de un acueducto del distrito sanrafaelino de Punta del Agua<\/strong>, pero se\u00f1al\u00f3 que los habitantes de esta zona \u201c<em>est\u00e1n teniendo problemas con este suministro<\/em>\u201d.<\/p>\n\n\n\n<p>Firme en su postura, \u201cel gobernador del agua\u201d remarc\u00f3 que la provincia dirigida por Ziliotto se encuentra en esta situaci\u00f3n porque&nbsp;<strong>\u201c<em>nunca ha invertido en obras h\u00eddricas<\/em>\u201d.<\/strong><\/p>\n\n\n\n<p>\u201c<em>La Pampa tiene tres cuartas partes de su territorio en secano, y cuando cobraron por lo mismo que nosotros de Portezuelo, no invirtieron un peso en materia h\u00eddrica<\/em>\u201d, manifest\u00f3.<\/p>\n\n\n\n<p>Marinelli detall\u00f3 que actualmente Mendoza y La Pampa tienen conflictos con el tema del COIRCO y del r\u00edo Colorado, as\u00ed como con el r\u00edo Atuel y El Desaguadero, donde han presentado una nota en la Corte contra Mendoza, San Juan y La Rioja.<\/p>\n\n\n\n<p>\u201c<em>Para m\u00ed, es una pol\u00edtica pampeana, porque gobierna el mismo partido pol\u00edtico desde el 83 hasta la fecha.&nbsp;<strong>Usan esto cuando se les agota la rueda y vuelven a reclamar lo mismo,&nbsp;<\/strong>haciendo el mismo sistema de reclamo. El peor negocio para ellos es que esto se resuelva<\/em>\u201d, enfatiz\u00f3.<\/p>\n\n\n\n<p>Por \u00faltimo, el titular de Irrigaci\u00f3n remarc\u00f3 que lo \u201cl\u00f3gico\u201d frente a esta situaci\u00f3n es que ambos gobernadores se re\u00fanan para lograr un entendimiento.<\/p>\n\n\n\n<p>\u201c<em>Es un acto pol\u00edtico porque lo l\u00f3gico es que se sienten ambos gobernadores y encuentren una soluci\u00f3n racional con inversiones t\u00e9cnicas y reales sin que afecte nuestro ecosistema. Hay que medir los da\u00f1os que se pueden producir cuando se reclama con mentiras y mala fe. Cuando en el sur, en Alvear o Carmensa, llueve m\u00e1s de 40 cent\u00edmetros, ellos se inundan porque no tienen obras<\/em>\u201d, finaliz\u00f3 Marinelli.<\/p>\n\n\n\n<p>FUENTE: Elsol.com.ar <\/p>\n","protected":false},"excerpt":{"rendered":"<p>El titular de Irrigaci\u00f3n se refiri\u00f3 a la presentaci\u00f3n que hizo el Gobernador Sergio Ziliotto en la Corte Suprema, en la que acusa a Mendoza de \u201cdespilfarro de agua\u201d. La Pampa&nbsp;suma un nuevo cap\u00edtulo a su hist\u00f3rico reclamo contra Mendoza por el uso del agua. En esta ocasi\u00f3n, el gobernador&nbsp;Sergio Ziliotto&nbsp;present\u00f3 un reclamo en la [&hellip;]<\/p>\n","protected":false},"author":2,"featured_media":8021,"comment_status":"open","ping_status":"open","sticky":true,"template":"","format":"standard","meta":[],"categories":[47],"tags":[],"_links":{"self":[{"href":"https:\/\/pasaenmendoza.com\/index.php?rest_route=\/wp\/v2\/posts\/8020"}],"collection":[{"href":"https:\/\/pasaenmendoza.com\/index.php?rest_route=\/wp\/v2\/posts"}],"about":[{"href":"https:\/\/pasaenmendoza.com\/index.php?rest_route=\/wp\/v2\/types\/post"}],"author":[{"embeddable":true,"href":"https:\/\/pasaenmendoza.com\/index.php?rest_route=\/wp\/v2\/users\/2"}],"replies":[{"embeddable":true,"href":"https:\/\/pasaenmendoza.com\/index.php?rest_route=%2Fwp%2Fv2%2Fcomments&post=8020"}],"version-history":[{"count":1,"href":"https:\/\/pasaenmendoza.com\/index.php?rest_route=\/wp\/v2\/posts\/8020\/revisions"}],"predecessor-version":[{"id":8022,"href":"https:\/\/pasaenmendoza.com\/index.php?rest_route=\/wp\/v2\/posts\/8020\/revisions\/8022"}],"wp:featuredmedia":[{"embeddable":true,"href":"https:\/\/pasaenmendoza.com\/index.php?rest_route=\/wp\/v2\/media\/8021"}],"wp:attachment":[{"href":"https:\/\/pasaenmendoza.com\/index.php?rest_route=%2Fwp%2Fv2%2Fmedia&parent=8020"}],"wp:term":[{"taxonomy":"category","embeddable":true,"href":"https:\/\/pasaenmendoza.com\/index.php?rest_route=%2Fwp%2Fv2%2Fcategories&post=8020"},{"taxonomy":"post_tag","embeddable":true,"href":"https:\/\/pasaenmendoza.com\/index.php?rest_route=%2Fwp%2Fv2%2Ftags&post=8020"}],"curies":[{"name":"wp","href":"https:\/\/api.w.org\/{rel}","templated":true}]}}