{"id":8026,"date":"2024-06-04T21:52:57","date_gmt":"2024-06-04T19:52:57","guid":{"rendered":"https:\/\/pasaenmendoza.com\/?p=8026"},"modified":"2024-06-04T21:52:58","modified_gmt":"2024-06-04T19:52:58","slug":"jimena-latorre-echo-al-subsecretario-de-ambiente-sebastian-melchor","status":"publish","type":"post","link":"https:\/\/pasaenmendoza.com\/?p=8026","title":{"rendered":"Jimena Latorre ech\u00f3 al subsecretario de Ambiente Sebasti\u00e1n Melchor"},"content":{"rendered":"\n<p>La ministra de Energ\u00eda y Ambiente le pidi\u00f3 la renuncia por diferencias en el cumplimiento de los objetivos que se hab\u00edan trazado en esa \u00e1rea<\/p>\n\n\n\n<p><strong>La ministra de Energ\u00eda, Jimena Latorre, le pidi\u00f3 la renuncia\u00a0<\/strong>a su ahora ex<strong>\u00a0subsecretario de Ambiente, Sebasti\u00e1n Melchor.<\/strong><\/p>\n\n\n\n<p>El socialista, que hab\u00eda asumido su cargo a mediados de enero pasado, s\u00f3lo estuvo all\u00ed poco m\u00e1s de 4 meses y medio.<\/p>\n\n\n\n<p>Seg\u00fan trascendi\u00f3 el pedido de renuncia ser\u00eda por\u00a0<strong>&#8220;diferencias en las metas y objetivos&#8221;<\/strong>\u00a0que hab\u00eda planteado Latorre y que Melchor no habr\u00eda cumplido como se lo hab\u00edan pedido desde que se hizo cargo de la subsecretar\u00eda de Ambiente.<\/p>\n\n\n\n<p>&#8220;<strong>No se trata de que haya cometido un error puntual, ni de un mal desempe\u00f1o&nbsp;<\/strong>o que haya habido un hecho que desencadenara el pedido de renuncia. Lo que sucedi\u00f3 es que&nbsp;<strong>desde el comienzo de la gesti\u00f3n se plantearon metas y no se estaban cumpliendo<\/strong>, por eso se tom\u00f3 la decisi\u00f3n&#8221;, apuntaron desde el ministerio de Energ\u00eda.<\/p>\n\n\n\n<p>No lo dijeron abiertamente, pero entre los planteos que le habr\u00edan hecho al ex subsecretario es que no habr\u00eda cumplido con el trabajo en territorio que esperaban de \u00e9l.<\/p>\n\n\n\n<p>El pedido de renuncia habr\u00eda salido de la oficina de Latorre este lunes, y si bien formalmente hasta este martes al mediod\u00eda Melchor no hab\u00eda presentado formalmente su desvinculaci\u00f3n, en Casa de Gobierno ya lo califican de ex funcionario.<\/p>\n\n\n\n<p>En apariencia, desde el ministerio de Energ\u00eda a\u00fan no han elegido a quien ser\u00eda el reemplazante de Melchor.<\/p>\n\n\n\n<h2 class=\"wp-block-heading\">Un cargo que dur\u00f3 s\u00f3lo 4 meses<\/h2>\n\n\n\n<p><strong>Sebasti\u00e1n Melchor<\/strong>, que ven\u00eda de estar a cargo de la Direcci\u00f3n de Recursos Naturales Renovables, fue nombrado el 18 de enero pasado como&nbsp;<strong>subsecretario de Ambiente<\/strong>. El ex funcionario proviene del Partido Socialista, uno de los aliados a Cambia Mendoza.<\/p>\n\n\n\n<p>Hasta ahora era parte del grupo de funcionarios que durante los tres gobiernos de Cambia Mendoza se mantuvo en alg\u00fan cargo.<\/p>\n\n\n\n<p>Con su nombramiento, Melchor pas\u00f3 a\u00a0<strong>reemplazar a Humberto Mingorance<\/strong>, quien estaba a cargo de Ambiente desde la primera gesti\u00f3n de Alfredo Cornejo.<\/p>\n\n\n\n<p>FUENTE: Diariouno.com.ar <\/p>\n","protected":false},"excerpt":{"rendered":"<p>La ministra de Energ\u00eda y Ambiente le pidi\u00f3 la renuncia por diferencias en el cumplimiento de los objetivos que se hab\u00edan trazado en esa \u00e1rea La ministra de Energ\u00eda, Jimena Latorre, le pidi\u00f3 la renuncia\u00a0a su ahora ex\u00a0subsecretario de Ambiente, Sebasti\u00e1n Melchor. El socialista, que hab\u00eda asumido su cargo a mediados de enero pasado, s\u00f3lo [&hellip;]<\/p>\n","protected":false},"author":2,"featured_media":8027,"comment_status":"open","ping_status":"open","sticky":true,"template":"","format":"standard","meta":[],"categories":[47],"tags":[],"_links":{"self":[{"href":"https:\/\/pasaenmendoza.com\/index.php?rest_route=\/wp\/v2\/posts\/8026"}],"collection":[{"href":"https:\/\/pasaenmendoza.com\/index.php?rest_route=\/wp\/v2\/posts"}],"about":[{"href":"https:\/\/pasaenmendoza.com\/index.php?rest_route=\/wp\/v2\/types\/post"}],"author":[{"embeddable":true,"href":"https:\/\/pasaenmendoza.com\/index.php?rest_route=\/wp\/v2\/users\/2"}],"replies":[{"embeddable":true,"href":"https:\/\/pasaenmendoza.com\/index.php?rest_route=%2Fwp%2Fv2%2Fcomments&post=8026"}],"version-history":[{"count":1,"href":"https:\/\/pasaenmendoza.com\/index.php?rest_route=\/wp\/v2\/posts\/8026\/revisions"}],"predecessor-version":[{"id":8028,"href":"https:\/\/pasaenmendoza.com\/index.php?rest_route=\/wp\/v2\/posts\/8026\/revisions\/8028"}],"wp:featuredmedia":[{"embeddable":true,"href":"https:\/\/pasaenmendoza.com\/index.php?rest_route=\/wp\/v2\/media\/8027"}],"wp:attachment":[{"href":"https:\/\/pasaenmendoza.com\/index.php?rest_route=%2Fwp%2Fv2%2Fmedia&parent=8026"}],"wp:term":[{"taxonomy":"category","embeddable":true,"href":"https:\/\/pasaenmendoza.com\/index.php?rest_route=%2Fwp%2Fv2%2Fcategories&post=8026"},{"taxonomy":"post_tag","embeddable":true,"href":"https:\/\/pasaenmendoza.com\/index.php?rest_route=%2Fwp%2Fv2%2Ftags&post=8026"}],"curies":[{"name":"wp","href":"https:\/\/api.w.org\/{rel}","templated":true}]}}