{"id":8030,"date":"2024-06-04T23:28:14","date_gmt":"2024-06-04T21:28:14","guid":{"rendered":"https:\/\/pasaenmendoza.com\/?p=8030"},"modified":"2024-06-04T23:28:15","modified_gmt":"2024-06-04T21:28:15","slug":"el-gobierno-otorgara-becas-a-quienes-estudien-profesorados-de-matematica-fisica-y-quimica","status":"publish","type":"post","link":"https:\/\/pasaenmendoza.com\/?p=8030","title":{"rendered":"El Gobierno otorgar\u00e1 becas a quienes estudien profesorados de Matem\u00e1tica, F\u00edsica y Qu\u00edmica"},"content":{"rendered":"\n<p>El\u00a0<strong>ministerio de Educaci\u00f3n<\/strong>, a cargo de Tadeo Garc\u00eda Zalazar, otorgar\u00e1<strong>\u00a0becas\u00a0<\/strong>para aquellos alumnos que decidan estudiar\u00a0<strong>profesorados de Matem\u00e1tica, F\u00edsica y Qu\u00edmica<\/strong>\u00a0en el pr\u00f3ximo a\u00f1o lectivo. Tambi\u00e9n el equipo de la Direcci\u00f3n General de Escuelas est\u00e1 considerando extenderlas a estudiantes de cuarto a\u00f1o.<\/p>\n\n\n\n<p>En principio, los incentivos econ\u00f3micos que est\u00e1n bajo an\u00e1lisis, se destinar\u00edan a\u00a0<strong>140 alumnos<\/strong>\u00a0que se inscriban en el primer a\u00f1o en\u00a0<strong>2025<\/strong>, seg\u00fan explic\u00f3 Mariela Ramos,\u00a0<strong>directora de Educaci\u00f3n Superior de la DGE<\/strong>.<\/p>\n\n\n\n<p>El valor de la beca a\u00fan no est\u00e1 definido pero rondar\u00eda cerca de los\u00a0<strong>$40.000 pesos<\/strong>\u00a0y no ser\u00eda incompatible con otros programas que pueda recibir el estudiante, como por ejemplo el Progresar.<\/p>\n\n\n\n<p>&#8220;Ya tenemos los institutos a los cuales vamos a destinar los incentivos, ahora tenemos que hacer un trabajo fino para ver la cantidad de estudiantes y d\u00f3nde vamos a poner el foco&#8221;, continu\u00f3 y tambi\u00e9n asegur\u00f3 que ser\u00e1 para &#8220;<strong>el primer a\u00f1o porque lo que queremos es que los estudiantes ingresen<\/strong>&#8220;.<\/p>\n\n\n\n<p>&#8220;Si nos sobra un\u00a0<strong>remanente<\/strong>, el foco puede llegar a estar puesto en\u00a0<strong>cuarto a\u00f1o<\/strong>\u00a0como un incentivo tambi\u00e9n a que se reciban pronto. Porque necesitamos m\u00e1s profesores de esas \u00e1reas&#8221;, afirm\u00f3 la responsable de la educaci\u00f3n superior en Mendoza.<\/p>\n\n\n\n<p>Una de las condiciones para mantener la beca a lo largo del cursado ser\u00e1 el buen rendimiento del alumno. &#8220;Yo te ayudo como Estado porque es una pol\u00edtica que necesitamos y del otro lado tiene que estar la otra parte, que es la&nbsp;<strong>responsabilidad del estudio<\/strong>. Esa ser\u00e1 una de las condiciones para mantener la beca&#8221;.<\/p>\n\n\n\n<h2 class=\"wp-block-heading\">La explicaci\u00f3n de la DGE para priorizar estas carreras<\/h2>\n\n\n\n<p>&#8220;Lo priorizamos que son las materias m\u00e1s duras porque es una tendencia de que, por la caracter\u00edstica de las carreras, son las menos elegidas. Por eso queremos apostar para ayudar a la inserci\u00f3n de estas carreras, que se puedan sostener y que las terminen&#8221;, continu\u00f3.<\/p>\n\n\n\n<p>&#8220;Los institutos que dependen de la Direcci\u00f3n General de Escuela no pagan cuota, lo que s\u00ed pagan, como en toda la escuela, el que quiera y que pueda una cooperadora, que es un aporte solidario, pero no se paga cuota&#8221;, afirm\u00f3 Ramos.<\/p>\n\n\n\n<p>Aunque tambi\u00e9n explic\u00f3 que en el caso de la oferta de los profesorados, para Matem\u00e1tica &#8220;hay en toda la provincia&#8221; no obstante de &#8220;F\u00edsica y Qu\u00edmica son muy pocos&#8221;.<\/p>\n\n\n\n<p>Fuente: www.diariouno.com.ar<\/p>\n","protected":false},"excerpt":{"rendered":"<p>El\u00a0ministerio de Educaci\u00f3n, a cargo de Tadeo Garc\u00eda Zalazar, otorgar\u00e1\u00a0becas\u00a0para aquellos alumnos que decidan estudiar\u00a0profesorados de Matem\u00e1tica, F\u00edsica y Qu\u00edmica\u00a0en el pr\u00f3ximo a\u00f1o lectivo. Tambi\u00e9n el equipo de la Direcci\u00f3n General de Escuelas est\u00e1 considerando extenderlas a estudiantes de cuarto a\u00f1o. En principio, los incentivos econ\u00f3micos que est\u00e1n bajo an\u00e1lisis, se destinar\u00edan a\u00a0140 alumnos\u00a0que se [&hellip;]<\/p>\n","protected":false},"author":2,"featured_media":8031,"comment_status":"open","ping_status":"open","sticky":false,"template":"","format":"standard","meta":[],"categories":[56],"tags":[],"_links":{"self":[{"href":"https:\/\/pasaenmendoza.com\/index.php?rest_route=\/wp\/v2\/posts\/8030"}],"collection":[{"href":"https:\/\/pasaenmendoza.com\/index.php?rest_route=\/wp\/v2\/posts"}],"about":[{"href":"https:\/\/pasaenmendoza.com\/index.php?rest_route=\/wp\/v2\/types\/post"}],"author":[{"embeddable":true,"href":"https:\/\/pasaenmendoza.com\/index.php?rest_route=\/wp\/v2\/users\/2"}],"replies":[{"embeddable":true,"href":"https:\/\/pasaenmendoza.com\/index.php?rest_route=%2Fwp%2Fv2%2Fcomments&post=8030"}],"version-history":[{"count":1,"href":"https:\/\/pasaenmendoza.com\/index.php?rest_route=\/wp\/v2\/posts\/8030\/revisions"}],"predecessor-version":[{"id":8032,"href":"https:\/\/pasaenmendoza.com\/index.php?rest_route=\/wp\/v2\/posts\/8030\/revisions\/8032"}],"wp:featuredmedia":[{"embeddable":true,"href":"https:\/\/pasaenmendoza.com\/index.php?rest_route=\/wp\/v2\/media\/8031"}],"wp:attachment":[{"href":"https:\/\/pasaenmendoza.com\/index.php?rest_route=%2Fwp%2Fv2%2Fmedia&parent=8030"}],"wp:term":[{"taxonomy":"category","embeddable":true,"href":"https:\/\/pasaenmendoza.com\/index.php?rest_route=%2Fwp%2Fv2%2Fcategories&post=8030"},{"taxonomy":"post_tag","embeddable":true,"href":"https:\/\/pasaenmendoza.com\/index.php?rest_route=%2Fwp%2Fv2%2Ftags&post=8030"}],"curies":[{"name":"wp","href":"https:\/\/api.w.org\/{rel}","templated":true}]}}