{"id":8033,"date":"2024-06-04T23:37:58","date_gmt":"2024-06-04T21:37:58","guid":{"rendered":"https:\/\/pasaenmendoza.com\/?p=8033"},"modified":"2024-06-04T23:37:59","modified_gmt":"2024-06-04T21:37:59","slug":"dia-del-padre-la-estrategia-de-los-comerciantes-mendocinos-para-competir-con-chile","status":"publish","type":"post","link":"https:\/\/pasaenmendoza.com\/?p=8033","title":{"rendered":"D\u00eda del Padre: la estrategia de los comerciantes mendocinos para competir con Chile"},"content":{"rendered":"\n<p>Anhelando \u201c<em>recuperar lo perdido<\/em>\u201c, las miradas de los comerciantes de Mendoza se posan sobre el\u00a0<strong>D\u00eda del Padre<\/strong>, que se celebrar\u00e1 el pr\u00f3ximo<strong>\u00a016 de junio<\/strong>. Tras meses de ca\u00eddas en las ventas minoristas y amenazados por el \u201cefecto Chile\u201c, los locales del microcentro<mark>\u00a0ya promocionan sus ofertas para una fecha que, aseguran, genera expectativas.<\/mark><\/p>\n\n\n\n<p>Dentro de&nbsp;<strong>indumentaria<\/strong>, teniendo en cuenta desde camperas hasta b\u00e1sicos como camisas y pantalones, un regalo para pap\u00e1&nbsp;<mark>puede partir en $15.000 y superar c\u00f3modamente los $100.000<\/mark>.<\/p>\n\n\n\n<p>Seg\u00fan los \u00faltimos datos proporcionados por la Confederaci\u00f3n Argentina de la Mediana Empresa (<strong>CAME<\/strong>), las ventas minoristas descendieron<strong>\u00a07,3%\u00a0<\/strong>anual en abril, y\u00a0<strong>18,4%<\/strong>\u00a0durante los primeros cuatro meses del a\u00f1o.<\/p>\n\n\n\n<p>Si bien textil e indumentaria fue el \u00fanico rubro en tener una variaci\u00f3n mensual que repunt\u00f3 un 1,6% el \u00faltimo mes medido, la\u00a0<strong>Direcci\u00f3n de Estad\u00edsticas e Investigaciones Econ\u00f3micas de Mendoza (DEIE)<\/strong>\u00a0indic\u00f3 que este sector\u00a0fue el que m\u00e1s aument\u00f3, con una suba de\u00a0<strong>23,7%<\/strong>.<\/p>\n\n\n\n<p>En un contexto econ\u00f3mico complejo y reconociendo que las ventas por el D\u00eda del Padre&nbsp;<strong>a\u00fan no arrancan<\/strong>, los comercios del centro ya exhiben<mark>&nbsp;ofertas que incluyen descuentos en prendas particulares, 3\u00d72, y hasta 6 cuotas sin inter\u00e9s<\/mark>, entre otras.<\/p>\n\n\n\n<h2 class=\"wp-block-heading\" id=\"h-los-precios\">Los precios<\/h2>\n\n\n\n<p>Con un ticket promedio que desde la C\u00e1mara Empresaria, Comercio, Industria, Turismo y Servicios&nbsp;(<strong>C.E.C.I.TyS<\/strong>)&nbsp;<mark>esperan que ronde los $15.000 a $20.000<\/mark>, la indumentaria pica en punta como el rubro m\u00e1s elegido para hacerle un regalo a pap\u00e1.<\/p>\n\n\n\n<p>Considerando que el fr\u00edo ya est\u00e1 instalado en Mendoza,&nbsp;<strong>camperas y pullovers&nbsp;<\/strong>son los favoritos. En este sentido, una campera arranca en&nbsp;<strong>$60.000<\/strong>&nbsp;y puede superar los&nbsp;<strong>$150.000<\/strong>; mientras que los pullovers van&nbsp;<strong>de $18.000 a $50.000&nbsp;<\/strong>aproximadamente.<\/p>\n\n\n\n<p>Pensado en cl\u00e1sicos que nunca fallan,<strong>&nbsp;camisas y pantalones<\/strong>&nbsp;forman parte de las alternativas. En el caso de las camisas, se pueden conseguir a partir de<strong>&nbsp;$15.000<\/strong>, y los pantalones, seg\u00fan el material, parten en&nbsp;<strong>$25.000<\/strong>&nbsp;y pueden costar m\u00e1s de<strong>&nbsp;$65.000<\/strong>.<\/p>\n\n\n\n<p>En tanto, los&nbsp;<strong>zapatos<\/strong>&nbsp;de hombre rondan los&nbsp;<strong>$90.000<\/strong>, y las&nbsp;<strong>zapatillas<\/strong>&nbsp;los $<strong>50.000.<\/strong><\/p>\n\n\n\n<p>En la mayor\u00eda de los locales del microcentro hay\u00a0<mark>de 3 a 6 cuotas sin inter\u00e9s, descuentos llevando m\u00e1s de un productos, y promociones pagando en efectivo.<\/mark><\/p>\n\n\n\n<p>Ejemplificando, una de las promos que incluye una campera, una camisa y un pantal\u00f3n, est\u00e1 en&nbsp;<strong>$100.000<\/strong>. Otra de ellas, un 3\u00d72 con pantal\u00f3n, camisa y pullover, ronda los&nbsp;<strong>$70.000<\/strong>.<\/p>\n\n\n\n<h2 class=\"wp-block-heading\" id=\"h-grandes-expectativas\">Grandes expectativas<\/h2>\n\n\n\n<p>\u201c<em>Esperamos que las ventas de junio superen los n\u00fameros de mayo.<mark>&nbsp;Por el momento, la gente est\u00e1 pasando, pero todav\u00eda no compran<\/mark><\/em>\u201c, expres\u00f3<strong>&nbsp;Dante<\/strong>, vendedor de un comercio ubicado en San Mart\u00edn y Espejo.<\/p>\n\n\n\n<p>\u201c<em>Creemos que la semana que viene el mendocino ya va a arrancar a comprar. Tenemos varias promos y esperamos que sea un buen mes.&nbsp;<strong>Hay expectativas<\/strong><\/em>\u201c, indic\u00f3&nbsp;<strong>Emilio<\/strong>, quien est\u00e1 al frente de un local de indumentaria masculina.<\/p>\n\n\n\n<p>Reconociendo que las ventas durante los primeros meses del a\u00f1o cayeron, los comerciantes tambi\u00e9n resaltaron el&nbsp;<strong>impacto del efecto Chile<\/strong>.<\/p>\n\n\n\n<p>\u201c<em><strong>Que cierre el Paso ya. Hay mucha gente que se est\u00e1 yendo a comprar a Chile<\/strong>. Nosotros vendemos ropa de invierno, por eso esperamos que junio sea un buen mes. Lanzamos distintas promos para el D\u00eda del Padre<\/em>\u201c, manifest\u00f3 Tamara, detr\u00e1s de un mostrador.<\/p>\n\n\n\n<h2 class=\"wp-block-heading\" id=\"h-buena-cultura-del-consumidor\">\u201cBuena cultura\u201d del consumidor<\/h2>\n\n\n\n<p>\u201c<em>Las expectativas para el D\u00eda del Padre son altas.<mark>\u00a0Estas fechas especiales son importantes porque se suele recuperar los perdido.<\/mark>\u00a0De todas formas, no creemos que dadas las circunstancias el ticket promedio supere los $15.000 \u2013 $20.000. Despu\u00e9s del 10 de diciembre hubo un desfasaje muy grande en los precios y la tendencia se\u00f1ala que\u00a0<strong>las ventas contin\u00faan a la baja<\/strong><\/em>\u201c, dijo <strong>Adri\u00e1n Al\u00edn<\/strong>, titular de la C.E.C.I.TyS.<\/p>\n\n\n\n<p>Y agreg\u00f3: \u201c<em><strong>El mendocino tiene buena cultura del consumidor<\/strong>; recorre, mira precios y despu\u00e9s compra. Creemos que a partir de la semana que viene se activar\u00e1n las ventas<\/em>\u201c.<\/p>\n\n\n\n<p>Adem\u00e1s, desde la c\u00e1mara afirmaron que desarrollar\u00e1n diversas actividades que incluyen&nbsp;<strong>promociones, descuentos y premios<\/strong>.<\/p>\n\n\n\n<p>\u201c<em>Estamos promocionando los comercios. En el marco del Mes del Juego y el D\u00eda del Padre,\u00a0<strong>sortearemos $200.000<\/strong> y muchos premios m\u00e1s<\/em>\u201c, garantiz\u00f3 Al\u00edn.<\/p>\n\n\n\n<p><strong>Fuente: www.elsol.com.ar<\/strong><\/p>\n","protected":false},"excerpt":{"rendered":"<p>Anhelando \u201crecuperar lo perdido\u201c, las miradas de los comerciantes de Mendoza se posan sobre el\u00a0D\u00eda del Padre, que se celebrar\u00e1 el pr\u00f3ximo\u00a016 de junio. Tras meses de ca\u00eddas en las ventas minoristas y amenazados por el \u201cefecto Chile\u201c, los locales del microcentro\u00a0ya promocionan sus ofertas para una fecha que, aseguran, genera expectativas. Dentro de&nbsp;indumentaria, teniendo [&hellip;]<\/p>\n","protected":false},"author":2,"featured_media":8034,"comment_status":"open","ping_status":"open","sticky":false,"template":"","format":"standard","meta":[],"categories":[112],"tags":[],"_links":{"self":[{"href":"https:\/\/pasaenmendoza.com\/index.php?rest_route=\/wp\/v2\/posts\/8033"}],"collection":[{"href":"https:\/\/pasaenmendoza.com\/index.php?rest_route=\/wp\/v2\/posts"}],"about":[{"href":"https:\/\/pasaenmendoza.com\/index.php?rest_route=\/wp\/v2\/types\/post"}],"author":[{"embeddable":true,"href":"https:\/\/pasaenmendoza.com\/index.php?rest_route=\/wp\/v2\/users\/2"}],"replies":[{"embeddable":true,"href":"https:\/\/pasaenmendoza.com\/index.php?rest_route=%2Fwp%2Fv2%2Fcomments&post=8033"}],"version-history":[{"count":1,"href":"https:\/\/pasaenmendoza.com\/index.php?rest_route=\/wp\/v2\/posts\/8033\/revisions"}],"predecessor-version":[{"id":8035,"href":"https:\/\/pasaenmendoza.com\/index.php?rest_route=\/wp\/v2\/posts\/8033\/revisions\/8035"}],"wp:featuredmedia":[{"embeddable":true,"href":"https:\/\/pasaenmendoza.com\/index.php?rest_route=\/wp\/v2\/media\/8034"}],"wp:attachment":[{"href":"https:\/\/pasaenmendoza.com\/index.php?rest_route=%2Fwp%2Fv2%2Fmedia&parent=8033"}],"wp:term":[{"taxonomy":"category","embeddable":true,"href":"https:\/\/pasaenmendoza.com\/index.php?rest_route=%2Fwp%2Fv2%2Fcategories&post=8033"},{"taxonomy":"post_tag","embeddable":true,"href":"https:\/\/pasaenmendoza.com\/index.php?rest_route=%2Fwp%2Fv2%2Ftags&post=8033"}],"curies":[{"name":"wp","href":"https:\/\/api.w.org\/{rel}","templated":true}]}}