{"id":8036,"date":"2024-06-04T23:49:32","date_gmt":"2024-06-04T21:49:32","guid":{"rendered":"https:\/\/pasaenmendoza.com\/?p=8036"},"modified":"2024-06-04T23:49:33","modified_gmt":"2024-06-04T21:49:33","slug":"una-importante-calle-de-la-ciudad-de-mendoza-tendra-temporalmente-doble-sentido-de-circulacion","status":"publish","type":"post","link":"https:\/\/pasaenmendoza.com\/?p=8036","title":{"rendered":"Una importante calle de la Ciudad de Mendoza tendr\u00e1 &#8220;temporalmente&#8221; doble sentido de circulaci\u00f3n"},"content":{"rendered":"\n<p>La\u00a0<strong>Ciudad de Mendoza<\/strong>\u00a0inform\u00f3 que, a partir de los diferentes trabajos de recambio de ca\u00f1er\u00edas de servicio que lleva adelante la empresa Aysam, se producir\u00e1n nuevas modificaciones en calles del departamento. La principal tiene que ver con la calle Mor\u00f3n, que transitoriamente,\u00a0desde\u00a0este mi\u00e9rcoles 5 de junio\u00a0calle\u00a0<strong>Mor\u00f3n\u00a0<\/strong>tendr\u00e1<strong>\u00a0doble sentido<\/strong>, transitoriamente,\u00a0en uno de sus tramos. <\/p>\n\n\n\n<p>Se trata del espacio comprendido\u00a0entre Avenida San Mart\u00edn y\u00a0Lisandro de la Torre, el cual contar\u00e1 con esta nueva forma de circulaci\u00f3n entre 60 y 90 d\u00edas, conforme\u00a0avancen las tareas de la mencionada empresa.\u00a0En los distintos cruces de esta importante arteria, habr\u00e1 agentes de tr\u00e1nsito, desde primera hora de la ma\u00f1ana, que ayudar\u00e1n\u00a0a ordenar el tr\u00e1fico vehicular, aseguraron desde la Municipalidad de la Ciudad.<\/p>\n\n\n\n<p>Asimismo,\u00a0desde el lunes 10 de junio, se producir\u00e1 el\u00a0corte total por 10 d\u00edas del cruce San Juan y Juli\u00e1n Barraquero.\u00a0Los dem\u00e1s detalles de las arterias de la Ciudad, actualizados en esta semana.<\/p>\n\n\n\n<p><strong>Fuente: www.mdzol.com<\/strong><\/p>\n","protected":false},"excerpt":{"rendered":"<p>La\u00a0Ciudad de Mendoza\u00a0inform\u00f3 que, a partir de los diferentes trabajos de recambio de ca\u00f1er\u00edas de servicio que lleva adelante la empresa Aysam, se producir\u00e1n nuevas modificaciones en calles del departamento. La principal tiene que ver con la calle Mor\u00f3n, que transitoriamente,\u00a0desde\u00a0este mi\u00e9rcoles 5 de junio\u00a0calle\u00a0Mor\u00f3n\u00a0tendr\u00e1\u00a0doble sentido, transitoriamente,\u00a0en uno de sus tramos. Se trata del espacio [&hellip;]<\/p>\n","protected":false},"author":2,"featured_media":8037,"comment_status":"open","ping_status":"open","sticky":false,"template":"","format":"standard","meta":[],"categories":[50],"tags":[],"_links":{"self":[{"href":"https:\/\/pasaenmendoza.com\/index.php?rest_route=\/wp\/v2\/posts\/8036"}],"collection":[{"href":"https:\/\/pasaenmendoza.com\/index.php?rest_route=\/wp\/v2\/posts"}],"about":[{"href":"https:\/\/pasaenmendoza.com\/index.php?rest_route=\/wp\/v2\/types\/post"}],"author":[{"embeddable":true,"href":"https:\/\/pasaenmendoza.com\/index.php?rest_route=\/wp\/v2\/users\/2"}],"replies":[{"embeddable":true,"href":"https:\/\/pasaenmendoza.com\/index.php?rest_route=%2Fwp%2Fv2%2Fcomments&post=8036"}],"version-history":[{"count":1,"href":"https:\/\/pasaenmendoza.com\/index.php?rest_route=\/wp\/v2\/posts\/8036\/revisions"}],"predecessor-version":[{"id":8038,"href":"https:\/\/pasaenmendoza.com\/index.php?rest_route=\/wp\/v2\/posts\/8036\/revisions\/8038"}],"wp:featuredmedia":[{"embeddable":true,"href":"https:\/\/pasaenmendoza.com\/index.php?rest_route=\/wp\/v2\/media\/8037"}],"wp:attachment":[{"href":"https:\/\/pasaenmendoza.com\/index.php?rest_route=%2Fwp%2Fv2%2Fmedia&parent=8036"}],"wp:term":[{"taxonomy":"category","embeddable":true,"href":"https:\/\/pasaenmendoza.com\/index.php?rest_route=%2Fwp%2Fv2%2Fcategories&post=8036"},{"taxonomy":"post_tag","embeddable":true,"href":"https:\/\/pasaenmendoza.com\/index.php?rest_route=%2Fwp%2Fv2%2Ftags&post=8036"}],"curies":[{"name":"wp","href":"https:\/\/api.w.org\/{rel}","templated":true}]}}