{"id":8039,"date":"2024-06-05T00:02:36","date_gmt":"2024-06-04T22:02:36","guid":{"rendered":"https:\/\/pasaenmendoza.com\/?p=8039"},"modified":"2024-06-05T00:02:38","modified_gmt":"2024-06-04T22:02:38","slug":"se-viene-un-importante-encuentro-sobre-derechos-del-consumidor-en-mendoza","status":"publish","type":"post","link":"https:\/\/pasaenmendoza.com\/?p=8039","title":{"rendered":"Se viene un importante encuentro sobre derechos del consumidor en Mendoza"},"content":{"rendered":"\n<p>El Consejo Federal de\u00a0<strong>Defensa del Consumidor\u00a0<\/strong>(Cofedec) y el Consejo Federal de Comercio Interior (Cofeci) se reunir\u00e1n esta semana en Mendoza para analizar tem\u00e1ticas vinculadas a los derechos de los consumidores. Entre las tem\u00e1ticas a tratar, se encuentra el estado de situaci\u00f3n de las medidas dictadas en materia de medicina<strong>\u00a0prepaga<\/strong>\u00a0y la situaci\u00f3n actual de las tarjetas de cr\u00e9dito. El eje de las discusiones estar\u00e1 en torno al consumidor as\u00ed como a la b\u00fasqueda de soluciones para facilitar la vida de los usuarios para acciones como darse de baja o realizar cualquier tipo de tr\u00e1mite.<\/p>\n\n\n\n<p>De este modo, en el marco de la Asamblea N\u00b0 107 del Cofedec, de la que Mendoza ser\u00e1 sede, la directora provincial de\u00a0<strong>Defensa del Consumidor<\/strong>, M\u00f3nica Lucero, y el director de Fiscalizaci\u00f3n y Control, Leandro Rold\u00e1n, recibir\u00e1n al secretario de Industria y Comercio, Pablo Lavigne; al subsecretario de\u00a0<strong>Defensa del Consumidor<\/strong>\u00a0y Lealtad Comercial, Fernando Mart\u00edn Blanco Mui\u00f1o, y a representantes de las provincias argentinas para analizar tem\u00e1ticas vinculadas a los derechos de los\u00a0<strong>consumidores<\/strong>.<\/p>\n\n\n\n<p>El encuentro ser\u00e1 los d\u00edas 5 y 6 de junio en el que se buscar\u00e1 mejorar las acciones conjuntas con inspectores de la autoridad nacional y de las provincias para evitar malas pr\u00e1cticas comerciales. As\u00ed, se busca establecer mecanismos de colaboraci\u00f3n para fortalecer la fiscalizaci\u00f3n y el control en todo el pa\u00eds, garantizando el cumplimiento de las normas y la protecci\u00f3n de los&nbsp;<strong>consumidores<\/strong>.<\/p>\n\n\n\n<h2 class=\"wp-block-heading\">Las tem\u00e1ticas que preocupan a los consumidores<\/h2>\n\n\n\n<p>El encuentro, adem\u00e1s, dictar\u00e1 el reglamento del Cofeci, un paso fundamental para el funcionamiento del organismo. Sin embargo, lo m\u00e1s relevante es que se tratar\u00e1n diversas tem\u00e1ticas relacionadas con el consumo. Entre ellos, adem\u00e1s de la situaci\u00f3n de las&nbsp;<strong>prepagas&nbsp;<\/strong>y de las dificultades con las tarjetas de cr\u00e9dito, un tema central ser\u00e1 la fiscalizaci\u00f3n de contratos de empresas de turismo estudiantil. El objetivo de garantizar la protecci\u00f3n de los derechos de los consumidores en estos servicios. Se analizar\u00e1n las medidas necesarias para asegurar que los contratos cumplan con las normativas vigentes y protejan adecuadamente los intereses de los usuarios.<\/p>\n\n\n\n<p>El encuentro, por otra parte, evaluar\u00e1 la marcha de programas como Cuota Simple, Protecci\u00f3n al\u00a0<strong>Consumidor<\/strong>\u00a0Turista, terminales electr\u00f3nicas y transacciones comerciales con tarjetas de cr\u00e9dito o d\u00e9bito. El objetivo es optimizar su funcionamiento y maximizar su impacto en la defensa de los derechos de los consumidores. Adem\u00e1s, se abordar\u00e1 la denuncia a Facebook, por ser plataforma de venta de productos que ponen en riesgo la salud de los consumidores. Se analizar\u00e1n las medidas necesarias para proteger a los usuarios de esta red social y evitar que se comercialicen productos que puedan afectar su salud.<\/p>\n\n\n\n<p><strong>Fuente: www.mdzol.com<\/strong><\/p>\n","protected":false},"excerpt":{"rendered":"<p>El Consejo Federal de\u00a0Defensa del Consumidor\u00a0(Cofedec) y el Consejo Federal de Comercio Interior (Cofeci) se reunir\u00e1n esta semana en Mendoza para analizar tem\u00e1ticas vinculadas a los derechos de los consumidores. Entre las tem\u00e1ticas a tratar, se encuentra el estado de situaci\u00f3n de las medidas dictadas en materia de medicina\u00a0prepaga\u00a0y la situaci\u00f3n actual de las tarjetas [&hellip;]<\/p>\n","protected":false},"author":2,"featured_media":8041,"comment_status":"open","ping_status":"open","sticky":false,"template":"","format":"standard","meta":[],"categories":[50],"tags":[],"_links":{"self":[{"href":"https:\/\/pasaenmendoza.com\/index.php?rest_route=\/wp\/v2\/posts\/8039"}],"collection":[{"href":"https:\/\/pasaenmendoza.com\/index.php?rest_route=\/wp\/v2\/posts"}],"about":[{"href":"https:\/\/pasaenmendoza.com\/index.php?rest_route=\/wp\/v2\/types\/post"}],"author":[{"embeddable":true,"href":"https:\/\/pasaenmendoza.com\/index.php?rest_route=\/wp\/v2\/users\/2"}],"replies":[{"embeddable":true,"href":"https:\/\/pasaenmendoza.com\/index.php?rest_route=%2Fwp%2Fv2%2Fcomments&post=8039"}],"version-history":[{"count":1,"href":"https:\/\/pasaenmendoza.com\/index.php?rest_route=\/wp\/v2\/posts\/8039\/revisions"}],"predecessor-version":[{"id":8042,"href":"https:\/\/pasaenmendoza.com\/index.php?rest_route=\/wp\/v2\/posts\/8039\/revisions\/8042"}],"wp:featuredmedia":[{"embeddable":true,"href":"https:\/\/pasaenmendoza.com\/index.php?rest_route=\/wp\/v2\/media\/8041"}],"wp:attachment":[{"href":"https:\/\/pasaenmendoza.com\/index.php?rest_route=%2Fwp%2Fv2%2Fmedia&parent=8039"}],"wp:term":[{"taxonomy":"category","embeddable":true,"href":"https:\/\/pasaenmendoza.com\/index.php?rest_route=%2Fwp%2Fv2%2Fcategories&post=8039"},{"taxonomy":"post_tag","embeddable":true,"href":"https:\/\/pasaenmendoza.com\/index.php?rest_route=%2Fwp%2Fv2%2Ftags&post=8039"}],"curies":[{"name":"wp","href":"https:\/\/api.w.org\/{rel}","templated":true}]}}