{"id":8046,"date":"2024-06-05T15:04:36","date_gmt":"2024-06-05T13:04:36","guid":{"rendered":"https:\/\/pasaenmendoza.com\/?p=8046"},"modified":"2024-06-05T15:04:37","modified_gmt":"2024-06-05T13:04:37","slug":"colision-y-fractura-un-taxi-choco-a-un-motociclista-en-el-acceso-norte","status":"publish","type":"post","link":"https:\/\/pasaenmendoza.com\/?p=8046","title":{"rendered":"Colisi\u00f3n y fractura: un taxi choc\u00f3 a un motociclista en el Acceso Norte"},"content":{"rendered":"\n<p>Un taxista choc\u00f3 contra una moto cuando circulaba por el Acceso Norte en la madrugada del mi\u00e9rcoles. El conductor del rodado m\u00e1s peque\u00f1o tuvo una fractura expuesta debido a la colisi\u00f3n.<\/p>\n\n\n\n<p>El accidente se produjo minutos antes de las 6 en la lateral oeste, a la altura del hipermercado Tadicor. En esa instancia, el taxi circulaba de sur a norte y al tomar la rotonda no se percat\u00f3 del motociclista.<\/p>\n\n\n\n<p>Seg\u00fan adujo el conductor profesional, no alcanz\u00f3 a ver la moto porque circulaba sin luces.<\/p>\n\n\n\n<p>Tras el choque, el motociclista fue atendido por personal del Servicio de Emergencias Coordinado. Los m\u00e9dicos le diagnosticaron una fractura expuesta en la pierna derecha.<\/p>\n\n\n\n<p>La v\u00edctima, identificada como Santino Salvatore Giuliano Arjona, de 23 a\u00f1os, fue trasladada al Hospital Central.<\/p>\n\n\n\n<p>Intervino la Oficina Fiscal N\u00b0 6 por averiguaci\u00f3n de lesiones por accidente de tr\u00e1nsito.<\/p>\n\n\n\n<p><strong>Fuente: www.elsol.com.ar<\/strong><\/p>\n","protected":false},"excerpt":{"rendered":"<p>Un taxista choc\u00f3 contra una moto cuando circulaba por el Acceso Norte en la madrugada del mi\u00e9rcoles. El conductor del rodado m\u00e1s peque\u00f1o tuvo una fractura expuesta debido a la colisi\u00f3n. El accidente se produjo minutos antes de las 6 en la lateral oeste, a la altura del hipermercado Tadicor. En esa instancia, el taxi [&hellip;]<\/p>\n","protected":false},"author":2,"featured_media":8047,"comment_status":"open","ping_status":"open","sticky":false,"template":"","format":"standard","meta":[],"categories":[48],"tags":[],"_links":{"self":[{"href":"https:\/\/pasaenmendoza.com\/index.php?rest_route=\/wp\/v2\/posts\/8046"}],"collection":[{"href":"https:\/\/pasaenmendoza.com\/index.php?rest_route=\/wp\/v2\/posts"}],"about":[{"href":"https:\/\/pasaenmendoza.com\/index.php?rest_route=\/wp\/v2\/types\/post"}],"author":[{"embeddable":true,"href":"https:\/\/pasaenmendoza.com\/index.php?rest_route=\/wp\/v2\/users\/2"}],"replies":[{"embeddable":true,"href":"https:\/\/pasaenmendoza.com\/index.php?rest_route=%2Fwp%2Fv2%2Fcomments&post=8046"}],"version-history":[{"count":1,"href":"https:\/\/pasaenmendoza.com\/index.php?rest_route=\/wp\/v2\/posts\/8046\/revisions"}],"predecessor-version":[{"id":8048,"href":"https:\/\/pasaenmendoza.com\/index.php?rest_route=\/wp\/v2\/posts\/8046\/revisions\/8048"}],"wp:featuredmedia":[{"embeddable":true,"href":"https:\/\/pasaenmendoza.com\/index.php?rest_route=\/wp\/v2\/media\/8047"}],"wp:attachment":[{"href":"https:\/\/pasaenmendoza.com\/index.php?rest_route=%2Fwp%2Fv2%2Fmedia&parent=8046"}],"wp:term":[{"taxonomy":"category","embeddable":true,"href":"https:\/\/pasaenmendoza.com\/index.php?rest_route=%2Fwp%2Fv2%2Fcategories&post=8046"},{"taxonomy":"post_tag","embeddable":true,"href":"https:\/\/pasaenmendoza.com\/index.php?rest_route=%2Fwp%2Fv2%2Ftags&post=8046"}],"curies":[{"name":"wp","href":"https:\/\/api.w.org\/{rel}","templated":true}]}}