{"id":8052,"date":"2024-06-05T16:14:10","date_gmt":"2024-06-05T14:14:10","guid":{"rendered":"https:\/\/pasaenmendoza.com\/?p=8052"},"modified":"2024-06-05T16:14:12","modified_gmt":"2024-06-05T14:14:12","slug":"asi-votaron-la-nueva-formula-de-movilidad-jubilatoria-los-10-diputados-mendocinos","status":"publish","type":"post","link":"https:\/\/pasaenmendoza.com\/?p=8052","title":{"rendered":"As\u00ed votaron la nueva f\u00f3rmula de movilidad jubilatoria los 10 diputados mendocinos"},"content":{"rendered":"\n<p>Los legisladores nacionales dieron media sanci\u00f3n al proyecto para fijar un nuevo esquema de actualizaci\u00f3n de jubilaciones. El PJ y la UCR votaron afirmativamente y La Libertad Avanza se opuso.<\/p>\n\n\n\n<p>La\u00a0<strong>C\u00e1mara de Diputados<\/strong>\u00a0de la Naci\u00f3n dio media sanci\u00f3n anoche al proyecto de ley para establecer una nueva f\u00f3rmula de\u00a0actualizaci\u00f3n de las\u00a0<strong>jubilaciones<\/strong>\u00a0que pretende reemplazar el \u00faltimo mecanismo dispuesto por el presidente Javier Milei a trav\u00e9s de un decreto. La aprobaci\u00f3n se logr\u00f3 gracias al acuerdo entre el peronismo y la oposici\u00f3n \u201cdialoguista\u201d, mientras que el oficialismo vot\u00f3 en contra.<\/p>\n\n\n\n<p>La iniciativa fue aprobada por 160&nbsp;votos a favor,&nbsp;72 en contra y 8 abstenciones. En concreto, establece una actualizaci\u00f3n mensual en base al \u00faltimo dato del \u00cdndice de Precios al Consumidor (IPC). Asimismo, propone incluir un \u201cempalme\u201d del 8,1%, para compensar el 12,5% que otorg\u00f3 el Gobierno nacional y cubrir as\u00ed el 20,6% de inflaci\u00f3n que hubo en enero.<\/p>\n\n\n\n<p>Los diez&nbsp;<strong>diputados&nbsp;<\/strong>nacionales mendocinos estuvieron presentes durante la sesi\u00f3n y en la votaci\u00f3n que tuvo lugar a la madrugada de este mi\u00e9rcoles. Seis de los representantes de la provincia en el Congreso votaron a favor de la nueva propuesta de<strong>&nbsp;movilidad jubilatoria<\/strong>, mientras que cuatro rechazaron la iniciativa.<\/p>\n\n\n\n<p>Los integrantes de la bancada peronista de Uni\u00f3n por la Patria (UxP) Adolfo Bermejo, Liliana Paponet y Mart\u00edn Aveiro votaron afirmativamente de la propuesta opositora.<\/p>\n\n\n\n<p>A su vez, los tres&nbsp;<strong>diputados&nbsp;<\/strong>nacionales mendocinos que representan a la UCR, Lisandro Nieri, Pamela Verasay y Julio Cobos tambi\u00e9n acompa\u00f1aron el proyecto. Este grupo de legisladores, y en especial los dos primeros que responden al gobernador Alfredo Cornejo, han votado en sinton\u00eda con el oficialismo en la mayor\u00eda de los proyectos que ha tratado la&nbsp;<strong>C\u00e1mara de Diputados<\/strong>. Sin embargo, en esta oportunidad se desmarcaron a partir del acuerdo con los sectores opositores m\u00e1s duros.<\/p>\n\n\n\n<p>Por su parte, los cuatro legisladores mendocinos que forman parte de la Libertad Avanza, Mercedes \u201cMechi\u201d Llano, Facundo Correa Llano, Lourdes Arrieta y \u00c1lvaro Mart\u00ednez votaron en contra del nuevo esquema de actualizaci\u00f3n de las jubilaciones.<\/p>\n\n\n\n<p>FUENTE: MDZonline.<\/p>\n","protected":false},"excerpt":{"rendered":"<p>Los legisladores nacionales dieron media sanci\u00f3n al proyecto para fijar un nuevo esquema de actualizaci\u00f3n de jubilaciones. El PJ y la UCR votaron afirmativamente y La Libertad Avanza se opuso. La\u00a0C\u00e1mara de Diputados\u00a0de la Naci\u00f3n dio media sanci\u00f3n anoche al proyecto de ley para establecer una nueva f\u00f3rmula de\u00a0actualizaci\u00f3n de las\u00a0jubilaciones\u00a0que pretende reemplazar el \u00faltimo [&hellip;]<\/p>\n","protected":false},"author":2,"featured_media":8056,"comment_status":"open","ping_status":"open","sticky":true,"template":"","format":"standard","meta":[],"categories":[47],"tags":[],"_links":{"self":[{"href":"https:\/\/pasaenmendoza.com\/index.php?rest_route=\/wp\/v2\/posts\/8052"}],"collection":[{"href":"https:\/\/pasaenmendoza.com\/index.php?rest_route=\/wp\/v2\/posts"}],"about":[{"href":"https:\/\/pasaenmendoza.com\/index.php?rest_route=\/wp\/v2\/types\/post"}],"author":[{"embeddable":true,"href":"https:\/\/pasaenmendoza.com\/index.php?rest_route=\/wp\/v2\/users\/2"}],"replies":[{"embeddable":true,"href":"https:\/\/pasaenmendoza.com\/index.php?rest_route=%2Fwp%2Fv2%2Fcomments&post=8052"}],"version-history":[{"count":1,"href":"https:\/\/pasaenmendoza.com\/index.php?rest_route=\/wp\/v2\/posts\/8052\/revisions"}],"predecessor-version":[{"id":8057,"href":"https:\/\/pasaenmendoza.com\/index.php?rest_route=\/wp\/v2\/posts\/8052\/revisions\/8057"}],"wp:featuredmedia":[{"embeddable":true,"href":"https:\/\/pasaenmendoza.com\/index.php?rest_route=\/wp\/v2\/media\/8056"}],"wp:attachment":[{"href":"https:\/\/pasaenmendoza.com\/index.php?rest_route=%2Fwp%2Fv2%2Fmedia&parent=8052"}],"wp:term":[{"taxonomy":"category","embeddable":true,"href":"https:\/\/pasaenmendoza.com\/index.php?rest_route=%2Fwp%2Fv2%2Fcategories&post=8052"},{"taxonomy":"post_tag","embeddable":true,"href":"https:\/\/pasaenmendoza.com\/index.php?rest_route=%2Fwp%2Fv2%2Ftags&post=8052"}],"curies":[{"name":"wp","href":"https:\/\/api.w.org\/{rel}","templated":true}]}}