{"id":8058,"date":"2024-06-05T16:17:08","date_gmt":"2024-06-05T14:17:08","guid":{"rendered":"https:\/\/pasaenmendoza.com\/?p=8058"},"modified":"2024-06-05T16:17:09","modified_gmt":"2024-06-05T14:17:09","slug":"lisandro-nieri-defendio-la-nueva-movilidad-jubilatoria-pero-aclaro-es-muy-leve-la-mejora","status":"publish","type":"post","link":"https:\/\/pasaenmendoza.com\/?p=8058","title":{"rendered":"Lisandro Nieri defendi\u00f3 la nueva movilidad jubilatoria, pero aclar\u00f3: \u201cEs muy leve la mejora\u201d"},"content":{"rendered":"\n<p>El diputado nacional de Cambia Mendoza se refiri\u00f3 a lo sucedido en la C\u00e1mara Baja del Congreso y a la reacci\u00f3n del presidente Javier Milei por la reforma previsional.<\/p>\n\n\n\n<p>El diputado nacional por Mendoza,\u00a0<strong>Lisandro Nieri (UCR)<\/strong>, justific\u00f3 la media sanci\u00f3n que la C\u00e1mara Baja dio por la\u00a0nueva f\u00f3rmula de\u00a0<strong>movilidad jubilatoria<\/strong>\u00a0y sostuvo que se trata de \u201cuna leve mejora\u201d para los jubilados.<\/p>\n\n\n\n<p>\u201c<em>Esto no es una reforma, es un peque\u00f1o resarcimiento. Ahora el jubilado no va a perder con la inflaci\u00f3n. Tambi\u00e9n va a recuperar el 8% que perdi\u00f3 en los \u00faltimos meses y de paso se sube la m\u00ednima jubilatoria. Ahora la jubilaci\u00f3n ir\u00e1 acompa\u00f1ando a la inflaci\u00f3n. De a poco se ir\u00e1n recuperando y as\u00ed tener un mejor poder adquisitivo<\/em>\u201d, explic\u00f3 el legislador radical.<\/p>\n\n\n\n<p>Durante su entrevista, el exministro de Hacienda defendi\u00f3 el proyecto presentado desde el radicalismo ya que era \u201clo mejor para los jubilados\u201d.<\/p>\n\n\n\n<p>Para Nieri, era necesario que los jubilados tuvieran una actualizaci\u00f3n en sus haberes a trav\u00e9s de una reforma tratada en el Congreso de la Naci\u00f3n.<\/p>\n\n\n\n<p>\u201c<em>Milei, lo primero que decidi\u00f3 en la ley de Bases es una suspensi\u00f3n de movilidad jubilatorios y que quede a criterio del Ejecutivo a trav\u00e9s de un decreto. Algo muy similar a lo que hizo Alberto Fern\u00e1ndez, que prometi\u00f3 aumentarla un 20% con los intereses de la Lelics y las termin\u00f3 bajando un 40% producto de la inflaci\u00f3n<\/em>\u201d, afirm\u00f3.<\/p>\n\n\n\n<p>Ante la reacci\u00f3n del jefe de Estado\u00a0de que \u201c<em>vetar\u00eda la ley<\/em>\u201d y que le importa \u201c<em>tres carajos<\/em>\u201d hacerlo ya que priorizar\u00e1 el cuidado y equilibrio fiscal conseguido, Nieri detall\u00f3 que el aumento que se le otorgar\u00e1 a los jubilados significa un 0.43% del PBI y que se puede financiar de la recaudaci\u00f3n de los impuestos nacionales.<\/p>\n\n\n\n<p>\u201c<em>Estamos en un momento d\u00f3nde los recursos son finitos y d\u00f3nde la gente ya sabe lo que es el populismo, donde todo se puede pagar, ya no es as\u00ed. Ac\u00e1 no se emite. Si se tendr\u00eda que emitir, les dir\u00edamos a los jubilados que le vamos a aumentar la jubilaci\u00f3n y que lo van a tener que dejar en la inflaci\u00f3n que se ver\u00e1n reflejados en los alimentos<\/em>\u201d, enfatiz\u00f3.<\/p>\n\n\n\n<p>Apuntando contra la imagen del presidente, Nieri asegur\u00f3 que \u201c<em>el 30% de los recortes que ha hecho el Gobierno, el 10% corresponde a los jubilados. El propio Milei confes\u00f3 que se le fue la mano con su plan de liquidaci\u00f3n del gasto<\/em>\u201d. A su vez, a\u00f1adi\u00f3 que los aumentos que \u201c<em>no le quiere dar el Gobierno por aumentos de jubilados, lo termina dando en los juicios previsionales que el propio Estado termina pagando<\/em>\u201d.<\/p>\n\n\n\n<p>Por \u00faltimo, el diputado nacional se diferenci\u00f3 de las acusaciones de los bloques del&nbsp;<strong>PRO<\/strong>&nbsp;como de&nbsp;<strong>La Libertad Avanza<\/strong>, en donde acusaban al radicalismo de votar en conjunto con&nbsp;<strong>Uni\u00f3n por la Patria<\/strong>. &nbsp;<\/p>\n\n\n\n<p>\u00a0\u201c<em>Nuestros proyectos estaban acordes a la realidad que vive el pa\u00eds. Fuimos conscientes y responsable a la hora de su redacci\u00f3n. El Kirchnerismo acompa\u00f1\u00f3 porque se hab\u00eda rechazado su iniciativa, que era un desprop\u00f3sito a la realidad del pa\u00eds. Ellos propon\u00edan algo tres veces m\u00e1s que nosotros pretend\u00edamos<\/em>\u201d, finaliz\u00f3 Nieri<\/p>\n\n\n\n<p>FUENTE: Elsol.com.ar <\/p>\n","protected":false},"excerpt":{"rendered":"<p>El diputado nacional de Cambia Mendoza se refiri\u00f3 a lo sucedido en la C\u00e1mara Baja del Congreso y a la reacci\u00f3n del presidente Javier Milei por la reforma previsional. El diputado nacional por Mendoza,\u00a0Lisandro Nieri (UCR), justific\u00f3 la media sanci\u00f3n que la C\u00e1mara Baja dio por la\u00a0nueva f\u00f3rmula de\u00a0movilidad jubilatoria\u00a0y sostuvo que se trata de [&hellip;]<\/p>\n","protected":false},"author":2,"featured_media":8059,"comment_status":"open","ping_status":"open","sticky":true,"template":"","format":"standard","meta":[],"categories":[47],"tags":[],"_links":{"self":[{"href":"https:\/\/pasaenmendoza.com\/index.php?rest_route=\/wp\/v2\/posts\/8058"}],"collection":[{"href":"https:\/\/pasaenmendoza.com\/index.php?rest_route=\/wp\/v2\/posts"}],"about":[{"href":"https:\/\/pasaenmendoza.com\/index.php?rest_route=\/wp\/v2\/types\/post"}],"author":[{"embeddable":true,"href":"https:\/\/pasaenmendoza.com\/index.php?rest_route=\/wp\/v2\/users\/2"}],"replies":[{"embeddable":true,"href":"https:\/\/pasaenmendoza.com\/index.php?rest_route=%2Fwp%2Fv2%2Fcomments&post=8058"}],"version-history":[{"count":1,"href":"https:\/\/pasaenmendoza.com\/index.php?rest_route=\/wp\/v2\/posts\/8058\/revisions"}],"predecessor-version":[{"id":8060,"href":"https:\/\/pasaenmendoza.com\/index.php?rest_route=\/wp\/v2\/posts\/8058\/revisions\/8060"}],"wp:featuredmedia":[{"embeddable":true,"href":"https:\/\/pasaenmendoza.com\/index.php?rest_route=\/wp\/v2\/media\/8059"}],"wp:attachment":[{"href":"https:\/\/pasaenmendoza.com\/index.php?rest_route=%2Fwp%2Fv2%2Fmedia&parent=8058"}],"wp:term":[{"taxonomy":"category","embeddable":true,"href":"https:\/\/pasaenmendoza.com\/index.php?rest_route=%2Fwp%2Fv2%2Fcategories&post=8058"},{"taxonomy":"post_tag","embeddable":true,"href":"https:\/\/pasaenmendoza.com\/index.php?rest_route=%2Fwp%2Fv2%2Ftags&post=8058"}],"curies":[{"name":"wp","href":"https:\/\/api.w.org\/{rel}","templated":true}]}}