{"id":8061,"date":"2024-06-05T16:21:11","date_gmt":"2024-06-05T14:21:11","guid":{"rendered":"https:\/\/pasaenmendoza.com\/?p=8061"},"modified":"2024-06-05T16:21:12","modified_gmt":"2024-06-05T14:21:12","slug":"diputados-piden-que-mendoza-tenga-un-escuadron-del-cuerpo-de-granaderos-a-caballo","status":"publish","type":"post","link":"https:\/\/pasaenmendoza.com\/?p=8061","title":{"rendered":"Diputados piden que Mendoza tenga un escuadr\u00f3n del Cuerpo de Granaderos a Caballo"},"content":{"rendered":"\n<p>&nbsp;Este martes, ingres\u00f3 un&nbsp;<strong>proyecto al Congreso<\/strong>&nbsp;por el cual un diputado nacional por&nbsp;<strong>Mendoza<\/strong>&nbsp;solicit\u00f3 que un escuadr\u00f3n de&nbsp;<strong>Granaderos<\/strong>&nbsp;en la provincia.&nbsp;<\/p>\n\n\n\n<p>Aveiro present\u00f3 ante la C\u00e1mara de Diputados de la Naci\u00f3n un proyecto solicitando que el Poder Ejecutivo Nacional disponga que el Ej\u00e9rcito Argentino establezca un escuadr\u00f3n del Cuerpo de Granaderos a Caballo en la Guarnici\u00f3n de Ej\u00e9rcito Campo de Los Andes, de la Provincia de Mendoza.<\/p>\n\n\n\n<p>Seg\u00fan se conoci\u00f3, el proyecto de Aveiro busca integrar a los\u00a0<strong>Granaderos a Caballo como parte del Regimiento de Caballer\u00eda de Exploraci\u00f3n de Monta\u00f1a 15 &#8220;Libertador Sim\u00f3n Bol\u00edvar&#8221;<\/strong>, perteneciente a la VIII Brigada de Monta\u00f1a &#8220;Brig. Gral. Toribio de Luzuriaga&#8221;.<\/p>\n\n\n\n<p>De esta manera, entiende el diputado &#8220;<strong>honrar\u00eda la memoria del General Jos\u00e9 de San Mart\u00edn<\/strong>, quien regres\u00f3 a la Patria a trav\u00e9s del paso el Portillo de Tunuy\u00e1n despu\u00e9s de la Gesta Emancipadora de Am\u00e9rica del Sur y se desempe\u00f1\u00f3 como Gobernador Intendente de Cuyo entre 1814 y 1816&#8243;.<\/p>\n\n\n\n<p>Por otro lado, el legislador apunt\u00f3 que &#8220;este proyecto busca honrar la memoria de nuestro m\u00e1ximo h\u00e9roe nacional, y tambi\u00e9n fortalecer la identidad sanmartiniana en nuestra regi\u00f3n&#8221;.<\/p>\n\n\n\n<p>En tanto que subray\u00f3 que &#8220;Tunuy\u00e1n y la provincia de Mendoza est\u00e1n profundamente ligados a la figura de San Mart\u00edn y su legado. Tener a los Granaderos en nuestra Guarnici\u00f3n Campo de Los Andes ser\u00eda un reconocimiento a esa conexi\u00f3n hist\u00f3rica.&#8221;<\/p>\n\n\n\n<p>Cabe recordar que ambos cuerpos, tanto el Regimiento de Granaderos a Caballo como el Regimiento de Caballer\u00eda de Monta\u00f1a VIII, pertenecen al Ej\u00e9rcito Argentino y son unidades de caballer\u00eda. En la regi\u00f3n de Tunuy\u00e1n ya existe la Guarnici\u00f3n del Ej\u00e9rcito Campo de Los Andes, por lo que el traslado de una parte del cuerpo de Granaderos no demandar\u00eda mayores gastos adicionales al Estado Argentino.<\/p>\n\n\n\n<p>En cuanto a los antecedentes del proyecto, el legislador apunt\u00f3 que se puede mencionar la instalaci\u00f3n del Museo Jesu\u00edtico Sanmartiniano en el Destacamento Militar Yapey\u00fa, en la Provincia de Corrientes, \u00b7que alberga una treintena de granaderos encargados de defender y promover tanto la historia como los valores legados por el Padre de la Patria, Jos\u00e9 de San Mart\u00edn&#8221;.<\/p>\n\n\n\n<p>Entre las tareas de ese regimiento se destaca la guardia de honor en el Templete donde yacen los restos de los padres del Libertador de Am\u00e9rica, desfiles, formaci\u00f3n de granaderos y ense\u00f1anzas a delegaciones de diferentes \u00e1mbitos.<\/p>\n\n\n\n<p>&#8220;Teniendo en cuenta la importancia de este antecedente, considero que la presencia de una secci\u00f3n del cuerpo de granaderos a caballo sin dudas aportar\u00e1 a Mendoza un gran honor al legado sanmartiniano,&#8221; agreg\u00f3 Aveiro.<\/p>\n\n\n\n<p>Por otro lado, el proyecto destaca los trabajos decisivos realizados por San Mart\u00edn en el gobierno y administraci\u00f3n de Cuyo, donde forj\u00f3 la independencia de tres naciones. Como Gobernador Intendente, San Mart\u00edn desempe\u00f1\u00f3 todas las funciones de gobierno, siendo ejecutivo, legislador, juez, edil, jefe militar, diplom\u00e1tico y pol\u00edtico.<\/p>\n\n\n\n<p>&#8220;Mendoza es producto de los valores y principios de San Mart\u00edn,&#8221; a\u00f1adi\u00f3 Aveiro. &#8220;Su gesti\u00f3n de gobierno sent\u00f3 las bases para el desarrollo de nuestra provincia. La historia sanmartiniana va de la mano con la historia de nuestra provincia&#8221;, sostuvo.<\/p>\n\n\n\n<p>Seg\u00fan apuntaron desde el equipo del diputado Aveiro, el proyecto ya ha comenzado a recibir apoyo de diversas organizaciones y ciudadanos que &#8220;ven en este proyecto una oportunidad de reforzar la identidad hist\u00f3rica y cultural de Mendoza promoviendo adem\u00e1s el turismo hist\u00f3rico&#8221;.<\/p>\n\n\n\n<p>FUENTE: Mendozapost.<\/p>\n","protected":false},"excerpt":{"rendered":"<p>&nbsp;Este martes, ingres\u00f3 un&nbsp;proyecto al Congreso&nbsp;por el cual un diputado nacional por&nbsp;Mendoza&nbsp;solicit\u00f3 que un escuadr\u00f3n de&nbsp;Granaderos&nbsp;en la provincia.&nbsp; Aveiro present\u00f3 ante la C\u00e1mara de Diputados de la Naci\u00f3n un proyecto solicitando que el Poder Ejecutivo Nacional disponga que el Ej\u00e9rcito Argentino establezca un escuadr\u00f3n del Cuerpo de Granaderos a Caballo en la Guarnici\u00f3n de Ej\u00e9rcito [&hellip;]<\/p>\n","protected":false},"author":2,"featured_media":8062,"comment_status":"open","ping_status":"open","sticky":true,"template":"","format":"standard","meta":[],"categories":[47],"tags":[],"_links":{"self":[{"href":"https:\/\/pasaenmendoza.com\/index.php?rest_route=\/wp\/v2\/posts\/8061"}],"collection":[{"href":"https:\/\/pasaenmendoza.com\/index.php?rest_route=\/wp\/v2\/posts"}],"about":[{"href":"https:\/\/pasaenmendoza.com\/index.php?rest_route=\/wp\/v2\/types\/post"}],"author":[{"embeddable":true,"href":"https:\/\/pasaenmendoza.com\/index.php?rest_route=\/wp\/v2\/users\/2"}],"replies":[{"embeddable":true,"href":"https:\/\/pasaenmendoza.com\/index.php?rest_route=%2Fwp%2Fv2%2Fcomments&post=8061"}],"version-history":[{"count":1,"href":"https:\/\/pasaenmendoza.com\/index.php?rest_route=\/wp\/v2\/posts\/8061\/revisions"}],"predecessor-version":[{"id":8063,"href":"https:\/\/pasaenmendoza.com\/index.php?rest_route=\/wp\/v2\/posts\/8061\/revisions\/8063"}],"wp:featuredmedia":[{"embeddable":true,"href":"https:\/\/pasaenmendoza.com\/index.php?rest_route=\/wp\/v2\/media\/8062"}],"wp:attachment":[{"href":"https:\/\/pasaenmendoza.com\/index.php?rest_route=%2Fwp%2Fv2%2Fmedia&parent=8061"}],"wp:term":[{"taxonomy":"category","embeddable":true,"href":"https:\/\/pasaenmendoza.com\/index.php?rest_route=%2Fwp%2Fv2%2Fcategories&post=8061"},{"taxonomy":"post_tag","embeddable":true,"href":"https:\/\/pasaenmendoza.com\/index.php?rest_route=%2Fwp%2Fv2%2Ftags&post=8061"}],"curies":[{"name":"wp","href":"https:\/\/api.w.org\/{rel}","templated":true}]}}