{"id":8064,"date":"2024-06-05T16:24:36","date_gmt":"2024-06-05T14:24:36","guid":{"rendered":"https:\/\/pasaenmendoza.com\/?p=8064"},"modified":"2024-06-05T16:24:37","modified_gmt":"2024-06-05T14:24:37","slug":"hebe-casado-y-ulpiano-suarez-se-sumaron-a-los-intendentes-del-sur-para-defender-las-aguas-del-atuel","status":"publish","type":"post","link":"https:\/\/pasaenmendoza.com\/?p=8064","title":{"rendered":"Hebe Casado y Ulpiano Suarez se sumaron a los intendentes del Sur para defender las aguas del Atuel"},"content":{"rendered":"\n<p>La vicegobernadora Hebe Casado y el intendente de la Ciudad de Mendoza, Ulpiano Suarez, respaldaron a los intendentes de San Rafael, Alvear y Malarg\u00fce<\/p>\n\n\n\n<p>La disputa entre&nbsp;<strong>Mendoza y La Pampa&nbsp;<\/strong>por el uso de los aguas del&nbsp;<strong>r\u00edo Atuel&nbsp;<\/strong>sum\u00f3 nuevos protagonistas al concerse en las \u00faltimas horas las adhesiones de&nbsp;<strong>Ulpiano suarez y Hebe Casado&nbsp;<\/strong>a las acciones de defensa encabezadas por los tres intendentes del Sur provincial.<\/p>\n\n\n\n<p>El lunes, los jefes comunales de\u00a0<strong>General Alvear (Alejandro Molero), San Rafael (Omar F\u00e9lix) y Malarg\u00fce (Celso Jaque)<\/strong>\u00a0se reunieron con autoridades provinciales y empresarios\u00a0con el objetivo de fortalecer la postura mendocina frente a los ataques judiciales y medi\u00e1ticos realizados por La Pampa.<\/p>\n\n\n\n<p>Tras ese encuentro salieron a a expresar su apoyo la vicegobernadora Hebe Casado y el intendente de la Ciudad de Mendoza, Ulpiano Suarez.<\/p>\n\n\n\n<h2 class=\"wp-block-heading\">No hay grieta en la defensa de las aguas del Atuel<\/h2>\n\n\n\n<p>Una de las particularidades notables de este conflicto Mendoza-La Pampa es que en el caso de nuestra provincia las fuerzas pol\u00edticas se han mostrado cohesionados. Es as\u00ed como dos intendentes peronistas -Jaque y F\u00e9lix- no dudaron ante la convocatoria de un cacique radical -Molero-.<\/p>\n\n\n\n<p>Tampoco lo dud\u00f3 otro radical -Ulpiano Suarez- y lo mismo ocurri\u00f3 con la vicegobernadora Hebe Casado, que es del PRO y, adem\u00e1s, es sanrafaelina.<\/p>\n\n\n\n<p>La n\u00famero dos del Ejecutivo expres\u00f3 en sus redes:&nbsp;<strong>&#8220;El Atuel, r\u00edo clave para el Sur de Mendoza, es de todos los mendocinos.&nbsp;<\/strong>Es esencial para el desarrollo agr\u00edcola, industrial y econ\u00f3mico de la provincia, por lo cual agradezco el trabajo y compromiso de los tres intendentes: Molero, F\u00e9lix y Jaque&#8221;.<\/p>\n\n\n\n<p>Tambi\u00e9n dijo Hebe: &#8220;El cuidado del recurso h\u00eddrico debe ser una pol\u00edtica de estado para la provincia, independientemente de quien gobierne. Agradezco el compromiso de los legisladores de todos los espacios pol\u00edticos&#8221;.<\/p>\n\n\n\n<p>Antes hab\u00eda se\u00f1alado:<strong>\u00a0&#8220;Mendoza propuso un plan de acci\u00f3n para realizar obras para que La Pampa acceda al caudal necesario; obviamente, la respuesta fue &#8216;no vamos a poner un peso&#8217;, como siempre lo hicieron\u201d.<\/strong><\/p>\n\n\n\n<p>Por su parte, el alcalde citadino Ulpiano Suarez manifest\u00f3:<strong>&nbsp;&#8220;<a href=\"https:\/\/twitter.com\/UlpianoSuarez\" class=\"\"><\/a>Defender nuestros recursos es obligaci\u00f3n de todos los mendocinos.<\/strong>&nbsp;Desde la Ciudad de Mendoza acompa\u00f1amos el mensaje de unidad pol\u00edtica e institucional de los intendentes del Sur, Alejandro Molero, Omar F\u00e9lix y Celso Jaque,&nbsp;<a href=\"https:\/\/twitter.com\/omarchafifelix\" class=\"\"><\/a>frente un nuevo embate del gobierno pampeano por el r\u00edo Atuel&#8221;.<\/p>\n\n\n\n<p>Agreg\u00f3 Ulpiano: &#8220;Las exigencias de la vecina provincia de La Pampa, en el caso de obtener un fallo judicial favorable, significar\u00edan un grave perjuicio para los recursos provinciales al solicitar la liberaci\u00f3n de m\u00e1s agua del r\u00edo Atuel&#8221;.<\/p>\n\n\n\n<p>&#8220;Es por ello que, de esta manera, me sumo a la postura de Mendoza y adhiero a esta&nbsp;<strong>defensa mancomunada que busca priorizar el desarrollo industrial, agr\u00edcola y econ\u00f3mico de la provincia&#8221;,&nbsp;<\/strong>cerr\u00f3.<\/p>\n\n\n\n<h2 class=\"wp-block-heading\">El reclamo pampeano<\/h2>\n\n\n\n<p>A<strong>&nbsp;mediados de mayo la Corte Suprema de Justicia les pidi\u00f3 a Mendoza y a la Naci\u00f3n que respondan<\/strong>, en el t\u00e9rmino 10 d\u00edas,&nbsp;<strong>un informe que present\u00f3 La Pampa el cual supuestamente &#8220;demuestra que hay agua suficiente&nbsp;<\/strong>para cumplir con el fallo por el r\u00edo Atuel&#8221;.<\/p>\n\n\n\n<p>Lo que pide La Pampa es que el tribunal haga cumplir la resoluci\u00f3n de 2020 que\u00a0<strong>orden\u00f3 a Mendoza liberar la erogaci\u00f3n de 3,2 m3\/s. del caudal<\/strong>. Desde Mendoza se ha sostenido reiteradamente que no es posible acatar esa resoluci\u00f3n simplemente porque no hay esa cantidad de agua.<\/p>\n\n\n\n<p>FUENTE: Diariouno.com.ar <\/p>\n","protected":false},"excerpt":{"rendered":"<p>La vicegobernadora Hebe Casado y el intendente de la Ciudad de Mendoza, Ulpiano Suarez, respaldaron a los intendentes de San Rafael, Alvear y Malarg\u00fce La disputa entre&nbsp;Mendoza y La Pampa&nbsp;por el uso de los aguas del&nbsp;r\u00edo Atuel&nbsp;sum\u00f3 nuevos protagonistas al concerse en las \u00faltimas horas las adhesiones de&nbsp;Ulpiano suarez y Hebe Casado&nbsp;a las acciones de [&hellip;]<\/p>\n","protected":false},"author":2,"featured_media":8065,"comment_status":"open","ping_status":"open","sticky":true,"template":"","format":"standard","meta":[],"categories":[47],"tags":[],"_links":{"self":[{"href":"https:\/\/pasaenmendoza.com\/index.php?rest_route=\/wp\/v2\/posts\/8064"}],"collection":[{"href":"https:\/\/pasaenmendoza.com\/index.php?rest_route=\/wp\/v2\/posts"}],"about":[{"href":"https:\/\/pasaenmendoza.com\/index.php?rest_route=\/wp\/v2\/types\/post"}],"author":[{"embeddable":true,"href":"https:\/\/pasaenmendoza.com\/index.php?rest_route=\/wp\/v2\/users\/2"}],"replies":[{"embeddable":true,"href":"https:\/\/pasaenmendoza.com\/index.php?rest_route=%2Fwp%2Fv2%2Fcomments&post=8064"}],"version-history":[{"count":1,"href":"https:\/\/pasaenmendoza.com\/index.php?rest_route=\/wp\/v2\/posts\/8064\/revisions"}],"predecessor-version":[{"id":8066,"href":"https:\/\/pasaenmendoza.com\/index.php?rest_route=\/wp\/v2\/posts\/8064\/revisions\/8066"}],"wp:featuredmedia":[{"embeddable":true,"href":"https:\/\/pasaenmendoza.com\/index.php?rest_route=\/wp\/v2\/media\/8065"}],"wp:attachment":[{"href":"https:\/\/pasaenmendoza.com\/index.php?rest_route=%2Fwp%2Fv2%2Fmedia&parent=8064"}],"wp:term":[{"taxonomy":"category","embeddable":true,"href":"https:\/\/pasaenmendoza.com\/index.php?rest_route=%2Fwp%2Fv2%2Fcategories&post=8064"},{"taxonomy":"post_tag","embeddable":true,"href":"https:\/\/pasaenmendoza.com\/index.php?rest_route=%2Fwp%2Fv2%2Ftags&post=8064"}],"curies":[{"name":"wp","href":"https:\/\/api.w.org\/{rel}","templated":true}]}}