{"id":807,"date":"2023-08-18T14:19:27","date_gmt":"2023-08-18T12:19:27","guid":{"rendered":"https:\/\/pasaenmendoza.com\/?p=807"},"modified":"2023-08-18T14:19:28","modified_gmt":"2023-08-18T12:19:28","slug":"orozco-busco-sumarse-a-la-ola-libertaria-en-un-acto-con-la-doble-candidata-de-milei","status":"publish","type":"post","link":"https:\/\/pasaenmendoza.com\/?p=807","title":{"rendered":"Orozco busc\u00f3 sumarse a la ola libertaria en un acto con la \u201cdoble candidata\u201d de Milei"},"content":{"rendered":"\n<p>De sacarse una foto junto a\u00a0<strong>Sergio Massa<\/strong>\u00a0a intentar aprovechar el fen\u00f3meno electoral provocado por\u00a0<strong>Javier Milei<\/strong>\u00a0en Mendoza, en pocas semanas. En el medio, un sorpresivo casamiento y un viaje rel\u00e1mpago a M\u00e9xico, mientras se suceden las novedades judiciales que rodean a su gesti\u00f3n en Las Heras. En ese contexto,\u00a0<strong>Daniel Orozco<\/strong>\u00a0retom\u00f3 este jueves la campa\u00f1a electoral que lo tiene como candidato a vicegobernador de\u00a0<strong>Omar De Marchi<\/strong>.<\/p>\n\n\n\n<p>Lo hizo pocas horas despu\u00e9s de su regreso del Caribe, con un acto pol\u00edtico donde la invitada especial fue&nbsp;<strong>Lourdes Arrieta<\/strong>, la joven libertaria que es doble candidata: a concejal de Las Heras por La Uni\u00f3n Mendocina (LUM), por un lado; y a diputada nacional por La Libertad Avanza (LLA), por el otro.<\/p>\n\n\n\n<p>As\u00ed, Orozco sigui\u00f3 los pasos del candidato a gobernador de LUM: el domingo, De Marchi se acerc\u00f3 a la sede del Partido Dem\u00f3crata para celebrar la victoria de Milei en las PASO, pese a que siempre hab\u00eda expresado su simpat\u00eda por Horacio Rodr\u00edguez Larreta.<\/p>\n\n\n\n<p>\u201c<em>La gente vota y no se equivoca. Tienen motivos v\u00e1lidos y es importante que se exprese a trav\u00e9s de las urnas<\/em>.\u00a0<em>Para nosotros es importante tener a los libertarios con nosotros y esperemos que (Arrieta) sea concejal o que sea diputada<\/em>\u201c, lanz\u00f3 Orozco, que a fines de julio hab\u00eda generado ruido pol\u00edtico en Mendoza por una fotograf\u00eda con Massa que se encarg\u00f3 de difundir por las redes sociales.<\/p>\n\n\n\n<p>De repetirse el resultado de las PASO en las generales del 22 de octubre,&nbsp;<strong>Arrieta ingresar\u00e1 al Congreso&nbsp;<\/strong>junto a Mercedes Llano y Facundo Correa Llano gracias a la gran performance de Milei en la provincia, que sorprendi\u00f3 a propios y extra\u00f1os con un contundente triunfo, con el 44% de los votos.<\/p>\n\n\n\n<p><em>\u201cHa sido una sorpresa, no esper\u00e1bamos estos resultados. Apunt\u00e1bamos a un 33% o a un 35%, cuando mucho. M\u00e1s all\u00e1 de esto, cuando caminabas la calle te dabas cuenta de que la gente quer\u00eda algo distinto y se demostr\u00f3 el domingo. La gente est\u00e1 cansada de la corrupci\u00f3n de la pol\u00edtica y que cada vez m\u00e1s gente no tenga para comer\u201d<\/em>, explic\u00f3 Arrieta.<\/p>\n\n\n\n<h2 class=\"wp-block-heading\" id=\"h-polemicas-en-las-heras\">Pol\u00e9micas en Las Heras<\/h2>\n\n\n\n<p>Como ha ocurrido en toda la campa\u00f1a electoral, Las Heras sido el eje de la polarizaci\u00f3n pol\u00edtica entre Cambia Mendoza y La Uni\u00f3n Mendocina.<\/p>\n\n\n\n<p>En las \u00faltimas horas, se sum\u00f3 un nuevo episodio a la pelea,&nbsp;<mark>esta vez protagonizado por el candidato a intendente de LUM, Mart\u00edn Bustos, quien fue filmado pinchando un cartel de Cambia Mendoza con una horqueta.<\/mark><\/p>\n\n\n\n<p>Orozco se despeg\u00f3 de la situaci\u00f3n y asegur\u00f3 que \u201cno vio nada\u201d, ya que lleg\u00f3 en horas de la madrugada desde M\u00e9xico junto a su flamante esposa, Janina Ortiz.<\/p>\n\n\n\n<p>El que s\u00ed habl\u00f3 fue el protagonista del hecho. Bustos, actual secretario de Obras P\u00fablicas del departamento, intent\u00f3 bajarle tensi\u00f3n al hecho y asegur\u00f3 que no busc\u00f3 ofender a nadie.<\/p>\n\n\n\n<p><em>\u201cEst\u00e1bamos limpiando con compa\u00f1eros y surgi\u00f3 esa broma, la idea no es ofender a nadie. En realidad, no deja de ser un cartel que estaba en piso que lo ten\u00eda que haber levantado Cambia Mendoza terminadas las elecciones del 11 de junio y no lo hicieron. Lo que hice fue levantar la basura, no quise ofender a nadie\u201d<\/em>, se justific\u00f3 el candidato a intendente.<\/p>\n\n\n\n<p><strong>Fuente: www.elsol.com.ar<\/strong><\/p>\n","protected":false},"excerpt":{"rendered":"<p>De sacarse una foto junto a\u00a0Sergio Massa\u00a0a intentar aprovechar el fen\u00f3meno electoral provocado por\u00a0Javier Milei\u00a0en Mendoza, en pocas semanas. En el medio, un sorpresivo casamiento y un viaje rel\u00e1mpago a M\u00e9xico, mientras se suceden las novedades judiciales que rodean a su gesti\u00f3n en Las Heras. En ese contexto,\u00a0Daniel Orozco\u00a0retom\u00f3 este jueves la campa\u00f1a electoral que [&hellip;]<\/p>\n","protected":false},"author":2,"featured_media":808,"comment_status":"open","ping_status":"open","sticky":false,"template":"","format":"standard","meta":[],"categories":[47],"tags":[],"_links":{"self":[{"href":"https:\/\/pasaenmendoza.com\/index.php?rest_route=\/wp\/v2\/posts\/807"}],"collection":[{"href":"https:\/\/pasaenmendoza.com\/index.php?rest_route=\/wp\/v2\/posts"}],"about":[{"href":"https:\/\/pasaenmendoza.com\/index.php?rest_route=\/wp\/v2\/types\/post"}],"author":[{"embeddable":true,"href":"https:\/\/pasaenmendoza.com\/index.php?rest_route=\/wp\/v2\/users\/2"}],"replies":[{"embeddable":true,"href":"https:\/\/pasaenmendoza.com\/index.php?rest_route=%2Fwp%2Fv2%2Fcomments&post=807"}],"version-history":[{"count":1,"href":"https:\/\/pasaenmendoza.com\/index.php?rest_route=\/wp\/v2\/posts\/807\/revisions"}],"predecessor-version":[{"id":809,"href":"https:\/\/pasaenmendoza.com\/index.php?rest_route=\/wp\/v2\/posts\/807\/revisions\/809"}],"wp:featuredmedia":[{"embeddable":true,"href":"https:\/\/pasaenmendoza.com\/index.php?rest_route=\/wp\/v2\/media\/808"}],"wp:attachment":[{"href":"https:\/\/pasaenmendoza.com\/index.php?rest_route=%2Fwp%2Fv2%2Fmedia&parent=807"}],"wp:term":[{"taxonomy":"category","embeddable":true,"href":"https:\/\/pasaenmendoza.com\/index.php?rest_route=%2Fwp%2Fv2%2Fcategories&post=807"},{"taxonomy":"post_tag","embeddable":true,"href":"https:\/\/pasaenmendoza.com\/index.php?rest_route=%2Fwp%2Fv2%2Ftags&post=807"}],"curies":[{"name":"wp","href":"https:\/\/api.w.org\/{rel}","templated":true}]}}