{"id":8070,"date":"2024-06-05T23:52:23","date_gmt":"2024-06-05T21:52:23","guid":{"rendered":"https:\/\/pasaenmendoza.com\/?p=8070"},"modified":"2024-06-05T23:57:01","modified_gmt":"2024-06-05T21:57:01","slug":"en-mendoza-hay-80-centros-para-estudiar-carreras-cortas-cuales-tienen-mejor-salida-laboral","status":"publish","type":"post","link":"https:\/\/pasaenmendoza.com\/?p=8070","title":{"rendered":"En Mendoza hay 80 centros para estudiar carreras cortas: cu\u00e1les tienen mejor salida laboral"},"content":{"rendered":"\n<p>En los \u00faltimos a\u00f1os, las&nbsp;<strong>escuelas de Oficios<\/strong>&nbsp;han ganado terreno en&nbsp;<strong>Mendoza<\/strong>, no s\u00f3lo por el&nbsp;<mark>amplio abanico formativo<\/mark>&nbsp;que ofrecen, sino por la&nbsp;<mark>r\u00e1pida y s\u00f3lida salida laboral&nbsp;<\/mark>que otorgan.<\/p>\n\n\n\n<p>Capacitar a&nbsp;<strong>j\u00f3venes y adultos<\/strong>&nbsp;que no hayan tenido la posibilidad de acceder a la educaci\u00f3n formal es el objetivo central de la&nbsp;<strong>Direcci\u00f3n General de Escuelas&nbsp;<\/strong>(DGE) que propone carreras cortas en sus&nbsp;<mark>80 Centros de Capacitaci\u00f3n para el Trabajo (CCT) y ocho Aulas Talleres M\u00f3viles.<\/mark><\/p>\n\n\n\n<p>Los espacios, denominados de capacitaci\u00f3n laboral, son de&nbsp;<mark>ense\u00f1anza gratuita<\/mark>, se encuentran distribuidos en toda la provincia y la modalidad de cursado es presencial.&nbsp;<strong>Hay 17 carreras de 100 horas c\u00e1tedras<\/strong>, frente a las de formaci\u00f3n profesional que son de 500 horas.<\/p>\n\n\n\n<p>Una tendencia en alza<\/p>\n\n\n\n<p>En medio del contexto econ\u00f3mico en el que se encuentra el pa\u00eds, con j\u00f3venes que tienen que dejar sus estudios para salir a trabajar, este tipo de centros de formaci\u00f3n profesional y capacitaci\u00f3n laboral se transforma en una gran propuesta.<\/p>\n\n\n\n<p>\u201cEn estos lugares, los que accedan podr\u00e1n adquirir las herramientas te\u00f3ricas y pr\u00e1cticas necesarias para hacerle frente a las exigencias del mercado laboral actual o para crear su propio emprendimiento, mejorando as\u00ed la calidad de vida del estudiante\u201d, cont\u00f3&nbsp;<strong>Laura Quiroga<\/strong>, coordinadora de Educaci\u00f3n de T\u00e9cnica y Trabajo.<\/p>\n\n\n\n<p>Entre las carreras que se ofrecen, todas con certificaci\u00f3n de la DGE, y algunas, incluso, con homologaci\u00f3n de Naci\u00f3n figuran:&nbsp;<mark>Inform\u00e1tica, Saberes Digitales, Instalaciones, Gastronom\u00eda, Textil, Turismo, Mec\u00e1nica del Automotor, Electricidad, Est\u00e9tica Personal, Mec\u00e1nica, Soldadura, Refrigeraci\u00f3n, Plomero, Gasista<\/mark>, entre otre otros.<\/p>\n\n\n\n<p>La matr\u00edcula se mantiene respecto a otros a\u00f1os, pero es necesario aclarar que no son matr\u00edculas anuales, sino variables, ya que un mismo estudiante puede culminar un curso e iniciar otro, sin distinci\u00f3n.<\/p>\n\n\n\n<p>En la actualidad, Quiroga report\u00f3 que&nbsp;<mark>existen 15.000 estudiantes mendocinos realizando sus cursos en los CCT&nbsp;<\/mark>y cerca de mil en las Aulas Talleres M\u00f3viles.<\/p>\n\n\n\n<p>A la hora de hablar sobre las&nbsp;<strong>carreras m\u00e1s elegidas<\/strong>, la funcionaria cont\u00f3 que tiene que&nbsp;<strong>ver predominantemente por la r\u00e1pida salida laboral y son:<\/strong>&nbsp;<mark>Electricidad, Gastronom\u00eda, Electr\u00f3nica, Inform\u00e1tica, Est\u00e9tica Personal (peluquer\u00eda) y Textil.<\/mark><\/p>\n\n\n\n<p>En cuanto a las&nbsp;<strong>edades<\/strong>&nbsp;de los estudiantes, Quiroga cont\u00f3 que \u201ces muy variable\u201d. Y aclar\u00f3 que \u201cpara las formaciones profesionales es necesario que los estudiantes tengan el secundario completo y 18 a\u00f1os o m\u00e1s\u201d.<\/p>\n\n\n\n<p>En tanto, para las capacitaciones laborales con el Nivel Primario completo es suficiente, por ello, hay varios chicos de 16 a\u00f1os cursando.<\/p>\n\n\n\n<h2 class=\"wp-block-heading\" id=\"h-en-primera-persona\">En primera persona<\/h2>\n\n\n\n<p><strong>Juan Cruz&nbsp;<\/strong>tiene 22 a\u00f1os, termin\u00f3 el secundario hace dos a\u00f1os y sin encontrar un oficio para mantener sus gastos decidi\u00f3 anotarse en un CCT. La carrera elegida fue Electricidad y su experiencia ha sido muy positiva.<\/p>\n\n\n\n<p>\u201cMe inclin\u00e9 por esa especialidad porque necesitaba trabajar r\u00e1pido y siento que vali\u00f3 la pena. Estudi\u00e9 en Godoy Cruz, con horarios de cursado muy flexibles y docentes dispuestos a ense\u00f1ar, fue todo muy a conciencia\u201d, manifest\u00f3.<\/p>\n\n\n\n<p><strong>Celeste<\/strong>&nbsp;tiene 52 a\u00f1os, es otra de las mujeres que encontr\u00f3 en el CCT una formaci\u00f3n y salida laboral. \u201cQued\u00e9 viuda y era sost\u00e9n de familia. Por lo que me informaron de estos cursos y r\u00e1pidamente acced\u00ed. Me anot\u00e9 en Est\u00e9tica Personal y hoy tengo un sal\u00f3n en mi casa donde realizo servicio de peluquer\u00eda y manicur\u00eda\u201d, refiri\u00f3 la mujer.<\/p>\n\n\n\n<p><strong>Fuente: www.elsol.com.ar<\/strong><\/p>\n","protected":false},"excerpt":{"rendered":"<p>En los \u00faltimos a\u00f1os, las&nbsp;escuelas de Oficios&nbsp;han ganado terreno en&nbsp;Mendoza, no s\u00f3lo por el&nbsp;amplio abanico formativo&nbsp;que ofrecen, sino por la&nbsp;r\u00e1pida y s\u00f3lida salida laboral&nbsp;que otorgan. Capacitar a&nbsp;j\u00f3venes y adultos&nbsp;que no hayan tenido la posibilidad de acceder a la educaci\u00f3n formal es el objetivo central de la&nbsp;Direcci\u00f3n General de Escuelas&nbsp;(DGE) que propone carreras cortas en sus&nbsp;80 [&hellip;]<\/p>\n","protected":false},"author":2,"featured_media":8071,"comment_status":"open","ping_status":"open","sticky":false,"template":"","format":"standard","meta":[],"categories":[56],"tags":[],"_links":{"self":[{"href":"https:\/\/pasaenmendoza.com\/index.php?rest_route=\/wp\/v2\/posts\/8070"}],"collection":[{"href":"https:\/\/pasaenmendoza.com\/index.php?rest_route=\/wp\/v2\/posts"}],"about":[{"href":"https:\/\/pasaenmendoza.com\/index.php?rest_route=\/wp\/v2\/types\/post"}],"author":[{"embeddable":true,"href":"https:\/\/pasaenmendoza.com\/index.php?rest_route=\/wp\/v2\/users\/2"}],"replies":[{"embeddable":true,"href":"https:\/\/pasaenmendoza.com\/index.php?rest_route=%2Fwp%2Fv2%2Fcomments&post=8070"}],"version-history":[{"count":2,"href":"https:\/\/pasaenmendoza.com\/index.php?rest_route=\/wp\/v2\/posts\/8070\/revisions"}],"predecessor-version":[{"id":8076,"href":"https:\/\/pasaenmendoza.com\/index.php?rest_route=\/wp\/v2\/posts\/8070\/revisions\/8076"}],"wp:featuredmedia":[{"embeddable":true,"href":"https:\/\/pasaenmendoza.com\/index.php?rest_route=\/wp\/v2\/media\/8071"}],"wp:attachment":[{"href":"https:\/\/pasaenmendoza.com\/index.php?rest_route=%2Fwp%2Fv2%2Fmedia&parent=8070"}],"wp:term":[{"taxonomy":"category","embeddable":true,"href":"https:\/\/pasaenmendoza.com\/index.php?rest_route=%2Fwp%2Fv2%2Fcategories&post=8070"},{"taxonomy":"post_tag","embeddable":true,"href":"https:\/\/pasaenmendoza.com\/index.php?rest_route=%2Fwp%2Fv2%2Ftags&post=8070"}],"curies":[{"name":"wp","href":"https:\/\/api.w.org\/{rel}","templated":true}]}}