{"id":8073,"date":"2024-06-05T23:56:24","date_gmt":"2024-06-05T21:56:24","guid":{"rendered":"https:\/\/pasaenmendoza.com\/?p=8073"},"modified":"2024-06-05T23:56:25","modified_gmt":"2024-06-05T21:56:25","slug":"anses-como-es-la-nueva-ley-de-movilidad-y-cuanto-le-conviene-a-los-jubilados","status":"publish","type":"post","link":"https:\/\/pasaenmendoza.com\/?p=8073","title":{"rendered":"ANSES: c\u00f3mo es la nueva Ley de Movilidad y cu\u00e1nto le conviene a los jubilados"},"content":{"rendered":"\n<p>La oposici\u00f3n y un sector denominado &#8220;dialoguista&#8221; lograron dar media sanci\u00f3n a una nueva\u00a0<strong>Ley de Movilidad<\/strong>, la que podr\u00eda afectar todos los aumentos que haga\u00a0<strong>ANSES\u00a0<\/strong>a los\u00a0<strong>jubilados<\/strong>, pero tambi\u00e9n a las asignaciones sociales como Asignaci\u00f3n Universal por Hijo (AUH) y Asignaci\u00f3n Universal por Embarazo (AUE).<\/p>\n\n\n\n<p>Vale recordar que, actualmente, los aumentos que da\u00a0<strong>ANSES\u00a0<\/strong>a\u00a0<strong>jubilados\u00a0<\/strong>son mensuales y est\u00e1n vinculados a la inflaci\u00f3n que haya registrado el INDEC. Este mismo sistema comenzar\u00e1 a regir para las asignaciones sociales, salvo que una nueva\u00a0Ley de Movilidad\u00a0prospere y modifique todo el sistema.<\/p>\n\n\n\n<h2 class=\"wp-block-heading\">ANSES: C\u00f3mo es la nueva ley de movilidad que ya tiene media sanci\u00f3n<\/h2>\n\n\n\n<p>La nueva&nbsp;<strong>Ley de Movilidad<\/strong>&nbsp;de&nbsp;<strong>ANSES&nbsp;<\/strong>que promovieron Uni\u00f3n por la Patria, UCR y otros sectores, proponen un aumento del 8,1% para todos los&nbsp;<strong>jubilados&nbsp;<\/strong>y as\u00ed poder alcanzar el 20,6% de inflaci\u00f3n que tuvo enero. Vale recordar que el gobierno de Javier Milei, dio un 12,1% en compensaci\u00f3n.<\/p>\n\n\n\n<p>Asimismo, la nueva<strong>\u00a0Ley de Movilidad\u00a0<\/strong>establece aumentos mensuales por inflaci\u00f3n, igual que se est\u00e1 haciendo ahora por\u00a0<strong>ANSES<\/strong>, y establece un incremento adicional en los meses de marzo, por el 50% de la diferencia entre la variaci\u00f3n salarial y la evoluci\u00f3n de los precios. En caso de aceptarse los cambios, la m\u00ednima de los jubilados ser\u00eda de $285.000 y no de $206.000, como es en la actualidad.<\/p>\n\n\n\n<h2 class=\"wp-block-heading\">ANSES: qu\u00e9 har\u00e1 Milei con la nueva ley de movilidad<\/h2>\n\n\n\n<p>Desde el oficialismo ya se\u00f1alaron que si la C\u00e1mara de Senadores convierte en Ley la nueva f\u00f3rmula de&nbsp;<strong>movilidad jubilatoria<\/strong>, el presidente Javier Milei podr\u00eda llegar a vetarla. De esa manera, ANSES continuar\u00eda con el mismo sistema de&nbsp;<strong>aumentos&nbsp;<\/strong>que se aplica en la actualidad.<\/p>\n\n\n\n<p>De hecho, durante la madrugada, Javier Milei dej\u00f3 un mensaje en la red social X sobre la aprobaci\u00f3n de la\u00a0<strong>Ley de Movilidad\u00a0<\/strong>y el sistema de aumentos de\u00a0<strong>ANSES<\/strong>: &#8220;Les dejo este tweet para que le quede claro a todo el mundo: no voy a entregar el equilibrio fiscal de ning\u00fan modo. Defender\u00e9 la caja a veto puro si es necesario. A puro d\u00e9ficit fiscal empobrecieron al pa\u00eds, por lo que de ning\u00fan modo voy a permitir que esto se repita. VLLC !!&#8221;.<\/p>\n\n\n\n<p><strong>Fuente: www.diariouno.com.ar<\/strong><\/p>\n","protected":false},"excerpt":{"rendered":"<p>La oposici\u00f3n y un sector denominado &#8220;dialoguista&#8221; lograron dar media sanci\u00f3n a una nueva\u00a0Ley de Movilidad, la que podr\u00eda afectar todos los aumentos que haga\u00a0ANSES\u00a0a los\u00a0jubilados, pero tambi\u00e9n a las asignaciones sociales como Asignaci\u00f3n Universal por Hijo (AUH) y Asignaci\u00f3n Universal por Embarazo (AUE). Vale recordar que, actualmente, los aumentos que da\u00a0ANSES\u00a0a\u00a0jubilados\u00a0son mensuales y est\u00e1n [&hellip;]<\/p>\n","protected":false},"author":2,"featured_media":8074,"comment_status":"open","ping_status":"open","sticky":false,"template":"","format":"standard","meta":[],"categories":[57],"tags":[],"_links":{"self":[{"href":"https:\/\/pasaenmendoza.com\/index.php?rest_route=\/wp\/v2\/posts\/8073"}],"collection":[{"href":"https:\/\/pasaenmendoza.com\/index.php?rest_route=\/wp\/v2\/posts"}],"about":[{"href":"https:\/\/pasaenmendoza.com\/index.php?rest_route=\/wp\/v2\/types\/post"}],"author":[{"embeddable":true,"href":"https:\/\/pasaenmendoza.com\/index.php?rest_route=\/wp\/v2\/users\/2"}],"replies":[{"embeddable":true,"href":"https:\/\/pasaenmendoza.com\/index.php?rest_route=%2Fwp%2Fv2%2Fcomments&post=8073"}],"version-history":[{"count":1,"href":"https:\/\/pasaenmendoza.com\/index.php?rest_route=\/wp\/v2\/posts\/8073\/revisions"}],"predecessor-version":[{"id":8075,"href":"https:\/\/pasaenmendoza.com\/index.php?rest_route=\/wp\/v2\/posts\/8073\/revisions\/8075"}],"wp:featuredmedia":[{"embeddable":true,"href":"https:\/\/pasaenmendoza.com\/index.php?rest_route=\/wp\/v2\/media\/8074"}],"wp:attachment":[{"href":"https:\/\/pasaenmendoza.com\/index.php?rest_route=%2Fwp%2Fv2%2Fmedia&parent=8073"}],"wp:term":[{"taxonomy":"category","embeddable":true,"href":"https:\/\/pasaenmendoza.com\/index.php?rest_route=%2Fwp%2Fv2%2Fcategories&post=8073"},{"taxonomy":"post_tag","embeddable":true,"href":"https:\/\/pasaenmendoza.com\/index.php?rest_route=%2Fwp%2Fv2%2Ftags&post=8073"}],"curies":[{"name":"wp","href":"https:\/\/api.w.org\/{rel}","templated":true}]}}