{"id":8077,"date":"2024-06-06T00:05:08","date_gmt":"2024-06-05T22:05:08","guid":{"rendered":"https:\/\/pasaenmendoza.com\/?p=8077"},"modified":"2024-06-06T00:05:09","modified_gmt":"2024-06-05T22:05:09","slug":"san-rafael-presupuesto-mas-de-200-millones-para-la-compra-de-mercaderia-para-personas-carenciadas","status":"publish","type":"post","link":"https:\/\/pasaenmendoza.com\/?p=8077","title":{"rendered":"San Rafael presupuest\u00f3 m\u00e1s de $200 millones para la compra de mercader\u00eda para personas carenciadas"},"content":{"rendered":"\n<p>El intendente de<strong>&nbsp;San Rafael, Omar F\u00e9lix<\/strong>, lanz\u00f3 una nueva licitaci\u00f3n para&nbsp;<strong>comprar bolsones de mercader\u00edas<\/strong>&nbsp;con destino a la gente carenciada del departamento. La falta de asistencia desde la Naci\u00f3n y la escalada de la pobreza increment\u00f3 la necesidad de participaci\u00f3n de la Municipalidad, argumentaron.<\/p>\n\n\n\n<p>El objetivo este mes es comprar&nbsp;<strong>10.000 bolsones, que fueron presupuestados en un total de $221.500.000<\/strong>; es decir, $22.150 cada uno.<\/p>\n\n\n\n<p>La apertura de la licitaci\u00f3n est\u00e1 prevista para el 27 de junio.<\/p>\n\n\n\n<p>Cada unidad contendr\u00e1&nbsp;<strong>t\u00e9, az\u00facar, yerba, arroz, harina, leche en polvo, fideos guiseros, tallarines, pur\u00e9 de tomate, aceite, arvejas, lentejas, avena y polenta<\/strong>.<\/p>\n\n\n\n<p>La asistencia municipal se da a trav\u00e9s de la\u00a0<strong>Direcci\u00f3n de Desarrollo Social y de Barriales<\/strong>, que realizan relevamientos frecuentes para asistir a las familias que se encuentren en situaci\u00f3n de vulnerabilidad, se\u00f1alaron desde San Rafael.<\/p>\n\n\n\n<p><strong>Fuente: www.diariouno.com.ar<\/strong><\/p>\n","protected":false},"excerpt":{"rendered":"<p>El intendente de&nbsp;San Rafael, Omar F\u00e9lix, lanz\u00f3 una nueva licitaci\u00f3n para&nbsp;comprar bolsones de mercader\u00edas&nbsp;con destino a la gente carenciada del departamento. La falta de asistencia desde la Naci\u00f3n y la escalada de la pobreza increment\u00f3 la necesidad de participaci\u00f3n de la Municipalidad, argumentaron. El objetivo este mes es comprar&nbsp;10.000 bolsones, que fueron presupuestados en un [&hellip;]<\/p>\n","protected":false},"author":2,"featured_media":8078,"comment_status":"open","ping_status":"open","sticky":false,"template":"","format":"standard","meta":[],"categories":[50],"tags":[],"_links":{"self":[{"href":"https:\/\/pasaenmendoza.com\/index.php?rest_route=\/wp\/v2\/posts\/8077"}],"collection":[{"href":"https:\/\/pasaenmendoza.com\/index.php?rest_route=\/wp\/v2\/posts"}],"about":[{"href":"https:\/\/pasaenmendoza.com\/index.php?rest_route=\/wp\/v2\/types\/post"}],"author":[{"embeddable":true,"href":"https:\/\/pasaenmendoza.com\/index.php?rest_route=\/wp\/v2\/users\/2"}],"replies":[{"embeddable":true,"href":"https:\/\/pasaenmendoza.com\/index.php?rest_route=%2Fwp%2Fv2%2Fcomments&post=8077"}],"version-history":[{"count":1,"href":"https:\/\/pasaenmendoza.com\/index.php?rest_route=\/wp\/v2\/posts\/8077\/revisions"}],"predecessor-version":[{"id":8079,"href":"https:\/\/pasaenmendoza.com\/index.php?rest_route=\/wp\/v2\/posts\/8077\/revisions\/8079"}],"wp:featuredmedia":[{"embeddable":true,"href":"https:\/\/pasaenmendoza.com\/index.php?rest_route=\/wp\/v2\/media\/8078"}],"wp:attachment":[{"href":"https:\/\/pasaenmendoza.com\/index.php?rest_route=%2Fwp%2Fv2%2Fmedia&parent=8077"}],"wp:term":[{"taxonomy":"category","embeddable":true,"href":"https:\/\/pasaenmendoza.com\/index.php?rest_route=%2Fwp%2Fv2%2Fcategories&post=8077"},{"taxonomy":"post_tag","embeddable":true,"href":"https:\/\/pasaenmendoza.com\/index.php?rest_route=%2Fwp%2Fv2%2Ftags&post=8077"}],"curies":[{"name":"wp","href":"https:\/\/api.w.org\/{rel}","templated":true}]}}