{"id":8080,"date":"2024-06-06T14:58:03","date_gmt":"2024-06-06T12:58:03","guid":{"rendered":"https:\/\/pasaenmendoza.com\/?p=8080"},"modified":"2024-06-06T14:58:05","modified_gmt":"2024-06-06T12:58:05","slug":"avales-truchos-pablo-priore-pedira-la-remocion-de-lourdes-arrieta-como-diputada","status":"publish","type":"post","link":"https:\/\/pasaenmendoza.com\/?p=8080","title":{"rendered":"Avales truchos: Pablo Priore pedir\u00e1 la remoci\u00f3n de Lourdes Arrieta como diputada"},"content":{"rendered":"\n<p>La diputada nacional protagoniz\u00f3 un esc\u00e1ndalo en el marco de la presentaci\u00f3n de avales de LLA en Mendoza y un dirigente del PRO decidi\u00f3 ir a fondo al ver que su padre fallecido figuraba en la n\u00f3mina.<\/p>\n\n\n\n<p>La diputada nacional mendocina<strong>\u00a0Lourdes Arrieta\u00a0<\/strong>se vio envuelta en un esc\u00e1ndalo\u00a0luego de que se conociera que falsific\u00f3\u00a0<strong>avales\u00a0<\/strong>en el proceso de conformaci\u00f3n del partido\u00a0<strong>La Libertad Avanza<\/strong>\u00a0en suelo mendocino. La legisladora agreg\u00f3 en la n\u00f3mina no s\u00f3lo a firmantes que no dieron su conocimiento -como pol\u00edticos o empresarios-, sino tambi\u00e9n a personas ya fallecidas, lo cual encendi\u00f3 las alarmas en diferentes \u00e1mbitos.<\/p>\n\n\n\n<p>Teniendo en cuenta este \u00faltimo punto mencionado en la presentaci\u00f3n de&nbsp;<strong>avales&nbsp;<\/strong>truchos, Pablo Priore, secretario administrativo del Senado de Mendoza not\u00f3 que el espacio libertario incorpor\u00f3 en la lista a su padre (Miguel \u00c1ngel Priore Vitolo), quien falleci\u00f3 seis a\u00f1os atr\u00e1s.<\/p>\n\n\n\n<p>En consecuencia, Priore, furioso con la situaci\u00f3n, comunic\u00f3 que proceder\u00e1 a pedir en el Congreso de la Naci\u00f3n la exclusi\u00f3n de&nbsp;<strong>Lourdes Arrieta&nbsp;<\/strong>bajo el concepto de &#8220;inhabilidad moral&#8221;. Precisamente, el art\u00edculo 66 de la Constituci\u00f3n Nacional indica que cada C\u00e1mara \u201cpodr\u00e1 con dos tercios de votos, corregir a cualquiera de sus miembros por desorden de conducta en el ejercicio de sus funciones, o removerlo por inhabilidad f\u00edsica o moral sobreviniente a su incorporaci\u00f3n, y hasta excluirlo de su seno; pero bastar\u00e1 la mayor\u00eda de uno sobre la mitad de los presentes para decidir en las renuncias que voluntariamente hicieron de sus cargos\u201d. El art\u00edculo hace alusi\u00f3n a cuatro situaciones diferenciadas: correcci\u00f3n disciplinaria, exclusi\u00f3n, remoci\u00f3n y renuncia.<\/p>\n\n\n\n<p>En tanto que el art. 70 dice que, en las circunstancias all\u00ed consideradas, cada C\u00e1mara podr\u00e1 &#8220;con dos tercios de votos, suspender en sus funciones al acusado, y ponerlo a disposici\u00f3n del juez competente para su juzgamiento\u201d. Seg\u00fan reza un escrito de la Secretar\u00eda Parlamentaria del Senado,&nbsp;se&nbsp;contempla una quinta posibilidad:&nbsp;la suspensi\u00f3n, que est\u00e1 relacionada con los fueros parlamentarios. Los arts. 187 de Diputados y 202 y 203 del Senado establecen la posibilidad de que el presidente proponga a la C\u00e1mara prohibir a uno de sus miembros el uso de la palabra cuando ha sido llamado al orden por dos veces en la misma sesi\u00f3n, y los arts. 188 de Diputados y 204 del Senado completan la anterior disposici\u00f3n estableciendo que, ante faltas de mayor entidad, ya sea quien presida, o por la petici\u00f3n de cualquiera de sus miembros -en una votaci\u00f3n sin discusi\u00f3n-, se decidir\u00e1 si es o no adecuada la oportunidad de usar la facultad que le confiere a la C\u00e1mara el art. 66 de la C. N. En el caso de resultar afirmativa, el presidente nombrar\u00e1 una comisi\u00f3n de tres miembros en el Senado y de cinco miembros en Diputados, que proponga las medidas que juzguen pertinentes.<\/p>\n\n\n\n<p>Priore, al no ser parte del Congreso, tiene la posibilidad de enviar una carta con el pedido, pero sin poder iniciar un expediente. De modo que necesitar\u00eda de la &#8220;colaboraci\u00f3n&#8221; de un miembro de la C\u00e1mara para avanzar en el proceso.<\/p>\n\n\n\n<p>El \u00faltimo caso en el que se baraj\u00f3 la posibilidad de remover a un diputado por inhabilidad moral fue el de Juan Ameri, el salte\u00f1o conocido informalmente como &#8220;diputeta&#8221;, que fue suspendido en 2020 por protagonizar una escena sexual durante una sesi\u00f3n virtual. Fue suspendido de su banca y, acorralado, termin\u00f3 renunciando.<\/p>\n\n\n\n<p>En di\u00e1logo con este medio, Priore relat\u00f3:\u00a0Hoy me preguntaron c\u00f3mo se llamaba mi pap\u00e1. Despu\u00e9s, me pasaron las foto de la planilla y mi padre figura como adherente al partido de\u00a0<strong>Arrieta<\/strong>. \u00c9l falleci\u00f3 en 2018&#8243;.<\/p>\n\n\n\n<p>Respecto al pedido de remoci\u00f3n en el Congreso, el dirigente del PRO asever\u00f3 que &#8220;hay un tema de inhabilidad moral de por medio que no se puede pasar por alto&#8221;. Para Priore,&nbsp;<strong>Arrieta&nbsp;<\/strong>&#8220;no puede representar al pueblo mendocino&#8221;.&nbsp;<\/p>\n\n\n\n<p>&#8220;No se puede avalar eso. No puede ser todo lo mismo. Es un modus operandi de alguien que no tiene escr\u00fapulos para constituir un partido&#8221;, manifest\u00f3 y aclar\u00f3 que su accionar no enfrenta al PRO con La Libertad Avanza -en medio su casi unificaci\u00f3n- porque &#8220;es contra ella (Arrieta)&#8221;. &#8220;Creo que hasta le estar\u00edamos haciendo un favor a Javier Milei para que elija sus aliados&#8221;, desliz\u00f3 en tono ir\u00f3nico.<\/p>\n\n\n\n<p>Asimismo, dijo que dichas listas de LLA &#8220;son casi copias del PRO de la Ciudad de Mendoza. Aparecen los diputados del PRO Sol Salinas y Enrique Thomas e infinidad de gente&#8221;.<\/p>\n\n\n\n<p>Incluso, Enrique Thomas -presidente del interbloque de Cambia Mendoza en la C\u00e1mara de Diputados provincial- expres\u00f3  que &#8220;este tipo de de pr\u00e1cticas\u00a0demuestra una total falta de consideraci\u00f3n para las personas que se suman sin la autorizaci\u00f3n a un listado de\u00a0<strong>avales\u00a0<\/strong>de un partido en formaci\u00f3n que, a mi criterio, si es as\u00ed arranca muy mal. Hay que ser m\u00e1s prolijos&#8230; Sobre todo si\u00a0estamos hablando de un partido que tiene como m\u00e1ximo referente al presidente de la Naci\u00f3n.\u00a0<\/p>\n\n\n\n<p>Thomas (PRO), que en un principio ten\u00edan en mente avanzar legalmente, baj\u00f3 las revoluciones y dijo que con su abogado est\u00e1n analizando &#8220;si tomar medidas para evitar que esto se vuelva a repetir&#8221;.<\/p>\n\n\n\n<h2 class=\"wp-block-heading\">Avales truchados<\/h2>\n\n\n\n<p>El esc\u00e1ndalo comenz\u00f3 en&nbsp;abril cuando dirigentes del Partido Libertario, enfrentados con<strong>&nbsp;Lourdes Arrieta<\/strong>, denunciaron que hab\u00eda personas fallecidas en la n\u00f3mina de&nbsp;<strong>avales&nbsp;<\/strong>que la diputada hab\u00eda presentado ante la Justicia Federal para conformar el partido pol\u00edtico<strong>&nbsp;La Libertad Avanza.<\/strong>&nbsp;Lo mismo esgrim\u00edan desde el sector que encabeza el abogado Alejandro Barraza, quien tambi\u00e9n present\u00f3 los papeles para inscribir ese mismo partido pol\u00edtico.<\/p>\n\n\n\n<p>El acta en el que aparecen los nombres&nbsp;est\u00e1 firmada por el hermano de la diputada nacional, Mart\u00edn Arrieta, que es la mano derecha de la legisladora y participa activamente en el espacio. Seg\u00fan consta, \u00e9l certific\u00f3 la validez de los&nbsp;<strong>avales&nbsp;<\/strong>presentados por lo que su situaci\u00f3n ser\u00eda compleja.<\/p>\n\n\n\n<p>Con las denuncias ante la Justicia y el pedido de exclusi\u00f3n en el Congreso, el esc\u00e1ndalo llega lentamente\u00a0a Buenos Aires, desde donde Lourdes Arrieta ha recibido apoyo casi incondicional por parte de Karina Milei y el presidente de la C\u00e1mara de Diputados, Mart\u00edn Menem. Ellos asumieron el padrinazgo de la joven legisladora que lleg\u00f3 al Congreso de la Naci\u00f3n como tercera en la lista de candidatos conformada por la diputada Mercedes Llano y el diputado Facundo Correa Llano. Al d\u00eda de hoy, Arrieta -con apenas 6 meses como pol\u00edtica- tiene la lapicera\u00a0en nada m\u00e1s y nada menos que la sede del PAMI en Mendoza.<\/p>\n\n\n\n<p>FUENTE: MDZonline.<\/p>\n","protected":false},"excerpt":{"rendered":"<p>La diputada nacional protagoniz\u00f3 un esc\u00e1ndalo en el marco de la presentaci\u00f3n de avales de LLA en Mendoza y un dirigente del PRO decidi\u00f3 ir a fondo al ver que su padre fallecido figuraba en la n\u00f3mina. La diputada nacional mendocina\u00a0Lourdes Arrieta\u00a0se vio envuelta en un esc\u00e1ndalo\u00a0luego de que se conociera que falsific\u00f3\u00a0avales\u00a0en el proceso [&hellip;]<\/p>\n","protected":false},"author":2,"featured_media":8082,"comment_status":"open","ping_status":"open","sticky":true,"template":"","format":"standard","meta":[],"categories":[47],"tags":[],"_links":{"self":[{"href":"https:\/\/pasaenmendoza.com\/index.php?rest_route=\/wp\/v2\/posts\/8080"}],"collection":[{"href":"https:\/\/pasaenmendoza.com\/index.php?rest_route=\/wp\/v2\/posts"}],"about":[{"href":"https:\/\/pasaenmendoza.com\/index.php?rest_route=\/wp\/v2\/types\/post"}],"author":[{"embeddable":true,"href":"https:\/\/pasaenmendoza.com\/index.php?rest_route=\/wp\/v2\/users\/2"}],"replies":[{"embeddable":true,"href":"https:\/\/pasaenmendoza.com\/index.php?rest_route=%2Fwp%2Fv2%2Fcomments&post=8080"}],"version-history":[{"count":1,"href":"https:\/\/pasaenmendoza.com\/index.php?rest_route=\/wp\/v2\/posts\/8080\/revisions"}],"predecessor-version":[{"id":8083,"href":"https:\/\/pasaenmendoza.com\/index.php?rest_route=\/wp\/v2\/posts\/8080\/revisions\/8083"}],"wp:featuredmedia":[{"embeddable":true,"href":"https:\/\/pasaenmendoza.com\/index.php?rest_route=\/wp\/v2\/media\/8082"}],"wp:attachment":[{"href":"https:\/\/pasaenmendoza.com\/index.php?rest_route=%2Fwp%2Fv2%2Fmedia&parent=8080"}],"wp:term":[{"taxonomy":"category","embeddable":true,"href":"https:\/\/pasaenmendoza.com\/index.php?rest_route=%2Fwp%2Fv2%2Fcategories&post=8080"},{"taxonomy":"post_tag","embeddable":true,"href":"https:\/\/pasaenmendoza.com\/index.php?rest_route=%2Fwp%2Fv2%2Ftags&post=8080"}],"curies":[{"name":"wp","href":"https:\/\/api.w.org\/{rel}","templated":true}]}}