{"id":8084,"date":"2024-06-06T15:02:09","date_gmt":"2024-06-06T13:02:09","guid":{"rendered":"https:\/\/pasaenmendoza.com\/?p=8084"},"modified":"2024-06-06T15:02:10","modified_gmt":"2024-06-06T13:02:10","slug":"natalio-mema-adelanto-la-estrategia-de-mendoza-frente-a-la-pampa","status":"publish","type":"post","link":"https:\/\/pasaenmendoza.com\/?p=8084","title":{"rendered":"Natalio Mema adelant\u00f3 la estrategia de Mendoza frente a La Pampa"},"content":{"rendered":"\n<p>El ministro de Gobierno sostuvo que se busca lograr el consenso en el arco pol\u00edtico para responder el reclamo del gobernador Sergio Ziliotto por el agua.<\/p>\n\n\n\n<p>En pleno debate en comisiones de senadores por la adenda que habilita a la Provincia al uso de los 1023 millones de d\u00f3lares, el Gobierno de\u00a0<strong>Alfredo Cornejo\u00a0<\/strong>adelant\u00f3\u00a0cu\u00e1l ser\u00e1 su estrategia frente\u00a0\u00a0al reclamo judicial de<strong>\u00a0La Pampa<\/strong>\u00a0contra Mendoza.<\/p>\n\n\n\n<p><strong>Natalio Mema<\/strong>, ministro de Gobierno, adelant\u00f3 que la intenci\u00f3n del Ejecutivo es reunir al Fiscal de Estado, Fernando Sim\u00f3n, y al Asesor de Gobierno, Ricardo Canet, con todos los senadores y diputados provinciales. El objetivo es que conozcan la defensa jur\u00eddica que tendr\u00e1 Mendoza ante la denuncia realizada por el mandatario pampeano,&nbsp;<strong>Sergio Ziliotto<\/strong>, en la Corte Suprema de Justicia.<\/p>\n\n\n\n<p>\u201c<em>Queremos imitar lo que hicieron los intendentes sure\u00f1os. Ac\u00e1 no hay colores pol\u00edticos, sino defender a la Provincia<\/em>\u201d, afirm\u00f3 Mema posteriormente.<\/p>\n\n\n\n<p>La aclaraci\u00f3n de Mema se produjo por una pregunta del senador sanrafaelino del&nbsp;<strong>Frente Eleg\u00ed<\/strong>, Mauricio Sat.<\/p>\n\n\n\n<p>Sat quiso saber si el Gobierno de Mendoza ten\u00eda calculado en t\u00e9rminos econ\u00f3micos los perjuicios que caus\u00f3 la&nbsp;<strong>promoci\u00f3n industrial<\/strong>&nbsp;en los departamentos sure\u00f1os durante la d\u00e9cada del 90.<\/p>\n\n\n\n<p>Luego de varias idas y vueltas, Mema sugiri\u00f3 \u201c<em>dejar las diferencias partidarias y estar unidos en esto<\/em>\u201d.<\/p>\n\n\n\n<p>\u201c<em>El Sur es una parte importante de la provincia y ha tenido perjuicio. Por eso, muchos proyectos que tenemos en mente como El Baqueano, Los Nihuiles y el propio Portezuelo del Viento est\u00e1n todas ubicadas en el Sur. Pero lamentablemente muchas de esas obras dependen del problema con el COIRCO<\/em>\u201d, complet\u00f3 Mema.<\/p>\n\n\n\n<p>FUENTE:Elsol.com.ar <\/p>\n\n\n\n<h3 class=\"wp-block-heading\"><\/h3>\n","protected":false},"excerpt":{"rendered":"<p>El ministro de Gobierno sostuvo que se busca lograr el consenso en el arco pol\u00edtico para responder el reclamo del gobernador Sergio Ziliotto por el agua. En pleno debate en comisiones de senadores por la adenda que habilita a la Provincia al uso de los 1023 millones de d\u00f3lares, el Gobierno de\u00a0Alfredo Cornejo\u00a0adelant\u00f3\u00a0cu\u00e1l ser\u00e1 su [&hellip;]<\/p>\n","protected":false},"author":2,"featured_media":8085,"comment_status":"open","ping_status":"open","sticky":true,"template":"","format":"standard","meta":[],"categories":[47],"tags":[],"_links":{"self":[{"href":"https:\/\/pasaenmendoza.com\/index.php?rest_route=\/wp\/v2\/posts\/8084"}],"collection":[{"href":"https:\/\/pasaenmendoza.com\/index.php?rest_route=\/wp\/v2\/posts"}],"about":[{"href":"https:\/\/pasaenmendoza.com\/index.php?rest_route=\/wp\/v2\/types\/post"}],"author":[{"embeddable":true,"href":"https:\/\/pasaenmendoza.com\/index.php?rest_route=\/wp\/v2\/users\/2"}],"replies":[{"embeddable":true,"href":"https:\/\/pasaenmendoza.com\/index.php?rest_route=%2Fwp%2Fv2%2Fcomments&post=8084"}],"version-history":[{"count":1,"href":"https:\/\/pasaenmendoza.com\/index.php?rest_route=\/wp\/v2\/posts\/8084\/revisions"}],"predecessor-version":[{"id":8086,"href":"https:\/\/pasaenmendoza.com\/index.php?rest_route=\/wp\/v2\/posts\/8084\/revisions\/8086"}],"wp:featuredmedia":[{"embeddable":true,"href":"https:\/\/pasaenmendoza.com\/index.php?rest_route=\/wp\/v2\/media\/8085"}],"wp:attachment":[{"href":"https:\/\/pasaenmendoza.com\/index.php?rest_route=%2Fwp%2Fv2%2Fmedia&parent=8084"}],"wp:term":[{"taxonomy":"category","embeddable":true,"href":"https:\/\/pasaenmendoza.com\/index.php?rest_route=%2Fwp%2Fv2%2Fcategories&post=8084"},{"taxonomy":"post_tag","embeddable":true,"href":"https:\/\/pasaenmendoza.com\/index.php?rest_route=%2Fwp%2Fv2%2Ftags&post=8084"}],"curies":[{"name":"wp","href":"https:\/\/api.w.org\/{rel}","templated":true}]}}