{"id":8088,"date":"2024-06-06T15:09:03","date_gmt":"2024-06-06T13:09:03","guid":{"rendered":"https:\/\/pasaenmendoza.com\/?p=8088"},"modified":"2024-06-06T15:09:05","modified_gmt":"2024-06-06T13:09:05","slug":"lasherasgate-la-ong-que-no-rindio-el-subsidio-banca-a-janina-ortiz","status":"publish","type":"post","link":"https:\/\/pasaenmendoza.com\/?p=8088","title":{"rendered":"#LasHerasGate: la ONG que no rindi\u00f3 el subsidio &#8220;banca&#8221; a Janina Ortiz"},"content":{"rendered":"\n<p>Entre las irregularidades detectadas por la auditor\u00eda de la Facultad de Ciencias Econ\u00f3micas de la UNCuyo sobre el \u00faltimo a\u00f1o de gesti\u00f3n de\u00a0Daniel Orozco\u00a0en Las Heras, se destaca la entrega de un\u00a0<strong>subsidio<\/strong>\u00a0de\u00a0<strong>10 millones de pesos<\/strong>\u00a0a una fundaci\u00f3n, con la particularidad que nunca fue rendido. Se trata de la ONG\u00a0<strong>&#8220;No m\u00e1s hambre&#8221;\u00a0<\/strong>que, m\u00e1s all\u00e1 de\u00a0<strong>no justificar en qu\u00e9 us\u00f3 ese dinero<\/strong>, en marzo de este a\u00f1o difundi\u00f3 un\u00a0<strong>mensaje institucional en apoyo a<\/strong>\u00a0la exsecretaria de Gobierno y esposa del exintendente,\u00a0Janina Ortiz.<\/p>\n\n\n\n<p>&#8220;\u00a1Fuerza en estos momentos!&#8221;, fue parte de la dedicatoria que la asociaci\u00f3n civil&nbsp;<strong>&#8220;No m\u00e1s hambre&#8221;<\/strong>&nbsp;(o&nbsp;<strong>&#8220;No + hambre&#8221;<\/strong>) incluy\u00f3 en un&nbsp;<strong>video<\/strong>&nbsp;institucional en el que mostraron la inauguraci\u00f3n de una casa-granja en la provincia de Salta. All\u00ed mismo, indicaron:<strong>&nbsp;&#8220;Dedicada esta inauguraci\u00f3n a Janina Ortiz. \u00a1Fuerza en estos momentos!&#8221;<\/strong>.<\/p>\n\n\n\n<p>Este\u00a0<strong>video<\/strong>\u00a0que la fundaci\u00f3n &#8220;No m\u00e1s hambre&#8221; dedic\u00f3 a Ortiz se public\u00f3 el\u00a0<strong>20 de marzo de 2024<\/strong>, apenas una semana antes de que la entonces diputada de La Uni\u00f3n Mendocina\u00a0fuese suspendida por &#8220;comportamiento indigno&#8221;, al presentar innumerables recursos para\u00a0<strong>evitar que le notifiquen dos imputaciones judiciales<\/strong>: una por\u00a0<strong>fraude<\/strong>\u00a0a la administraci\u00f3n p\u00fablica y otra por<strong>\u00a0coacci\u00f3n agravada<\/strong>\u00a0contra una empleada municipal.<\/p>\n\n\n\n<p>La asociaci\u00f3n civil &#8220;No m\u00e1s hambre&#8221; tiene presencia nacional y, entre otras acciones, construye\u00a0<strong>centros de d\u00eda para atenci\u00f3n de personas discapacitadas<\/strong>. Su presidenta,\u00a0<strong>Jimena Gallardo<\/strong>, eligi\u00f3 el departamento de\u00a0<strong>Las Heras<\/strong>\u00a0para hacer &#8220;pata ancha&#8221; en Mendoza en la primera gesti\u00f3n de Orozco como intendente, quien le don\u00f3 terrenos en El Borboll\u00f3n.\u00a0<\/p>\n\n\n\n<p>De todos modos,\u00a0<strong>el v\u00ednculo con el municipio se potenci\u00f3 a partir de 2019<\/strong>, cuando\u00a0<strong>Janina Ortiz\u00a0<\/strong>asumi\u00f3 como\u00a0<strong>secretaria de Gobierno<\/strong>. Ambas encararon\u00a0<strong>diversas acciones en conjunto<\/strong>, los\u00a0<strong>subsidios<\/strong>\u00a0<strong>municipales<\/strong>\u00a0fluyeron e incluso la ONG les entreg\u00f3 un diploma al matrimonio gobernante en el Senado de la Naci\u00f3n.<\/p>\n\n\n\n<p>M\u00e1s all\u00e1 de la cercan\u00eda con la esposa de Daniel Orozco, la presidenta de la asociaci\u00f3n civil &#8220;No m\u00e1s hambre&#8221; ha entablado relaciones con m\u00faltiples actores de la pol\u00edtica, de diferentes partidos y regiones del pa\u00eds, y con referentes gremiales. De hecho, despu\u00e9s de la dedicatoria a la suspendida diputada de La Uni\u00f3n Mendocina, Gallardo se reuni\u00f3 con un ministro de\u00a0Alfredo Cornejo:\u00a0<strong>Rodolfo Montero<\/strong>, a cargo de la cartera de Salud.<\/p>\n\n\n\n<p>A comienzos de mayo,\u00a0<strong>la titular de la ONG<\/strong>, que nunca rindi\u00f3 el \u00faltimo subsidio de $10 millones de Las Heras, y el ministro\u00a0<strong>Montero<\/strong>\u00a0recorrieron las<strong>\u00a0instalaciones del centro de d\u00eda que levantaron en El Borboll\u00f3n<\/strong>. &#8220;La visita del ministro y personal del Ministerio fue para conocer y ver c\u00f3mo iban a trabajar. El centro\u00a0<strong>est\u00e1 ediliciamente terminado<\/strong>, incluso tiene equipamiento, pero a\u00fan no est\u00e1 categorizado porque le faltaban algunas cosas. Desde entonces fueron mejorando, se hicieron inspecciones, y\u00a0<strong>estimamos que en 15 d\u00edas, m\u00e1s o menos, estar\u00e1 categorizado y listo para funcionar<\/strong>&#8220;, se\u00f1alaron desde el Ministerio de Salud, al ser consultados por la visita de Montero.<\/p>\n\n\n\n<p>FUENTE: Mendozapost.<\/p>\n","protected":false},"excerpt":{"rendered":"<p>Entre las irregularidades detectadas por la auditor\u00eda de la Facultad de Ciencias Econ\u00f3micas de la UNCuyo sobre el \u00faltimo a\u00f1o de gesti\u00f3n de\u00a0Daniel Orozco\u00a0en Las Heras, se destaca la entrega de un\u00a0subsidio\u00a0de\u00a010 millones de pesos\u00a0a una fundaci\u00f3n, con la particularidad que nunca fue rendido. Se trata de la ONG\u00a0&#8220;No m\u00e1s hambre&#8221;\u00a0que, m\u00e1s all\u00e1 de\u00a0no justificar [&hellip;]<\/p>\n","protected":false},"author":2,"featured_media":8089,"comment_status":"open","ping_status":"open","sticky":true,"template":"","format":"standard","meta":[],"categories":[47],"tags":[],"_links":{"self":[{"href":"https:\/\/pasaenmendoza.com\/index.php?rest_route=\/wp\/v2\/posts\/8088"}],"collection":[{"href":"https:\/\/pasaenmendoza.com\/index.php?rest_route=\/wp\/v2\/posts"}],"about":[{"href":"https:\/\/pasaenmendoza.com\/index.php?rest_route=\/wp\/v2\/types\/post"}],"author":[{"embeddable":true,"href":"https:\/\/pasaenmendoza.com\/index.php?rest_route=\/wp\/v2\/users\/2"}],"replies":[{"embeddable":true,"href":"https:\/\/pasaenmendoza.com\/index.php?rest_route=%2Fwp%2Fv2%2Fcomments&post=8088"}],"version-history":[{"count":1,"href":"https:\/\/pasaenmendoza.com\/index.php?rest_route=\/wp\/v2\/posts\/8088\/revisions"}],"predecessor-version":[{"id":8090,"href":"https:\/\/pasaenmendoza.com\/index.php?rest_route=\/wp\/v2\/posts\/8088\/revisions\/8090"}],"wp:featuredmedia":[{"embeddable":true,"href":"https:\/\/pasaenmendoza.com\/index.php?rest_route=\/wp\/v2\/media\/8089"}],"wp:attachment":[{"href":"https:\/\/pasaenmendoza.com\/index.php?rest_route=%2Fwp%2Fv2%2Fmedia&parent=8088"}],"wp:term":[{"taxonomy":"category","embeddable":true,"href":"https:\/\/pasaenmendoza.com\/index.php?rest_route=%2Fwp%2Fv2%2Fcategories&post=8088"},{"taxonomy":"post_tag","embeddable":true,"href":"https:\/\/pasaenmendoza.com\/index.php?rest_route=%2Fwp%2Fv2%2Ftags&post=8088"}],"curies":[{"name":"wp","href":"https:\/\/api.w.org\/{rel}","templated":true}]}}