{"id":8091,"date":"2024-06-06T15:13:33","date_gmt":"2024-06-06T13:13:33","guid":{"rendered":"https:\/\/pasaenmendoza.com\/?p=8091"},"modified":"2024-06-06T15:13:34","modified_gmt":"2024-06-06T13:13:34","slug":"mientras-se-define-la-derogacion-de-la-ley-el-gobierno-dio-mas-tiempo-para-registrar-contratos-agricolas","status":"publish","type":"post","link":"https:\/\/pasaenmendoza.com\/?p=8091","title":{"rendered":"Mientras se define la derogaci\u00f3n de la ley, el Gobierno dio m\u00e1s tiempo para registrar contratos agr\u00edcolas"},"content":{"rendered":"\n<p>Fue por pedido de los propios productores porque la Ley de Contratos, que est\u00e1 en discusi\u00f3n en el Ejecutivo, preve\u00eda tiempo hasta el 31 de mayo<\/p>\n\n\n\n<p>El director de Fiscalizaci\u00f3n, control y tecnolog\u00eda agroindustrial Leandro Luis Rold\u00e1n prorrog\u00f3 por 60 d\u00edas h\u00e1biles el plazo para la\u00a0<strong>registraci\u00f3n de contratos de compra venta de productos agr\u00edcolas<\/strong>\u00a0regidos por la Ley N\u00ba 9.133, que Alfredo Cornejo tiene en la mira.<\/p>\n\n\n\n<p>Si bien la ley es amplia y abarca a los contratos agr\u00edcolas en general, de productos cuyo uso o destino final sea entregarlos a establecimientos agro industriales de Mendoza, usualmente los mismos se utilizan para la<strong>&nbsp;compra y venta de uva<\/strong>.<\/p>\n\n\n\n<p>Y es por ello que fueron entidades y productores del sector vitivin\u00edcola los que\u00a0<strong>pidieron al Gobierno que extienda los plazos para poder registrar los convenios y evitar multas de alto costo<\/strong>, que acaban complicando a la producci\u00f3n local.<\/p>\n\n\n\n<p>La existencia de esos plazos es uno de los reclamos que hace tiempo los productores realizan a la ley que se sancion\u00f3 en 2018 y que ten\u00eda por fin resguardar al lado m\u00e1s d\u00e9bil de la negociaci\u00f3n por los precios y la forma de pago de las mercader\u00edas.<\/p>\n\n\n\n<h2 class=\"wp-block-heading\">La inminente derogaci\u00f3n de la Ley N\u00ba 9133<\/h2>\n\n\n\n<p>El gobernador adelant\u00f3 en su discurso anual de apertura de las sesiones ordinarias en la Legislatura provincial que se iban a eliminar o modificar sustancialmente este a\u00f1o algunas regulaciones y tr\u00e1mites &#8220;innecesarios&#8221; y dio como ejemplo la&nbsp;<strong>Ley 9133<\/strong>, que establece la obligatoriedad del registro de compra y venta de materias primas agr\u00edcolas.<\/p>\n\n\n\n<p>&#8220;Exigir por ley el registro de fechas de vencimiento para realizar contratos, o fijar precios previamente al ingreso de productos a los establecimientos, son aspectos que, en la Argentina de hoy, no tienen utilidad pr\u00e1ctica&#8221;, opin\u00f3 Cornejo y anunci\u00f3 que<strong>&nbsp;mandar\u00eda un proyecto de ley para derogarla<\/strong>.<\/p>\n\n\n\n<p>&#8220;Su aplicaci\u00f3n es objeto de cr\u00edticas tanto de productores e industriales en toda la Provincia, ya que provoca tr\u00e1mites engorrosos, mayores costos y demoras en la operatoria comercial&#8221;, dijo.<\/p>\n\n\n\n<p>Esos dichos fueron uno de los argumentos esgrimidos por los productores en el pedido de ampliaci\u00f3n de plazos para la registraci\u00f3n de contratos.<\/p>\n\n\n\n<p>Seg\u00fan confirmaron desde el Ministerio de Producci\u00f3n,&nbsp;<strong>la presentaci\u00f3n del proyecto para la derogaci\u00f3n de la Ley N\u00ba 9.133 en la C\u00e1mara de Senadores ser\u00e1 este mismo jueves<\/strong>&nbsp;y estar\u00e1 a cargo del ministro Rodolfo Vargas Arizu.<\/p>\n\n\n\n<h2 class=\"wp-block-heading\">El plazo se venc\u00eda en mayo<\/h2>\n\n\n\n<p><strong>Fabi\u00e1n Ruggeri, presidente de la Asociaci\u00f3n de Cooperativas Vitivin\u00edcolas (Acovi)<\/strong>, explic\u00f3 que, seg\u00fan la ley vigente, &#8220;en los \u00faltimos d\u00edas de mayo ten\u00edan que estar los contratos registrados y sellados en la Bolsa de Comercio para que los mismos tengan vigencia&#8221;.<\/p>\n\n\n\n<p>&#8220;Desde el sector se pidi\u00f3 que esos contratos no venzan porque al hacerlo, si la empresa no los hab\u00eda registrado, tendr\u00eda que afrontar multas realmente importantes&#8221;, se\u00f1al\u00f3.<\/p>\n\n\n\n<p>&#8220;Lo que se trata de evitar es que las empresas que a\u00fan no han podido registrar los contratos no tengan que pagar multas absolutamente innecesarias por cuestiones que son m\u00e1s pr\u00e1cticas&#8221;, expres\u00f3 Ruggeri.<\/p>\n\n\n\n<p>Desde el Gobierno se resolvi\u00f3 dar una\u00a0<strong>pr\u00f3rroga de 60 d\u00edas h\u00e1biles (hasta fines de agosto)<\/strong>, que consideraron suficiente.<\/p>\n\n\n\n<p>FUENTE: Diariouno.com.ar <\/p>\n","protected":false},"excerpt":{"rendered":"<p>Fue por pedido de los propios productores porque la Ley de Contratos, que est\u00e1 en discusi\u00f3n en el Ejecutivo, preve\u00eda tiempo hasta el 31 de mayo El director de Fiscalizaci\u00f3n, control y tecnolog\u00eda agroindustrial Leandro Luis Rold\u00e1n prorrog\u00f3 por 60 d\u00edas h\u00e1biles el plazo para la\u00a0registraci\u00f3n de contratos de compra venta de productos agr\u00edcolas\u00a0regidos por [&hellip;]<\/p>\n","protected":false},"author":2,"featured_media":8092,"comment_status":"open","ping_status":"open","sticky":true,"template":"","format":"standard","meta":[],"categories":[47],"tags":[],"_links":{"self":[{"href":"https:\/\/pasaenmendoza.com\/index.php?rest_route=\/wp\/v2\/posts\/8091"}],"collection":[{"href":"https:\/\/pasaenmendoza.com\/index.php?rest_route=\/wp\/v2\/posts"}],"about":[{"href":"https:\/\/pasaenmendoza.com\/index.php?rest_route=\/wp\/v2\/types\/post"}],"author":[{"embeddable":true,"href":"https:\/\/pasaenmendoza.com\/index.php?rest_route=\/wp\/v2\/users\/2"}],"replies":[{"embeddable":true,"href":"https:\/\/pasaenmendoza.com\/index.php?rest_route=%2Fwp%2Fv2%2Fcomments&post=8091"}],"version-history":[{"count":1,"href":"https:\/\/pasaenmendoza.com\/index.php?rest_route=\/wp\/v2\/posts\/8091\/revisions"}],"predecessor-version":[{"id":8093,"href":"https:\/\/pasaenmendoza.com\/index.php?rest_route=\/wp\/v2\/posts\/8091\/revisions\/8093"}],"wp:featuredmedia":[{"embeddable":true,"href":"https:\/\/pasaenmendoza.com\/index.php?rest_route=\/wp\/v2\/media\/8092"}],"wp:attachment":[{"href":"https:\/\/pasaenmendoza.com\/index.php?rest_route=%2Fwp%2Fv2%2Fmedia&parent=8091"}],"wp:term":[{"taxonomy":"category","embeddable":true,"href":"https:\/\/pasaenmendoza.com\/index.php?rest_route=%2Fwp%2Fv2%2Fcategories&post=8091"},{"taxonomy":"post_tag","embeddable":true,"href":"https:\/\/pasaenmendoza.com\/index.php?rest_route=%2Fwp%2Fv2%2Ftags&post=8091"}],"curies":[{"name":"wp","href":"https:\/\/api.w.org\/{rel}","templated":true}]}}