{"id":8099,"date":"2024-06-06T16:04:57","date_gmt":"2024-06-06T14:04:57","guid":{"rendered":"https:\/\/pasaenmendoza.com\/?p=8099"},"modified":"2024-06-06T16:04:59","modified_gmt":"2024-06-06T14:04:59","slug":"dudas-en-torno-a-la-muerte-de-una-chica-en-un-accidente-en-las-heras","status":"publish","type":"post","link":"https:\/\/pasaenmendoza.com\/?p=8099","title":{"rendered":"Dudas en torno a la muerte de una chica en un accidente en Las Heras"},"content":{"rendered":"\n<p>El pasado 18 de abril,<strong>\u00a0dos adolescentes se accidentaron en el Barrio Integraci\u00f3n de Las Heras, en el que falleci\u00f3 la adolescente Brisa Quiroga Garay<\/strong>. Seg\u00fan la informaci\u00f3n oficial del Ministerio de Seguridad, el accidente<strong>\u00a0ocurri\u00f3 debido al mal estado de la calzada\u00a0<\/strong>por la que circulaban. Sin embargo,\u00a0<strong>la familia de la joven asegura que el accidente fue generado por una patrulla policial<\/strong>, que habr\u00eda impactado al rodado menor, causando la ca\u00edda.<\/p>\n\n\n\n<p><strong>El accidente ocurri\u00f3 a las 2:45 de la madrugada<\/strong>\u00a0del jueves 18 de abril, cuando, seg\u00fan el parte policial, un joven de 17 a\u00f1os, que iba con una acompa\u00f1ante,\u00a0<strong>habr\u00eda perdido el dominio de la moto\u00a0<\/strong>marca Rowser Bajaj de 200 cc.,\u00a0<strong>causado por el mal estado de la calzada, que provoc\u00f3 un derrape y la posterior ca\u00edda al suelo<\/strong>. Producto del impacto,\u00a0<strong>se produjo la muerte en el acto de la joven de 16 a\u00f1os.\u00a0<\/strong><\/p>\n\n\n\n<p><strong>Al d\u00eda siguiente del accidente, falleci\u00f3 tambi\u00e9n el joven que conduc\u00eda la moto, identificado como L.C.,<\/strong>\u00a0debido a las heridas recibidas. Hab\u00eda sido ingresado al hospital Central, con traumatismo abdominal moderado y traumatismos en brazos, seg\u00fan la informaci\u00f3n dispuesta en el parte policial.<\/p>\n\n\n\n<p>A casi dos meses del hecho, la familia de Brisa tiene una versi\u00f3n distinta de lo que ocurri\u00f3 en la madrugada del 18 de abril. En di\u00e1logo con el&nbsp;<strong>Post<\/strong>, la madre de la chica,&nbsp;<strong>Y\u00e9sica Garay, asegur\u00f3 que la muerte de su hija no fue a causa de un simple accidente producido por el mal estado de la calle, si no que estuvo involucrada una patrulla policial que persegu\u00eda la moto en la que viajaba su hija.&nbsp;<\/strong><\/p>\n\n\n\n<p>La madre se\u00f1al\u00f3 que hubo irregularidades en la investigaci\u00f3n, que&nbsp;<strong>comenzaron a ver luego de hablar con los vecinos del lugar del hecho.<\/strong><\/p>\n\n\n\n<p>Y\u00e9sica Garay fue al lugar del accidente,\u00a0<strong>en la manzana C4 del barrio Integraci\u00f3n<\/strong>, donde manifest\u00f3 que habl\u00f3 con los vecinos sobre lo ocurrido.<\/p>\n\n\n\n<p>&#8220;Nosotros empezamos a sospechar por un se\u00f1or que sali\u00f3 hablando en el Canal 7, que \u00e9l dice<strong>\u00a0que escuch\u00f3 a un polic\u00eda decirle a otro que vio la moto volar<\/strong>&#8220;, relata la madre de Brisa y agrega que &#8220;pensamos muchas versiones, supuestamente se dice que no hab\u00eda ninguna movilidad y\u00a0<strong>seg\u00fan el fiscal la movilidad cay\u00f3 como a los 10 minutos, y los vecinos dicen que no, que el m\u00f3vil estaba justo atr\u00e1s de la de la moto cuando choc\u00f3<\/strong>&#8220;.<\/p>\n\n\n\n<p>&#8220;Lo que me dice una vecina es que ella escuch\u00f3 esa noche dos motos,&nbsp;<strong>ella dice que piensa que (los polic\u00edas) han venido siguiendo a la otra moto y se han equivocado<\/strong>,<strong>&nbsp;largaron un tiro y le han pegado a quien no le ten\u00edan que pegar y luego le pegaron a la moto detr\u00e1s, como para que la moto derrapara<\/strong>&#8220;, cont\u00f3 Y\u00e9sica, pero se\u00f1al\u00f3 que la vecina le coment\u00f3 que&nbsp;&nbsp;<strong>&#8220;en ning\u00fan momento derrap\u00f3 la moto<\/strong>. Nosotros fuimos ah\u00ed donde fue la escena, y se ve nom\u00e1s un ray\u00f3n, como el del pedal\u00edn de la moto que pega cuando cae la moto de costado y ah\u00ed se ve el pique la moto&#8221;, se\u00f1al\u00f3.&nbsp;<\/p>\n\n\n\n<p>Esta versi\u00f3n proporcionada por los vecinos alert\u00f3 sobre lo ocurrido a la familia, quienes manifiestan, adem\u00e1s, que\u00a0<strong>la moto accidentada tiene da\u00f1os en la parte delantera, donde fue el choque, y en la parte trasera, que no se explican<\/strong>. &#8220;La moto tiene da\u00f1os en la parte de adelante, que supuestamente es donde fue el choque que fue de frente,<strong>\u00a0pero lo que no entendemos es por qu\u00e9 la parte de atr\u00e1s est\u00e1 tan da\u00f1ada<\/strong>&#8220;, coment\u00f3 Garay.<\/p>\n\n\n\n<p>La posibilidad de que la muerte de los j\u00f3venes no haya sido accidental, tiene en vilo a la familia, quienes se\u00f1alan que&nbsp;<strong>a\u00fan no han podido acceder a los resultados de las pericias del lugar del hecho, debido al paro de judiciales<\/strong>.&nbsp;<\/p>\n\n\n\n<p>&#8220;La ayudante de la jueza dice que al ser menores solamente tienen que ser los padres los que lean todo el expediente.&nbsp;<strong>No tenemos los resultados de las pericias por el paro, eso es&nbsp; lo que nos dijeron<\/strong>&#8220;, manifest\u00f3 y a\u00f1adi\u00f3 que &#8220;lo \u00fanico que hay, es una foto de la moto que ni est\u00e1 la parte donde est\u00e1 chocada, sino que es un costado de la moto, se ve que lo han subido los de la Fiscal\u00eda de 16&#8221;.<\/p>\n\n\n\n<p>La familia pudo acceder a la moto donde viajaban ambos j\u00f3venes y tomaron im\u00e1genes de\u00a0<strong>visibles da\u00f1os en la parte posterior de la misma<\/strong>, los cuales, aparentemente, no coinciden con el parte policial.\u00a0<\/p>\n\n\n\n<p>Por otro lado, la madre de Brisa Quiroga manifest\u00f3 que<strong>\u00a0jam\u00e1s apareci\u00f3 el casco que utilizaba su hija<\/strong>, que era un casco negro, seg\u00fan la versi\u00f3n de los vecinos con quienes hablaron. S\u00ed se hall\u00f3 un casco rosado, que ser\u00eda el que utilizaba el joven conductor de la moto. La desaparici\u00f3n del casco alert\u00f3 a la familia.\u00a0<strong>&#8220;Los vecinos me comentaron que hab\u00eda dos cascos y que mi hija ten\u00eda el casco tambi\u00e9n<\/strong>. Entonces nosotros por ah\u00ed cre\u00edamos el tema de la versi\u00f3n que hab\u00edan dicho la polic\u00eda, pero despu\u00e9s entrando a buscar, un poco m\u00e1s tranquila la cabeza, falta el casco de mi hija, que estaba.\u00a0<strong>Los cuatro vecinos nos han dicho lo mismo, que ella ten\u00eda un casco negro<\/strong>&#8220;, asegur\u00f3 Y\u00e9sica Garay.<\/p>\n\n\n\n<p><strong>&#8220;Cuando fui a reconocer el cuerpo de mi hija a la morgue judicial, encontr\u00e9 extra\u00f1a la herida. Ten\u00eda la cabeza con una forma extra\u00f1a, la parte del ojito como algo salido, no entiendo por qu\u00e9 estaba as\u00ed, de esa forma<\/strong>&#8220;, se\u00f1al\u00f3 Garay y agreg\u00f3 que el casco de su hija, el que aseguran los vecinos que ten\u00eda puesto, no apareci\u00f3. Para la familia deber\u00eda estar el segundo casco, pero no est\u00e1. &#8220;Solamente hab\u00eda un casco, nosotros pedimos el otro casco y dijeron que figura un casco, que un casco&#8230; Y\u00a0<strong>a nosotros los que se nos ha metido en la cabeza, de que la hayan pegado a ella un tiro en la cabeza, y el casco es el que tiene todo y desapareci\u00f3 el casco de la nada<\/strong>&#8220;, expres\u00f3 la madre de Brisa Quiroga.<\/p>\n\n\n\n<p>Por \u00faltimo, la madre de la adolescente fallecida, explica que &#8220;<strong>no pueden realizar la denuncia por el paro&#8221; y que desde el juzgado les han dicho que &#8220;tenemos que conseguir al menos un testigo, pero no quieren hablar porque tienen miedo<\/strong>, ya que es una zona con mucha inseguridad&#8221;, y concluy\u00f3 se\u00f1alando que &#8220;<strong>tenemos miedo que se caiga la causa y no se investigue&#8221;<\/strong>&nbsp;la muerte de Brisa.&nbsp;<\/p>\n\n\n\n<p><strong>Este medio<\/strong>\u00a0<strong>consult\u00f3 con el Ministerio P\u00fablico Fiscal<\/strong>, para obtener una versi\u00f3n oficial respecto del caso,<strong>\u00a0pero no se proporcion\u00f3 respuesta.<\/strong><\/p>\n\n\n\n<p><strong>Fuente: www.mendozapost.com<\/strong><\/p>\n","protected":false},"excerpt":{"rendered":"<p>El pasado 18 de abril,\u00a0dos adolescentes se accidentaron en el Barrio Integraci\u00f3n de Las Heras, en el que falleci\u00f3 la adolescente Brisa Quiroga Garay. Seg\u00fan la informaci\u00f3n oficial del Ministerio de Seguridad, el accidente\u00a0ocurri\u00f3 debido al mal estado de la calzada\u00a0por la que circulaban. Sin embargo,\u00a0la familia de la joven asegura que el accidente fue [&hellip;]<\/p>\n","protected":false},"author":2,"featured_media":8100,"comment_status":"open","ping_status":"open","sticky":false,"template":"","format":"standard","meta":[],"categories":[48],"tags":[],"_links":{"self":[{"href":"https:\/\/pasaenmendoza.com\/index.php?rest_route=\/wp\/v2\/posts\/8099"}],"collection":[{"href":"https:\/\/pasaenmendoza.com\/index.php?rest_route=\/wp\/v2\/posts"}],"about":[{"href":"https:\/\/pasaenmendoza.com\/index.php?rest_route=\/wp\/v2\/types\/post"}],"author":[{"embeddable":true,"href":"https:\/\/pasaenmendoza.com\/index.php?rest_route=\/wp\/v2\/users\/2"}],"replies":[{"embeddable":true,"href":"https:\/\/pasaenmendoza.com\/index.php?rest_route=%2Fwp%2Fv2%2Fcomments&post=8099"}],"version-history":[{"count":1,"href":"https:\/\/pasaenmendoza.com\/index.php?rest_route=\/wp\/v2\/posts\/8099\/revisions"}],"predecessor-version":[{"id":8101,"href":"https:\/\/pasaenmendoza.com\/index.php?rest_route=\/wp\/v2\/posts\/8099\/revisions\/8101"}],"wp:featuredmedia":[{"embeddable":true,"href":"https:\/\/pasaenmendoza.com\/index.php?rest_route=\/wp\/v2\/media\/8100"}],"wp:attachment":[{"href":"https:\/\/pasaenmendoza.com\/index.php?rest_route=%2Fwp%2Fv2%2Fmedia&parent=8099"}],"wp:term":[{"taxonomy":"category","embeddable":true,"href":"https:\/\/pasaenmendoza.com\/index.php?rest_route=%2Fwp%2Fv2%2Fcategories&post=8099"},{"taxonomy":"post_tag","embeddable":true,"href":"https:\/\/pasaenmendoza.com\/index.php?rest_route=%2Fwp%2Fv2%2Ftags&post=8099"}],"curies":[{"name":"wp","href":"https:\/\/api.w.org\/{rel}","templated":true}]}}