{"id":810,"date":"2023-08-18T14:44:06","date_gmt":"2023-08-18T12:44:06","guid":{"rendered":"https:\/\/pasaenmendoza.com\/?p=810"},"modified":"2023-08-18T14:44:06","modified_gmt":"2023-08-18T12:44:06","slug":"cuando-viene-la-lluvia-a-mendoza","status":"publish","type":"post","link":"https:\/\/pasaenmendoza.com\/?p=810","title":{"rendered":"\u00bfCu\u00e1ndo viene la lluvia a Mendoza?"},"content":{"rendered":"\n<p>Este viernes c<strong>ontin\u00faa el tiempo fresco con cielo parcialmente nublado<\/strong>\u00a0y ya comienza a sentirse la<strong>\u00a0humedad<\/strong>. Ma\u00f1ana hay<strong>\u00a0bajas probabilidades de algunos chaparrones.<\/strong><\/p>\n\n\n\n<p>El pron\u00f3stico del Servicio Meteorol\u00f3gico Nacional indica para hoy una temperatura\u00a0<strong>m\u00ednima de 6\u00b0 y una m\u00e1xima de 16\u00b0<\/strong>.<\/p>\n\n\n\n<p>El viento del sureste trae humedad al ambiente, por el momento est\u00e1 en el 81%, y\u00a0<strong>ma\u00f1ana se pronostican algunas lluvias por la noche.<\/strong><\/p>\n\n\n\n<p>A partir del mediod\u00eda se prev\u00e9 que la nubosidad comience a aumentar.\u00a0<\/p>\n\n\n\n<p>Para\u00a0<strong>ma\u00f1ana s\u00e1bado<\/strong>, el pron\u00f3stico indica una m\u00ednima de 3\u00b0 y una m\u00e1xima de 16. La m\u00e1xima se mantendr\u00e1 alrededor de esa marca durante el<strong>\u00a0fin de semana que estar\u00e1 nublado\u00a0<\/strong>y con probables lluvias aisladas.<\/p>\n\n\n\n<p>Para el domingo, el pron\u00f3stico indica probabilidad de\u00a0<strong>ocurrencia de viento del oeste\u00a0<\/strong>que se mantiene hasta el lunes.<\/p>\n\n\n\n<p><strong>Fuente: www.mendozapost.com<\/strong><\/p>\n","protected":false},"excerpt":{"rendered":"<p>Este viernes contin\u00faa el tiempo fresco con cielo parcialmente nublado\u00a0y ya comienza a sentirse la\u00a0humedad. Ma\u00f1ana hay\u00a0bajas probabilidades de algunos chaparrones. El pron\u00f3stico del Servicio Meteorol\u00f3gico Nacional indica para hoy una temperatura\u00a0m\u00ednima de 6\u00b0 y una m\u00e1xima de 16\u00b0. El viento del sureste trae humedad al ambiente, por el momento est\u00e1 en el 81%, y\u00a0ma\u00f1ana [&hellip;]<\/p>\n","protected":false},"author":2,"featured_media":811,"comment_status":"open","ping_status":"open","sticky":false,"template":"","format":"standard","meta":[],"categories":[52],"tags":[],"_links":{"self":[{"href":"https:\/\/pasaenmendoza.com\/index.php?rest_route=\/wp\/v2\/posts\/810"}],"collection":[{"href":"https:\/\/pasaenmendoza.com\/index.php?rest_route=\/wp\/v2\/posts"}],"about":[{"href":"https:\/\/pasaenmendoza.com\/index.php?rest_route=\/wp\/v2\/types\/post"}],"author":[{"embeddable":true,"href":"https:\/\/pasaenmendoza.com\/index.php?rest_route=\/wp\/v2\/users\/2"}],"replies":[{"embeddable":true,"href":"https:\/\/pasaenmendoza.com\/index.php?rest_route=%2Fwp%2Fv2%2Fcomments&post=810"}],"version-history":[{"count":1,"href":"https:\/\/pasaenmendoza.com\/index.php?rest_route=\/wp\/v2\/posts\/810\/revisions"}],"predecessor-version":[{"id":812,"href":"https:\/\/pasaenmendoza.com\/index.php?rest_route=\/wp\/v2\/posts\/810\/revisions\/812"}],"wp:featuredmedia":[{"embeddable":true,"href":"https:\/\/pasaenmendoza.com\/index.php?rest_route=\/wp\/v2\/media\/811"}],"wp:attachment":[{"href":"https:\/\/pasaenmendoza.com\/index.php?rest_route=%2Fwp%2Fv2%2Fmedia&parent=810"}],"wp:term":[{"taxonomy":"category","embeddable":true,"href":"https:\/\/pasaenmendoza.com\/index.php?rest_route=%2Fwp%2Fv2%2Fcategories&post=810"},{"taxonomy":"post_tag","embeddable":true,"href":"https:\/\/pasaenmendoza.com\/index.php?rest_route=%2Fwp%2Fv2%2Ftags&post=810"}],"curies":[{"name":"wp","href":"https:\/\/api.w.org\/{rel}","templated":true}]}}