{"id":8102,"date":"2024-06-06T16:20:16","date_gmt":"2024-06-06T14:20:16","guid":{"rendered":"https:\/\/pasaenmendoza.com\/?p=8102"},"modified":"2024-06-06T16:20:17","modified_gmt":"2024-06-06T14:20:17","slug":"cayo-en-la-rioja-uno-de-los-acusados-de-balear-al-hijo-de-la-yaqui","status":"publish","type":"post","link":"https:\/\/pasaenmendoza.com\/?p=8102","title":{"rendered":"Cay\u00f3 en La Rioja uno de los acusados de balear al hijo de la Yaqui"},"content":{"rendered":"\n<p>En una operaci\u00f3n conjunta entre la\u00a0<strong>Divisi\u00f3n Policial de Mendoza<\/strong>\u00a0y la\u00a0<strong>Polic\u00eda de Investigaciones de La Rioja<\/strong>, lograron la detenci\u00f3n de\u00a0<strong>Emmanuel Alejandro Arce Gimenez<\/strong>, conocido como\u00a0<strong>&#8220;Emita&#8221;<\/strong>, un sospechoso vinculado a un hecho de violencia ocurrido el pasado 29 de enero de este a\u00f1o en\u00a0<strong>Godoy Cruz<\/strong>, en donde balearon a\u00a0<strong>Mauro Jes\u00fas Gelvez Vargas,<\/strong>\u00a0hijo de la Yaqui.\u00a0<\/p>\n\n\n\n<p>Seg\u00fan la informaci\u00f3n recabada, personal policial realiz\u00f3 diversas tareas investigativas que permitieron determinar que<strong>\u00a0&#8220;Emita&#8221;\u00a0<\/strong>se encontraba oculto en un puesto caprino ubicado en el departamento de\u00a0<strong>Chepes<\/strong>, donde resid\u00eda un sujeto conocido como\u00a0<strong>Ricardo Castro<\/strong>, apodado\u00a0<strong>&#8220;Pilin&#8221;<\/strong>, quien le brindaba refugio.<\/p>\n\n\n\n<p>Tras obtener las autorizaciones judiciales correspondientes, los efectivos allanaron la vivienda de<strong>\u00a0&#8220;Pilin&#8221;,<\/strong>\u00a0ubicada en la\u00a0localidad de\u00a0<strong>San Isidro<\/strong>\u00a0y lograron la detenci\u00f3n de\u00a0<strong>&#8220;Emita&#8221;<\/strong>, quien ser\u00e1 trasladado a Mendoza para continuar con las actuaciones procesales pertinentes.<\/p>\n\n\n\n<p>El hecho que motiv\u00f3 la investigaci\u00f3n se produjo el 29 de enero de 2024, cuando la v\u00edctima,&nbsp;<strong>Mauro Jes\u00fas Gelvez Vargas (hijo de Sandra Jaquelina Vargas &#8220;La Yaqui&#8221;)<\/strong>&nbsp;circulaba en motocicleta por el&nbsp;<strong>Barrio Los Para\u00edsos de Godoy Cruz<\/strong>&nbsp;y fue atacado a balazos por&nbsp;<strong>&#8220;Emita&#8221;<\/strong>&nbsp;y otros sujetos no identificados.&nbsp;<strong>Gelvez Vargas<\/strong>&nbsp;result\u00f3 herido de gravedad y debi\u00f3 ser asistido de urgencia en el&nbsp;<strong>Hospital El Carmen.<\/strong><\/p>\n\n\n\n<p>Seg\u00fan las autoridades, este hecho de violencia estar\u00eda vinculado a los enfrentamientos entre bandas dedicadas al narcotr\u00e1fico en la zona del Barrio Campo Papa y barrios aleda\u00f1os de Godoy Cruz.<\/p>\n\n\n\n<p><strong>Fuente: www.mendozapost.com<\/strong><\/p>\n","protected":false},"excerpt":{"rendered":"<p>En una operaci\u00f3n conjunta entre la\u00a0Divisi\u00f3n Policial de Mendoza\u00a0y la\u00a0Polic\u00eda de Investigaciones de La Rioja, lograron la detenci\u00f3n de\u00a0Emmanuel Alejandro Arce Gimenez, conocido como\u00a0&#8220;Emita&#8221;, un sospechoso vinculado a un hecho de violencia ocurrido el pasado 29 de enero de este a\u00f1o en\u00a0Godoy Cruz, en donde balearon a\u00a0Mauro Jes\u00fas Gelvez Vargas,\u00a0hijo de la Yaqui.\u00a0 Seg\u00fan la [&hellip;]<\/p>\n","protected":false},"author":2,"featured_media":8103,"comment_status":"open","ping_status":"open","sticky":false,"template":"","format":"standard","meta":[],"categories":[48],"tags":[],"_links":{"self":[{"href":"https:\/\/pasaenmendoza.com\/index.php?rest_route=\/wp\/v2\/posts\/8102"}],"collection":[{"href":"https:\/\/pasaenmendoza.com\/index.php?rest_route=\/wp\/v2\/posts"}],"about":[{"href":"https:\/\/pasaenmendoza.com\/index.php?rest_route=\/wp\/v2\/types\/post"}],"author":[{"embeddable":true,"href":"https:\/\/pasaenmendoza.com\/index.php?rest_route=\/wp\/v2\/users\/2"}],"replies":[{"embeddable":true,"href":"https:\/\/pasaenmendoza.com\/index.php?rest_route=%2Fwp%2Fv2%2Fcomments&post=8102"}],"version-history":[{"count":1,"href":"https:\/\/pasaenmendoza.com\/index.php?rest_route=\/wp\/v2\/posts\/8102\/revisions"}],"predecessor-version":[{"id":8104,"href":"https:\/\/pasaenmendoza.com\/index.php?rest_route=\/wp\/v2\/posts\/8102\/revisions\/8104"}],"wp:featuredmedia":[{"embeddable":true,"href":"https:\/\/pasaenmendoza.com\/index.php?rest_route=\/wp\/v2\/media\/8103"}],"wp:attachment":[{"href":"https:\/\/pasaenmendoza.com\/index.php?rest_route=%2Fwp%2Fv2%2Fmedia&parent=8102"}],"wp:term":[{"taxonomy":"category","embeddable":true,"href":"https:\/\/pasaenmendoza.com\/index.php?rest_route=%2Fwp%2Fv2%2Fcategories&post=8102"},{"taxonomy":"post_tag","embeddable":true,"href":"https:\/\/pasaenmendoza.com\/index.php?rest_route=%2Fwp%2Fv2%2Ftags&post=8102"}],"curies":[{"name":"wp","href":"https:\/\/api.w.org\/{rel}","templated":true}]}}