{"id":8109,"date":"2024-06-06T23:37:35","date_gmt":"2024-06-06T21:37:35","guid":{"rendered":"https:\/\/pasaenmendoza.com\/?p=8109"},"modified":"2024-06-06T23:37:36","modified_gmt":"2024-06-06T21:37:36","slug":"la-uncuyo-anticipa-la-modalidad-de-ingreso-a-los-colegios-secundarios-tras-el-record-de-inscriptos","status":"publish","type":"post","link":"https:\/\/pasaenmendoza.com\/?p=8109","title":{"rendered":"La UNCuyo anticipa la modalidad de ingreso a los colegios secundarios tras el r\u00e9cord de inscriptos"},"content":{"rendered":"\n<p>La rectora de la\u00a0<strong>UNCuyo<\/strong>,\u00a0<strong>Esther S\u00e1nchez,<\/strong>\u00a0dar\u00e1 a conocer este jueves c\u00f3mo ser\u00e1 el nuevo sistema de ingreso a los\u00a0<strong>colegios secundarios de la UNCuyo<\/strong>, tras el r\u00e9cord de ingresantes que hubo en el 2023, y la pol\u00e9mica se que gener\u00f3 por ello.<\/p>\n\n\n\n<p>A\u00fan no hay certezas de qu\u00e9 modificaciones se implementar\u00e1n. Sin embargo, podr\u00eda tratarse de un sistema mixto entre promedio y un examen de ingreso, entre las posibilidades m\u00e1s viables.<\/p>\n\n\n\n<h2 class=\"wp-block-heading\">Motivos de la UNCuyo para cambiar el ingreso a las secundarias<\/h2>\n\n\n\n<p>En el<strong>\u00a02023 no s\u00f3lo hubo un r\u00e9cord de inscriptos\u00a0<\/strong>a los\u00a0<strong>colegios secundarios de la UNCuyo\u00a0<\/strong>-se postularon 3.100 alumnos, 1.000 m\u00e1s que en 2022- sino que, adem\u00e1s,\u00a0<strong>1.047 de ellos ten\u00edan promedio de diez<\/strong>.<\/p>\n\n\n\n<p>El problema surgi\u00f3 porque la\u00a0<strong>UNCuyo dispon\u00eda de 887 vacantes<\/strong>\u00a0y s\u00f3lo con los chicos con promedio de diez, ya quedaban 160 afuera.<\/p>\n\n\n\n<p>En su momento, la directora de&nbsp;<strong>Educaci\u00f3n Secundaria de la UNCuyo, Mar\u00eda Ana Barrozo&nbsp;<\/strong>explic\u00f3 con qu\u00e9 sistema se determin\u00f3 qui\u00e9nes ser\u00edan los<strong>&nbsp;poseedores de las vacantes, aunque todos tuvieran promedio de diez.<\/strong>&nbsp;Esto se hizo a trav\u00e9s de un sistema inform\u00e1tico.<\/p>\n\n\n\n<p>Esta herramienta&nbsp;<strong>efectu\u00f3 una selecci\u00f3n aleatoria de los chicos con promedio de diez, distribuyendo las vacantes disponibles entre los colegios de la UNCuyo.<\/strong><\/p>\n\n\n\n<p>El conflicto de 2023 fue que muchos de estos chicos (incluso abanderados de la primaria), no consiguieron banco en primera instancia y la protesta de los padres se hizo sentir.<\/p>\n\n\n\n<h2 class=\"wp-block-heading\">C\u00f3mo se resolvi\u00f3 el conflicto el a\u00f1o pasado<\/h2>\n\n\n\n<p>Tras los&nbsp;<strong>reclamos de las familias<\/strong>, la rectora de la UNCuyo y la directora de Educaci\u00f3n Secundaria anunciaron&nbsp;<strong>que estos estudiantes iban a ser distribuidos de a 2, y en algunos casos de a 3, en las 31 divisiones<\/strong>&nbsp;que actualmente poseen en total en cuatro colegios dependientes de la UNCuyo:&nbsp;<strong>Colegio Universitario Central (CUC), el Departamento de Aplicaci\u00f3n Docente (DAD), el Mart\u00edn Zapata y el Magisterio.<\/strong><\/p>\n\n\n\n<p>La rectora&nbsp;<strong>explic\u00f3 que se barajaron varias alternativas, entre ellas abrir una nueva divisi\u00f3n&nbsp;<\/strong>pero esto importaba no s\u00f3lo un alto costo para la construcci\u00f3n del aula, sino tambi\u00e9n para la contrataci\u00f3n de docentes.<\/p>\n\n\n\n<p>Finalmente,\u00a0<strong>la soluci\u00f3n a la que se lleg\u00f3 dej\u00f3 conformes a los padres de los alumno<\/strong>s con promedio 10 que esperaban poder cursar primer a\u00f1o en una de estas instituciones.<\/p>\n\n\n\n<h2 class=\"wp-block-heading\">Repensar el sistema de ingreso, asignatura pendiente de 2023<\/h2>\n\n\n\n<p>Si bien la pol\u00e9mica con los ingresantes y sus familias&nbsp;<strong>se resolvi\u00f3 en 2023,<\/strong>&nbsp;el&nbsp;<strong>compromiso de la UNCuyo fue repensar el ingreso para 2024, y evitar as\u00ed una situaci\u00f3n conflictiva.<\/strong><\/p>\n\n\n\n<p>Lo que declar\u00f3 en esa oportunidad la directora de Educaci\u00f3n Secundaria fue que se iba a repensar el formato de ingreso, a fin de tener en cuenta otras variables y no s\u00f3lo la nota que los chicos obtienen en 5\u00ba y 6\u00ba grado. Sin embargo, hasta este jueves, no hubo noticias todav\u00eda respecto de ning\u00fan cambio en el sistema que rige desde el 2012.<\/p>\n\n\n\n<p><strong>Fuente: www.diariouno.com.ar<\/strong><\/p>\n","protected":false},"excerpt":{"rendered":"<p>La rectora de la\u00a0UNCuyo,\u00a0Esther S\u00e1nchez,\u00a0dar\u00e1 a conocer este jueves c\u00f3mo ser\u00e1 el nuevo sistema de ingreso a los\u00a0colegios secundarios de la UNCuyo, tras el r\u00e9cord de ingresantes que hubo en el 2023, y la pol\u00e9mica se que gener\u00f3 por ello. A\u00fan no hay certezas de qu\u00e9 modificaciones se implementar\u00e1n. Sin embargo, podr\u00eda tratarse de un [&hellip;]<\/p>\n","protected":false},"author":2,"featured_media":8110,"comment_status":"open","ping_status":"open","sticky":false,"template":"","format":"standard","meta":[],"categories":[56],"tags":[],"_links":{"self":[{"href":"https:\/\/pasaenmendoza.com\/index.php?rest_route=\/wp\/v2\/posts\/8109"}],"collection":[{"href":"https:\/\/pasaenmendoza.com\/index.php?rest_route=\/wp\/v2\/posts"}],"about":[{"href":"https:\/\/pasaenmendoza.com\/index.php?rest_route=\/wp\/v2\/types\/post"}],"author":[{"embeddable":true,"href":"https:\/\/pasaenmendoza.com\/index.php?rest_route=\/wp\/v2\/users\/2"}],"replies":[{"embeddable":true,"href":"https:\/\/pasaenmendoza.com\/index.php?rest_route=%2Fwp%2Fv2%2Fcomments&post=8109"}],"version-history":[{"count":1,"href":"https:\/\/pasaenmendoza.com\/index.php?rest_route=\/wp\/v2\/posts\/8109\/revisions"}],"predecessor-version":[{"id":8111,"href":"https:\/\/pasaenmendoza.com\/index.php?rest_route=\/wp\/v2\/posts\/8109\/revisions\/8111"}],"wp:featuredmedia":[{"embeddable":true,"href":"https:\/\/pasaenmendoza.com\/index.php?rest_route=\/wp\/v2\/media\/8110"}],"wp:attachment":[{"href":"https:\/\/pasaenmendoza.com\/index.php?rest_route=%2Fwp%2Fv2%2Fmedia&parent=8109"}],"wp:term":[{"taxonomy":"category","embeddable":true,"href":"https:\/\/pasaenmendoza.com\/index.php?rest_route=%2Fwp%2Fv2%2Fcategories&post=8109"},{"taxonomy":"post_tag","embeddable":true,"href":"https:\/\/pasaenmendoza.com\/index.php?rest_route=%2Fwp%2Fv2%2Ftags&post=8109"}],"curies":[{"name":"wp","href":"https:\/\/api.w.org\/{rel}","templated":true}]}}