{"id":8112,"date":"2024-06-06T23:49:15","date_gmt":"2024-06-06T21:49:15","guid":{"rendered":"https:\/\/pasaenmendoza.com\/?p=8112"},"modified":"2024-06-06T23:49:16","modified_gmt":"2024-06-06T21:49:16","slug":"este-sabado-se-entregan-los-martin-fierro-federal-en-mendoza-todos-los-famosos-invitados","status":"publish","type":"post","link":"https:\/\/pasaenmendoza.com\/?p=8112","title":{"rendered":"Este s\u00e1bado se entregan los Mart\u00edn Fierro Federal en Mendoza: todos los famosos invitados"},"content":{"rendered":"\n<p><strong>Este s\u00e1bado Mendoza, ser\u00e1 anfitriona de los Premios Mart\u00edn Fierro<\/strong>, el tradicional evento de premiaci\u00f3n que otorga&nbsp;<strong>APTRA<\/strong>&nbsp;a las producciones de radio y televisi\u00f3n de todo el pa\u00eds, excepto Buenos Aires. Entre m\u00e1s 500 personas que asistir\u00e1n al evento hay varios famosos que entre los que se cuentan Mat\u00edas Al\u00e9, la actriz Katja Alemann, la influencer Mica Viciconte, los periodistas Cacho Rubio y Luis Ventura; y la deportista ol\u00edmpica Paula&nbsp;<em>La Peque<\/em>&nbsp;Pareto.<\/p>\n\n\n\n<p>El p\u00fablico tendr\u00e1 la oportunidad de disfrutar de la\u00a0<strong>transmisi\u00f3n en vivo a trav\u00e9s de la pantalla de Am\u00e9rica TV para todo el pa\u00eds, Canal 7 Mendoza<\/strong>, y Canal 8 San Juan. La previa comenzar\u00e1 a las 20.30 cuando los invitados y nominados comiencen a transitar por la alfombra roja, mientras que la ceremonia de premiaci\u00f3n iniciar\u00e1 a las 22, con un enorme despliegue esc\u00e9nico en el auditorio \u00c1ngel Bustelo.<\/p>\n\n\n\n<h2 class=\"wp-block-heading\">Con la conducci\u00f3n de Pamela David y Guillermo Andino<\/h2>\n\n\n\n<p><strong>La gala\u00a0ser\u00e1 conducida por Pamela David y Guillermo Andino<\/strong>. La dupla ser\u00e1 la encargada de llevar adelante la entrega de casi 40 categor\u00edas destinadas a reconocer producciones de radio y televisi\u00f3n correspondiente a la programaci\u00f3n 2023 y la labor de los trabajadores de prensa de las provincias argentinas.<\/p>\n\n\n\n<p>M\u00e1s de 500 personas dir\u00e1n presente en el auditorio provincial para disfrutar de una noche distinguida de galardones. En la lista de invitados se destacan figuras de la TV y la radio local y nacional como Mat\u00edas Al\u00e9, quien llegar\u00e1 a Mendoza acompa\u00f1ado de su novia Martina Vignolo y su madre, Elena Veroni. Tambi\u00e9n estar\u00e1 la influencer Mica Viciconte; las participantes de Gran Hermano Agostina Spinelli y Sabrina Cortez; Paula Pareto (m\u00e1s conocida como\u00a0<em>La Peque<\/em>, judoca argentina campeona del mundo y medallista ol\u00edmpica en Pek\u00edn 2008 y Londres 2016); el reconocido periodista Cacho Rubio; la actriz Katja Alemann, y los periodistas Luis Ventura, Norberto Chab, Nancy Dur\u00e9, Nicol\u00e1s Peralta, Graciela Gui\u00f1az\u00fa, Fabi\u00e1n Pico, Luis Digiano, entre otros.<\/p>\n\n\n\n<h2 class=\"wp-block-heading\">Momento art\u00edstico en los Mart\u00edn Fierro<\/h2>\n\n\n\n<p>La cantante y periodista&nbsp;<strong>Clara Ceschin<\/strong>&nbsp;(tambi\u00e9n nominada en la categor\u00eda \u201cLabor animaci\u00f3n-conducci\u00f3n femenina\u201d por su programa de radio \u201cSiestamos al aire\u201d) ser\u00e1 una de las figuras musicales de la noche. La artista promete sorprender a los asistentes con dos intervenciones musicales; primero como solista y luego, al cierre de la velada, con una presentaci\u00f3n junto a la banda Para\u00edso. Y para completar el repertorio, la compa\u00f1\u00eda de Danzas Pantheras Company se sumar\u00e1 con un show de Malambo Fusi\u00f3n.<\/p>\n\n\n\n<h2 class=\"wp-block-heading\">Reconocimiento a un referente<\/h2>\n\n\n\n<p>La gran noche de las estatuillas tendr\u00e1 tambi\u00e9n un espacio para el reconocimiento. El destacado periodista mendocino&nbsp;<strong>Marcelo Romanello&nbsp;<\/strong>ser\u00e1 distinguido por su amplia y notable trayectoria en los medios. Romanello se ha desempe\u00f1ado en medios nacionales e internacionales; fue Gerente de Noticias del Canal 7 de Mendoza hasta el a\u00f1o 2009, y pionero en materia de televisi\u00f3n educativa, siendo reconocido por la Unesco y la Ciespal.<\/p>\n\n\n\n<h2 class=\"wp-block-heading\">Los mendocinos nominados<\/h2>\n\n\n\n<p>Canal 7 de Mendoza logr\u00f3 9 nominaciones, mientras que en radio, la emisora con m\u00e1s cantidad de nominados es Radio Nihuil de Las Heras, Mendoza, con 7 nominaciones. Por su parte, LV 8 Radio Nacional Libertador y LV4 Radio Nacional de San Rafael lograron dos nominaciones, respectivamente. En tanto que Radio Mitre y LV10 Radio de Cuyo tienen 1 nominaci\u00f3n.<\/p>\n\n\n\n<h2 class=\"wp-block-heading\">La lista completa de los nominados<\/h2>\n\n\n\n<h3 class=\"wp-block-heading\">TELEVISI\u00d3N<\/h3>\n\n\n\n<h4 class=\"wp-block-heading\">1. AGROPECUARIO<\/h4>\n\n\n\n<ul>\n<li>GENTE DE CAMPO \u2013 Canal 10, Jun\u00edn, Buenos Aires<\/li>\n\n\n\n<li>NUESTRO AGRO MISIONES \u2013 Canal 12, Posadas, Misiones<\/li>\n\n\n\n<li>PASI\u00d3N POR EL VINO \u2013 Canal 7, Mendoza<\/li>\n<\/ul>\n\n\n\n<h4 class=\"wp-block-heading\">2. CULINARIO<\/h4>\n\n\n\n<ul>\n<li>REMIL VA \u2013 Canal 14, Santiago del Estero<\/li>\n\n\n\n<li>SABORES FUEGUINOS \u2013 TVP Fueguina, Usuhaia, Tierra del Fuego<\/li>\n\n\n\n<li>#PASTELEANDO \u2013 Canal C, C\u00f3rdoba<\/li>\n<\/ul>\n\n\n\n<h4 class=\"wp-block-heading\">3. CULTURAL EDUCATIVO<\/h4>\n\n\n\n<ul>\n<li>VENTANA A LA CIENCIA, Canal 10, Tucum\u00e1n<\/li>\n\n\n\n<li>CULTURA INQUIETA, Canal 5 Telesol, San Juan.<\/li>\n\n\n\n<li>ARQA, Canal 13, San Luis.<\/li>\n<\/ul>\n\n\n\n<h4 class=\"wp-block-heading\">4. DE SERVICIOS<\/h4>\n\n\n\n<ul>\n<li>MI MASCOTA TV &#8211; Canal 4, Bah\u00eda Blanca, Buenos Aires.<\/li>\n\n\n\n<li>OFICIOS Y PROFESIONES \u2013 Celta TV, Tres Arroyos, Buenos Aires<\/li>\n\n\n\n<li>TIEMPO PARA DAR \u2013 Cable Norte Televisi\u00f3n. L.N. Alem, Misiones<\/li>\n<\/ul>\n\n\n\n<h4 class=\"wp-block-heading\"><strong>5. DEPORTIVO<\/strong><\/h4>\n\n\n\n<ul>\n<li>&nbsp;CLUBES SON AMORES \u2013 Santa Fe Canal, Santa Fe.<\/li>\n\n\n\n<li>FUTBOL\u00c9MICO \u2013 Canal Show Sport, C\u00f3rdoba.<\/li>\n\n\n\n<li>OVACI\u00d3N TV \u2013 Canal 7 Mendoza.<\/li>\n<\/ul>\n\n\n\n<h4 class=\"wp-block-heading\">6. DOCUMENTAL<\/h4>\n\n\n\n<ul>\n<li>SAUZAL BONITO: EL PUEBLO QUE TIEMBLA \u2013 Canal 7, Neuqu\u00e9n<\/li>\n\n\n\n<li>UN PUEBLO SIN JOAQU\u00cdN \u2013 Canal 10, C\u00f3rdoba<\/li>\n\n\n\n<li>EL YAGUARETE EST\u00c1 DE REGRESO \u2013 El Impenetrable TV \u2013 Canal 9 Resistencia, Chaco<\/li>\n<\/ul>\n\n\n\n<h4 class=\"wp-block-heading\">7. ENTRETENIMIENTOS<\/h4>\n\n\n\n<ul>\n<li>JUEGO DE REINAS &#8211; Canal 10, Salta<\/li>\n\n\n\n<li>ME ENCANTA 2.0 \u2013 Canal 2, Caleta Olivia, Santa Cruz<\/li>\n\n\n\n<li>M\u00c1S EN COM\u00daN \u2013 Canal 10, Gral. Roca, R\u00edo Negro.<\/li>\n<\/ul>\n\n\n\n<h4 class=\"wp-block-heading\">8. FICCI\u00d3N<\/h4>\n\n\n\n<ul>\n<li>DT: LA MISI\u00d3N \u2013 Canal 7, Mendoza<\/li>\n\n\n\n<li>LA CADETER\u00cdA \u2013 Canal 14, Santiago del Estero<\/li>\n<\/ul>\n\n\n\n<h4 class=\"wp-block-heading\">9. HUMOR\u00cdSTICO<\/h4>\n\n\n\n<ul>\n<li>CHICHILO EN EL DOCE \u2013 Canal 12, C\u00f3rdoba<\/li>\n\n\n\n<li>UN NUEVO D\u00cdA \u2013 Canal 10, Salta<\/li>\n\n\n\n<li>INCORREGIBLES \u2013 Canal 10, C\u00f3rdoba<\/li>\n<\/ul>\n\n\n\n<h4 class=\"wp-block-heading\">10. INFANTIL<\/h4>\n\n\n\n<ul>\n<li>MATRIA \u2013 Canal 2, Santa Fe<\/li>\n\n\n\n<li>GIGANTES DE ACERO \u2013 VerTV Multimedios, Santa FE<\/li>\n\n\n\n<li>CHICOS EN EL AIRE \u2013 Megacable, San Luis<\/li>\n<\/ul>\n\n\n\n<h4 class=\"wp-block-heading\">11. INFORMATIVO<\/h4>\n\n\n\n<ul>\n<li>HOLA MENDOZA &#8211; Canal 7, Mendoza<\/li>\n\n\n\n<li>PANORAMA INTERIOR &#8211; Video Cable Castelli, J.J. Castelli, Chaco<\/li>\n\n\n\n<li>TURCO AL MEDIOD\u00cdA &#8211; Canal C, C\u00f3rdoba<\/li>\n\n\n\n<li>NOTICIAS 7 &#8211; Canal 7, Neuqu\u00e9n<\/li>\n<\/ul>\n\n\n\n<h4 class=\"wp-block-heading\">12. INTER\u00c9S GENERAL<\/h4>\n\n\n\n<ul>\n<li>MICUMAN &#8211; Canal 10, Tucum\u00e1n<\/li>\n\n\n\n<li>PAR\u00c1 TODO &#8211; Canal 7, Mendoza<\/li>\n\n\n\n<li>EL BAR 10 &#8211; Canal 10, C\u00f3rdoba<\/li>\n<\/ul>\n\n\n\n<h4 class=\"wp-block-heading\">13. LABOR EN CONDUCCI\u00d3N FEMENINA<\/h4>\n\n\n\n<ul>\n<li>ORNELLA FERRARA &#8211; &#8220;Par\u00e1 todo&#8221;, Canal 7, Mendoza<\/li>\n\n\n\n<li>GRACIELA SANTONE &#8211; TV Regional Rosario, Santa Fe<\/li>\n\n\n\n<li>SONIA FERN\u00c1NDEZ &#8211; Canal 9 Litoral, Entre R\u00edos<\/li>\n<\/ul>\n\n\n\n<h4 class=\"wp-block-heading\">14. LABOR EN CONDUCCI\u00d3N MASCULINA<\/h4>\n\n\n\n<ul>\n<li>LEANDRO YEZZE &#8211; &#8220;La tarde de todos&#8221;, Chaco TV, Resistencia, Chaco<\/li>\n\n\n\n<li>MAT\u00cdS AL\u00c9 &#8211; &#8220;Showbeach&#8221;, Canal Showsport, Villa Carlos Paz, C\u00f3rdoba<\/li>\n\n\n\n<li>RODRIGO AYUB &#8211; &#8220;Turcolandia&#8221;, Canal 10, Salta<\/li>\n\n\n\n<li>MARCELO GARC\u00cdA &#8211; &#8220;Viajo con vos&#8221;- Canal 7, Neuqu\u00e9n<\/li>\n<\/ul>\n\n\n\n<h4 class=\"wp-block-heading\">15. LABOR PERIOD\u00cdSTICA<\/h4>\n\n\n\n<ul>\n<li>ROMILDO RAM\u00d3N LAVIA RACHZ &#8211; &#8220;Panorama Interior&#8221;, Video Cable Castelli, J.J. Castelli, Chaco<\/li>\n\n\n\n<li>JULIAN IMAZIO &#8211; &#8220;Noticiero 7 Central &#8220;, Canal 7, Mendoza<\/li>\n\n\n\n<li>SERGIO ANTONIAZZI &#8211; &#8220;Servicio Informativo&#8221;, Canal 10, C\u00f3rdoba<\/li>\n<\/ul>\n\n\n\n<h4 class=\"wp-block-heading\">16. NOTICIERO<\/h4>\n\n\n\n<ul>\n<li>NOTICIAS 10 MA\u00d1ANA &#8211; Canal 10, Gral. Roca, R\u00edo Negro<\/li>\n\n\n\n<li>NOTICIERO SIETE MEDIOD\u00cdA &#8211; Canal 7, Mendoza<\/li>\n\n\n\n<li>SOMOS NOTICIAS SALTA -Somos Salta, Salta<\/li>\n<\/ul>\n\n\n\n<h4 class=\"wp-block-heading\">17. PROGRAMA PERIOD\u00cdSTICO<\/h4>\n\n\n\n<ul>\n<li>C\u00cdRCULO ROJO &#8211; Canal 7, Mendoza<\/li>\n\n\n\n<li>EL AVISPERO &#8211; Canal 10, Tucum\u00e1n<\/li>\n\n\n\n<li>EL VENTILADOR &#8211; El Once, Entre R\u00edos<\/li>\n<\/ul>\n\n\n\n<h4 class=\"wp-block-heading\">18. TEMAS M\u00c9DICOS<\/h4>\n\n\n\n<ul>\n<li>HABLEMOS DE INCLUSI\u00d3N &#8211; Canal 19, Santa Rosa, La Pampa<\/li>\n\n\n\n<li>LA MIRA EN VOS &#8211; Canal 12, Tucum\u00e1n<\/li>\n\n\n\n<li>PARA SU SALUD &#8211; Canal 12, C\u00f3rdoba<\/li>\n<\/ul>\n\n\n\n<h4 class=\"wp-block-heading\">19. MUSICAL<\/h4>\n\n\n\n<ul>\n<li>EL SONIDERO &#8211; Chaco TV, Resistencia, Chaco<\/li>\n\n\n\n<li>LOS CHAMAMECEROS &#8211; Santa Fe Canal, Rosario, Santa Fe<\/li>\n\n\n\n<li>TANGO EN LA BAH\u00cdA &#8211; Canal 9, Bah\u00eda Blanca, Buenos Aires<\/li>\n<\/ul>\n\n\n\n<h3 class=\"wp-block-heading\">RADIO<\/h3>\n\n\n\n<h4 class=\"wp-block-heading\">20. AGROPECUARIO<\/h4>\n\n\n\n<ul>\n<li>AIRES DE INTA &#8211; LU 20 Radio Chubut, Trelew, Chubut<\/li>\n\n\n\n<li>LPROTAGONISTAS DEL CAMPO ARGENTINO &#8211; LV8 Nacional Libertador, Mendoza<\/li>\n\n\n\n<li>SOMOS EL CAMPO &#8211; Radio Viamonte, Los Toldos, Buenos Aires<\/li>\n<\/ul>\n\n\n\n<h4 class=\"wp-block-heading\">21. CULTURAL EDUCATIVO<\/h4>\n\n\n\n<ul>\n<li>CAJA DE RESONANCIA &#8211; LRA 30 Radio Nacional Bariloche, R\u00edo Negro<\/li>\n\n\n\n<li>ABC UNIVERSIDAD &#8211; Radio UNR 103, Rosario, Santa Fe<\/li>\n\n\n\n<li>CULTURA EXPRESS &#8211; Radio La Br\u00fajula 24, Bah\u00eda Blanca, Buenos Aires<\/li>\n<\/ul>\n\n\n\n<h4 class=\"wp-block-heading\">22. DE SERVICIOS<\/h4>\n\n\n\n<ul>\n<li>PALABRAS MAYORES &#8211; Radio Nihuil, Las Heras, Mendoza<\/li>\n\n\n\n<li>MENDOZA+SUSTENTABLE &#8211; LV 10 Radio de Cuyo, Mendoza<\/li>\n\n\n\n<li>ARTES Y OFICIOS EN LA CIUDAD &#8211; FM Ciudad 103.9, Salta<\/li>\n<\/ul>\n\n\n\n<h4 class=\"wp-block-heading\">23. DEPORTIVO<\/h4>\n\n\n\n<ul>\n<li>LTA (LA TRIBUNA AMATEUR) &#8211; La tucumana FM 95.9, San Miguel de Tucum\u00e1n<\/li>\n\n\n\n<li>SUPERDEPORTIVO &#8211; Supe Radio FM 96.3, Gral. Roca, R\u00edo Negro<\/li>\n\n\n\n<li>FUERA DE JUEGO &#8211; LV4 Radio Nacional San Rafael, Mendoza<\/li>\n<\/ul>\n\n\n\n<h4 class=\"wp-block-heading\">24. DOCUMENTAL<\/h4>\n\n\n\n<ul>\n<li>PROYECTO REDONDO: A 22 A\u00d1OS DE LA \u00daLTIMA MISA &#8211; Radio Continental, C\u00f3rdoba.<\/li>\n\n\n\n<li>EL FESTIVAL DE LAS ESTRELLAS &#8211; LRA 5 Radio Nacional Rosario, Santa Fe<\/li>\n\n\n\n<li>AIM\u00c9 EN LOS MEDIOS &#8211; LRA30 Radio Nacional Bariloche, R\u00edo Negro<\/li>\n<\/ul>\n\n\n\n<h4 class=\"wp-block-heading\">25. ENTRETENIMIENTOS<\/h4>\n\n\n\n<ul>\n<li>LO BUENO, LO MALO Y LO FEO &#8211; Radio Mitre Bah\u00eda Blanca, Buenos Aires<\/li>\n\n\n\n<li>HAC\u00c9 LO QUE QUIERAS! &#8211; Radio Jaj\u00e1 105.3 FM, C\u00f3rdoba<\/li>\n\n\n\n<li>INFINITA TARDE &#8211; LV 4 Radio Nacional San Rafael, Mendoza<\/li>\n<\/ul>\n\n\n\n<h4 class=\"wp-block-heading\">26. HUMOR\u00cdSTICO<\/h4>\n\n\n\n<ul>\n<li>EL MA\u00d1ANERO DEL FLACO &#8211; Radio Jaj\u00e1 105.3 FM, C\u00f3rdoba<\/li>\n\n\n\n<li>LO PEOR ESTA POR LLEGAR &#8211; FM Azul Media 94.5, Puerto Madryn, Chubut<\/li>\n\n\n\n<li>HUEVOS REVUELTOS &#8211; Radio Nihuil, Las Heras, Mendoza<\/li>\n<\/ul>\n\n\n\n<h4 class=\"wp-block-heading\">27. INFORMATIVO<\/h4>\n\n\n\n<ul>\n<li>SERVICIO INFORMATIVO &#8220;MINUTO A MINUTO&#8221; &#8211; LV8 Radio Nacional Libertador, Mendoza<\/li>\n\n\n\n<li>MITRE INFORMA PRIMERO &#8211; Radio Mitre Mar del Plata, Buenos Aires<\/li>\n\n\n\n<li>INFORME NIHUIL SEGUNDA EDICI\u00d3N &#8211; Radio Nihuil, Las Heras, Mendoza<\/li>\n<\/ul>\n\n\n\n<h4 class=\"wp-block-heading\">28. INTER\u00c9S GENERAL<\/h4>\n\n\n\n<ul>\n<li>PARA SABER CON QU\u00c9 CONTAMOS &#8211; Radio Iguana 97.7, Esperanza, Santa Fe<\/li>\n\n\n\n<li>EL PUENTE &#8211; Radio Mitre Rosario, Santa Fe<\/li>\n\n\n\n<li>HORA LIBRE &#8211; Radio Nihuil, Las Heras, Mendoza<\/li>\n\n\n\n<li>TODO SE SABE &#8211; Radio7 FM 97.7, Neuqu\u00e9n<\/li>\n<\/ul>\n\n\n\n<h4 class=\"wp-block-heading\">29. LABOR ANIMACI\u00d3N \/ CONDUCCI\u00d3N FEMENINA<\/h4>\n\n\n\n<ul>\n<li>CARLA CHIARADINI &#8211; &#8220;El cordillerano entrena&#8221;, Radio El Cordillerano, Bariloche, R\u00edo Negro<\/li>\n\n\n\n<li>CAROLINA COSCARELLI &#8211; &#8220;Ni m\u00e1s ni menos&#8221;, Radio La Red, Rosario<\/li>\n\n\n\n<li>CLARA CESCHIN &#8211; &#8220;Siestamos al aire&#8221;, FM Brava, Las Heras, Mendoza<\/li>\n\n\n\n<li>BELU MISS\u00d3N &#8211; &#8220;Es un mont\u00f3n&#8221;, Radio 7 FM 97.7, Neuqu\u00e9n<\/li>\n<\/ul>\n\n\n\n<h4 class=\"wp-block-heading\">30. LABOR ANIMACI\u00d3N MASCULINA<\/h4>\n\n\n\n<ul>\n<li>GABRIEL M\u00c1SCOLO &#8211; &#8220;De boca en boca&#8221;, Radio Mitre Mar del Plata, Buenos Aires<\/li>\n\n\n\n<li>JAVIER DELLAMAGGIORE &#8211; &#8220;Hora Libre&#8221;, Radio Nihuil, Las Heras, Mendoza<\/li>\n\n\n\n<li>CLAUDIO LASSIAR &#8211; &#8220;Pasen y vean&#8221;, LU9 Radio Mar del Plata, Buenos Aires<\/li>\n\n\n\n<li>CHACHA DUR\u00c1N &#8211; &#8220;M\u00e1s chance&#8221;, FM 106.3 Mar del Plata, Buenos Aires<\/li>\n<\/ul>\n\n\n\n<h4 class=\"wp-block-heading\">31. INFANTIL<\/h4>\n\n\n\n<ul>\n<li>INIGUALABLES &#8211; FM Ciudad 103.9. Salta<\/li>\n\n\n\n<li>VORTERIX KIDS &#8211; Vorterix Bah\u00eda, Bah\u00eda Blanca, Buenos Aires<\/li>\n\n\n\n<li>RADIOCUENTOS &#8211; FMHTD, Gral. Fern\u00e1ndez Oro, R\u00edo Negro<\/li>\n<\/ul>\n\n\n\n<h4 class=\"wp-block-heading\">32. LABOR PERIOD\u00cdSTICA<\/h4>\n\n\n\n<ul>\n<li>SILVIO SACOMANI &#8211; &#8220;La cocina de las noticias&#8221;, Cadena Continental, Neuqu\u00e9n<\/li>\n\n\n\n<li>BOBY ALANIZ &#8211; &#8220;Detonados&#8221;- Rock&amp;Pop, Tucum\u00e1n<\/li>\n\n\n\n<li>CINTIA VARGAS &#8211; &#8220;Primero Mendoza&#8221;, Radio Mitre, Mendoza<\/li>\n\n\n\n<li>RICARDO MONTACUTO &#8211; &#8220;Te digo lo que pienso&#8221;, Radio Nihuil, Las Heras, Mendoza<\/li>\n<\/ul>\n\n\n\n<h4 class=\"wp-block-heading\">33. M\u00daSICA CL\u00c1SICA, CIUDADANO O TANGO<\/h4>\n\n\n\n<ul>\n<li>CLUB DE NOCHE &#8211; LRV 313 Radio Zona Cadena Miramar, Buenos Aires<\/li>\n\n\n\n<li>LA HORA DE ASTOR &#8211; Radio Brisas, Mar del Plata, Buenos Aires<\/li>\n\n\n\n<li>UN REO MEDITABUNDO &#8211; Radio Nihuil, Las Heras, Mendoza<\/li>\n<\/ul>\n\n\n\n<h4 class=\"wp-block-heading\">34. M\u00daSICA FOLCL\u00d3RICA<\/h4>\n\n\n\n<ul>\n<li>HUELLA ERRANTE &#8211; Radio Universidad Nacional de La Plata, Buenos Aires<\/li>\n\n\n\n<li>ENTRE MATES Y TONADAS &#8211; FM Sol 89.3, 25 de Mayo, Misiones<\/li>\n\n\n\n<li>ARGENTINOS &#8211; Radio Continental, C\u00f3rdoba<\/li>\n<\/ul>\n\n\n\n<h4 class=\"wp-block-heading\">35. M\u00daSICA POP, MODERNA O JAZZ<\/h4>\n\n\n\n<ul>\n<li>COSTUMBRES ARGENTINAS &#8211; Radio Metropolitana Rosario, Santa Fe<\/li>\n\n\n\n<li>SIMPLEMENTE JAZZ &#8211; FM Cristal 96.3, San Andr\u00e9s de Giles, Buenos Aires<\/li>\n<\/ul>\n\n\n\n<p><strong>Fuente: www.diariouno.com.ar<\/strong><\/p>\n","protected":false},"excerpt":{"rendered":"<p>Este s\u00e1bado Mendoza, ser\u00e1 anfitriona de los Premios Mart\u00edn Fierro, el tradicional evento de premiaci\u00f3n que otorga&nbsp;APTRA&nbsp;a las producciones de radio y televisi\u00f3n de todo el pa\u00eds, excepto Buenos Aires. Entre m\u00e1s 500 personas que asistir\u00e1n al evento hay varios famosos que entre los que se cuentan Mat\u00edas Al\u00e9, la actriz Katja Alemann, la influencer [&hellip;]<\/p>\n","protected":false},"author":2,"featured_media":8113,"comment_status":"open","ping_status":"open","sticky":false,"template":"","format":"standard","meta":[],"categories":[50],"tags":[],"_links":{"self":[{"href":"https:\/\/pasaenmendoza.com\/index.php?rest_route=\/wp\/v2\/posts\/8112"}],"collection":[{"href":"https:\/\/pasaenmendoza.com\/index.php?rest_route=\/wp\/v2\/posts"}],"about":[{"href":"https:\/\/pasaenmendoza.com\/index.php?rest_route=\/wp\/v2\/types\/post"}],"author":[{"embeddable":true,"href":"https:\/\/pasaenmendoza.com\/index.php?rest_route=\/wp\/v2\/users\/2"}],"replies":[{"embeddable":true,"href":"https:\/\/pasaenmendoza.com\/index.php?rest_route=%2Fwp%2Fv2%2Fcomments&post=8112"}],"version-history":[{"count":1,"href":"https:\/\/pasaenmendoza.com\/index.php?rest_route=\/wp\/v2\/posts\/8112\/revisions"}],"predecessor-version":[{"id":8114,"href":"https:\/\/pasaenmendoza.com\/index.php?rest_route=\/wp\/v2\/posts\/8112\/revisions\/8114"}],"wp:featuredmedia":[{"embeddable":true,"href":"https:\/\/pasaenmendoza.com\/index.php?rest_route=\/wp\/v2\/media\/8113"}],"wp:attachment":[{"href":"https:\/\/pasaenmendoza.com\/index.php?rest_route=%2Fwp%2Fv2%2Fmedia&parent=8112"}],"wp:term":[{"taxonomy":"category","embeddable":true,"href":"https:\/\/pasaenmendoza.com\/index.php?rest_route=%2Fwp%2Fv2%2Fcategories&post=8112"},{"taxonomy":"post_tag","embeddable":true,"href":"https:\/\/pasaenmendoza.com\/index.php?rest_route=%2Fwp%2Fv2%2Ftags&post=8112"}],"curies":[{"name":"wp","href":"https:\/\/api.w.org\/{rel}","templated":true}]}}