{"id":8119,"date":"2024-06-07T15:51:41","date_gmt":"2024-06-07T13:51:41","guid":{"rendered":"https:\/\/pasaenmendoza.com\/?p=8119"},"modified":"2024-06-07T15:51:42","modified_gmt":"2024-06-07T13:51:42","slug":"sigue-el-otono-con-tardes-calidas-en-mendoza","status":"publish","type":"post","link":"https:\/\/pasaenmendoza.com\/?p=8119","title":{"rendered":"Sigue el oto\u00f1o con tardes c\u00e1lidas en Mendoza"},"content":{"rendered":"\n<p><strong>Este viernes siguen los d\u00edas oto\u00f1ales con tiempo fr\u00edo en la ma\u00f1ana y c\u00e1lido por la tarde<\/strong>.<\/p>\n\n\n\n<p>Seg\u00fan las previsiones del&nbsp;<strong>SMN<\/strong>, en el Gran Mendoza la m\u00e1xima llegar\u00e1 hoy a los<strong>&nbsp;19\u00b0.<\/strong><\/p>\n\n\n\n<p>La humedad relativa del ambiente se mantiene cerca del 70% y el cielo permanece ligeramente nublado. Sopla leve viento del norte.<\/p>\n\n\n\n<p>Para ma\u00f1ana s\u00e1bado, se espera poco cambio de la temperatura, m\u00ednima de 7\u00b0 y m\u00e1xima de&nbsp;<strong>18\u00b0<\/strong>, con cielo&nbsp;algo&nbsp;<strong>nublado<\/strong>&nbsp;y viento del norte, que&nbsp;<strong>por la noche podr\u00eda tener algunas r\u00e1fagas&nbsp;<\/strong>de mediana intensidad.&nbsp;<\/p>\n\n\n\n<p>Para el domingo hay previsi\u00f3n de zonda durante la madrugada con r\u00e1fagas de hasta 50 km\/h.\u00a0<\/p>\n\n\n\n<p><strong>Fuente: www.mendozapost.com<\/strong><\/p>\n","protected":false},"excerpt":{"rendered":"<p>Este viernes siguen los d\u00edas oto\u00f1ales con tiempo fr\u00edo en la ma\u00f1ana y c\u00e1lido por la tarde. Seg\u00fan las previsiones del&nbsp;SMN, en el Gran Mendoza la m\u00e1xima llegar\u00e1 hoy a los&nbsp;19\u00b0. La humedad relativa del ambiente se mantiene cerca del 70% y el cielo permanece ligeramente nublado. Sopla leve viento del norte. Para ma\u00f1ana s\u00e1bado, [&hellip;]<\/p>\n","protected":false},"author":2,"featured_media":8120,"comment_status":"open","ping_status":"open","sticky":false,"template":"","format":"standard","meta":[],"categories":[52],"tags":[],"_links":{"self":[{"href":"https:\/\/pasaenmendoza.com\/index.php?rest_route=\/wp\/v2\/posts\/8119"}],"collection":[{"href":"https:\/\/pasaenmendoza.com\/index.php?rest_route=\/wp\/v2\/posts"}],"about":[{"href":"https:\/\/pasaenmendoza.com\/index.php?rest_route=\/wp\/v2\/types\/post"}],"author":[{"embeddable":true,"href":"https:\/\/pasaenmendoza.com\/index.php?rest_route=\/wp\/v2\/users\/2"}],"replies":[{"embeddable":true,"href":"https:\/\/pasaenmendoza.com\/index.php?rest_route=%2Fwp%2Fv2%2Fcomments&post=8119"}],"version-history":[{"count":1,"href":"https:\/\/pasaenmendoza.com\/index.php?rest_route=\/wp\/v2\/posts\/8119\/revisions"}],"predecessor-version":[{"id":8121,"href":"https:\/\/pasaenmendoza.com\/index.php?rest_route=\/wp\/v2\/posts\/8119\/revisions\/8121"}],"wp:featuredmedia":[{"embeddable":true,"href":"https:\/\/pasaenmendoza.com\/index.php?rest_route=\/wp\/v2\/media\/8120"}],"wp:attachment":[{"href":"https:\/\/pasaenmendoza.com\/index.php?rest_route=%2Fwp%2Fv2%2Fmedia&parent=8119"}],"wp:term":[{"taxonomy":"category","embeddable":true,"href":"https:\/\/pasaenmendoza.com\/index.php?rest_route=%2Fwp%2Fv2%2Fcategories&post=8119"},{"taxonomy":"post_tag","embeddable":true,"href":"https:\/\/pasaenmendoza.com\/index.php?rest_route=%2Fwp%2Fv2%2Ftags&post=8119"}],"curies":[{"name":"wp","href":"https:\/\/api.w.org\/{rel}","templated":true}]}}