{"id":8122,"date":"2024-06-07T15:56:53","date_gmt":"2024-06-07T13:56:53","guid":{"rendered":"https:\/\/pasaenmendoza.com\/?p=8122"},"modified":"2024-06-07T15:56:54","modified_gmt":"2024-06-07T13:56:54","slug":"fuerte-choque-entre-dos-camiones-uno-de-los-ocupantes-quedo-atrapado-en-la-cabina","status":"publish","type":"post","link":"https:\/\/pasaenmendoza.com\/?p=8122","title":{"rendered":"Fuerte choque entre dos camiones: uno de los ocupantes qued\u00f3 atrapado en la cabina"},"content":{"rendered":"\n<p>Durante la madrugada de este viernes se registr\u00f3 un&nbsp;<mark>fuerte choque entre dos camiones que circulaban en la misma direcci\u00f3n.<\/mark>&nbsp;El hecho ocurri\u00f3 cerca de las 4.50, en la Ruta 7, KM 880 de Desaguadero, La Paz. Como consecuencia del impacto,&nbsp;<mark>uno de los conductores qued\u00f3 atrapado en la cabina.<\/mark><\/p>\n\n\n\n<p>De acuerdo con el reporte policial, uno de los rodados circulaba por Ruta 7 al oeste, y por causas que se desconocen, fue colisionado por la parte posterior por el otro veh\u00edculo que transitaba en la misma direcci\u00f3n, quedando ambos camiones sobre la v\u00eda lenta, obstruyendo la circulaci\u00f3n hacia el oeste.<\/p>\n\n\n\n<p>A ra\u00edz de esto,\u00a0<mark>el ocupante de uno de los camiones, de procedencia cordobesa, qued\u00f3 atrapado en el habit\u00e1culo,\u00a0<\/mark>por lo que tuvo que intervenir personal de Bomberos para lograr sacarlo. Tras la maniobra, el hombre fue trasladado al hospital Illia.<\/p>\n\n\n\n<p>En el lugar, adem\u00e1s, trabaj\u00f3 personal de la Comisar\u00eda 51 de Desaguadero y Bomberos de La Paz y Santa Rosa.<\/p>\n\n\n\n<p><strong>Fuente: www.elsol.com.ar<\/strong><\/p>\n","protected":false},"excerpt":{"rendered":"<p>Durante la madrugada de este viernes se registr\u00f3 un&nbsp;fuerte choque entre dos camiones que circulaban en la misma direcci\u00f3n.&nbsp;El hecho ocurri\u00f3 cerca de las 4.50, en la Ruta 7, KM 880 de Desaguadero, La Paz. Como consecuencia del impacto,&nbsp;uno de los conductores qued\u00f3 atrapado en la cabina. De acuerdo con el reporte policial, uno de [&hellip;]<\/p>\n","protected":false},"author":2,"featured_media":8123,"comment_status":"open","ping_status":"open","sticky":false,"template":"","format":"standard","meta":[],"categories":[48],"tags":[],"_links":{"self":[{"href":"https:\/\/pasaenmendoza.com\/index.php?rest_route=\/wp\/v2\/posts\/8122"}],"collection":[{"href":"https:\/\/pasaenmendoza.com\/index.php?rest_route=\/wp\/v2\/posts"}],"about":[{"href":"https:\/\/pasaenmendoza.com\/index.php?rest_route=\/wp\/v2\/types\/post"}],"author":[{"embeddable":true,"href":"https:\/\/pasaenmendoza.com\/index.php?rest_route=\/wp\/v2\/users\/2"}],"replies":[{"embeddable":true,"href":"https:\/\/pasaenmendoza.com\/index.php?rest_route=%2Fwp%2Fv2%2Fcomments&post=8122"}],"version-history":[{"count":1,"href":"https:\/\/pasaenmendoza.com\/index.php?rest_route=\/wp\/v2\/posts\/8122\/revisions"}],"predecessor-version":[{"id":8124,"href":"https:\/\/pasaenmendoza.com\/index.php?rest_route=\/wp\/v2\/posts\/8122\/revisions\/8124"}],"wp:featuredmedia":[{"embeddable":true,"href":"https:\/\/pasaenmendoza.com\/index.php?rest_route=\/wp\/v2\/media\/8123"}],"wp:attachment":[{"href":"https:\/\/pasaenmendoza.com\/index.php?rest_route=%2Fwp%2Fv2%2Fmedia&parent=8122"}],"wp:term":[{"taxonomy":"category","embeddable":true,"href":"https:\/\/pasaenmendoza.com\/index.php?rest_route=%2Fwp%2Fv2%2Fcategories&post=8122"},{"taxonomy":"post_tag","embeddable":true,"href":"https:\/\/pasaenmendoza.com\/index.php?rest_route=%2Fwp%2Fv2%2Ftags&post=8122"}],"curies":[{"name":"wp","href":"https:\/\/api.w.org\/{rel}","templated":true}]}}