{"id":813,"date":"2023-08-18T14:55:33","date_gmt":"2023-08-18T12:55:33","guid":{"rendered":"https:\/\/pasaenmendoza.com\/?p=813"},"modified":"2023-08-18T14:55:33","modified_gmt":"2023-08-18T12:55:33","slug":"salud-privada-hay-faltante-de-insumos-y-podrian-trasladar-los-costos-a-los-pacientes","status":"publish","type":"post","link":"https:\/\/pasaenmendoza.com\/?p=813","title":{"rendered":"Salud privada: hay faltante de insumos y podr\u00edan trasladar los costos a los pacientes"},"content":{"rendered":"\n<p>Este jueves, la\u00a0<strong>Asociaci\u00f3n de\u00a0Cl\u00ednicas\u00a0y\u00a0Sanatorios\u00a0de Mendoza (Aclisa)<\/strong>\u00a0emiti\u00f3 un comunicado en el que refiere la\u00a0<mark>compleja situaci\u00f3n que atraviesa el sector por la falta de insumos, medicamentos, descartables, entre muchos m\u00e1s<\/mark>. La situaci\u00f3n podr\u00eda empeorar no s\u00f3lo la atenci\u00f3n de los pacientes, sino complejizar la crisis que se vive en el sector.<\/p>\n\n\n\n<p>Al respecto,\u00a0<strong>Rodolfo Torres,\u00a0<\/strong>coordinador m\u00e9dico de Aclisa, dijo en di\u00e1logo con\u00a0<em>LVDiez<\/em>:\u00a0<em>\u201cEsto empuja a una crisis en el sector que ya viene golpeado. Realmente se est\u00e1 haciendo complejo adquirir elementos b\u00e1sicos y fundamentales para mantener la operatoria de una cl\u00ednica como jeringas, gasas, agujas\u201d.<\/em><\/p>\n\n\n\n<p>De acuerdo con lo informado en el escrito, desde el pasado lunes los hospitales privados no pueden adquirir los insumos y esto se debe a que<mark>\u00a0los proveedores exigen pagos por adelantado, con precios remarcados.<\/mark><\/p>\n\n\n\n<p>Ante la imposibilidad de poder abonarlos antes de los 90 d\u00edas,\u00a0<mark>el sector teme que la atenci\u00f3n se vea disminuida, o que tengan que trasladar los costos a los\u00a0<strong>pacientes<\/strong>.<\/mark><\/p>\n\n\n\n<p>El profesional cont\u00f3 que\u00a0<mark>se est\u00e1 vendiendo con remito, es decir, no hay un precio estipulado\u00a0<\/mark>y esto va a generar un problema financiero grande en las cl\u00ednicas que desencadenar\u00e1 en una gran crisis del sector.<\/p>\n\n\n\n<p><em>\u201cLos pagos de las prestaciones se producen como m\u00ednimo a los 90 d\u00edas de realizadas, por lo que se eval\u00faa el traslado de dichos costos al beneficiario de la prestaci\u00f3n con el llamado pago de bolsillo, para poder as\u00ed intentar garantizar la continuidad de la atenci\u00f3n m\u00e9dica, la que puede verse afectada si las condiciones de abastecimiento no se restablecen o si los ingresos de las instituciones no son suficientes para cubrir los costos\u201d,<\/em>\u00a0explic\u00f3.<\/p>\n\n\n\n<p>El sistema de salud, en jaque<\/p>\n\n\n\n<p>Seg\u00fan cont\u00f3 Torres, el sistema de salud est\u00e1 sin una reforma estructural desde hace m\u00e1s de 40 a\u00f1os, en la mayor\u00eda de los pa\u00edses, la reforma se realiza cada diez a\u00f1os y se ajusta a las nuevas realidades.<\/p>\n\n\n\n<p><em>\u201cEstamos ante un sistema obsoleto, los valores que pagan los financiadores (obras sociales o prepagas) est\u00e1n desfasados, muy por debajo de la inflaci\u00f3n. El privado es un sector muy resiliente, qued\u00f3 demostrado en la pandemia de coronavirus, y s\u00f3lo por eso permanecen abiertas las cl\u00ednicas\u201d,\u00a0<\/em>dijo el coordinador m\u00e9dico de Aclisa.<\/p>\n\n\n\n<p>A la hora de hablar sobre la rentabilidad que perciben las cl\u00ednicas, Rodolfo Torres cont\u00f3 que es m\u00ednima y, en muchos casos, se trabaja a p\u00e9rdida.<\/p>\n\n\n\n<p><em>\u201cEl sector p\u00fablico solo no puede hacerse cargo de la poblaci\u00f3n, el 60% de los argentinos se atienden en cl\u00ednicas y hospitales privados, entonces, es necesario darle importancia al sector y que los recursos lleguen a los prestadores, de lo contrario, nos quedaremos sin cl\u00ednicas\u201d,\u00a0<\/em>enfatiz\u00f3 el profesional.<\/p>\n\n\n\n<p>Finalmente, Torres recalc\u00f3 que durante los \u00faltimos a\u00f1os, el mayor objetivo de los efectores ha sido pagar los sueldos del personal, asimismo, advirti\u00f3 que\u00a0<mark>es necesario una adecuaci\u00f3n de los valores, por parte de los financiadores, es decir, de OSEP, Pami, obras sindicales y prepagas (que representa el 6% de la poblaci\u00f3n).<\/mark><\/p>\n\n\n\n<p><strong>Fuente: www.elsol.com.ar<\/strong><\/p>\n","protected":false},"excerpt":{"rendered":"<p>Este jueves, la\u00a0Asociaci\u00f3n de\u00a0Cl\u00ednicas\u00a0y\u00a0Sanatorios\u00a0de Mendoza (Aclisa)\u00a0emiti\u00f3 un comunicado en el que refiere la\u00a0compleja situaci\u00f3n que atraviesa el sector por la falta de insumos, medicamentos, descartables, entre muchos m\u00e1s. La situaci\u00f3n podr\u00eda empeorar no s\u00f3lo la atenci\u00f3n de los pacientes, sino complejizar la crisis que se vive en el sector. Al respecto,\u00a0Rodolfo Torres,\u00a0coordinador m\u00e9dico de Aclisa, [&hellip;]<\/p>\n","protected":false},"author":2,"featured_media":814,"comment_status":"open","ping_status":"open","sticky":false,"template":"","format":"standard","meta":[],"categories":[50],"tags":[],"_links":{"self":[{"href":"https:\/\/pasaenmendoza.com\/index.php?rest_route=\/wp\/v2\/posts\/813"}],"collection":[{"href":"https:\/\/pasaenmendoza.com\/index.php?rest_route=\/wp\/v2\/posts"}],"about":[{"href":"https:\/\/pasaenmendoza.com\/index.php?rest_route=\/wp\/v2\/types\/post"}],"author":[{"embeddable":true,"href":"https:\/\/pasaenmendoza.com\/index.php?rest_route=\/wp\/v2\/users\/2"}],"replies":[{"embeddable":true,"href":"https:\/\/pasaenmendoza.com\/index.php?rest_route=%2Fwp%2Fv2%2Fcomments&post=813"}],"version-history":[{"count":1,"href":"https:\/\/pasaenmendoza.com\/index.php?rest_route=\/wp\/v2\/posts\/813\/revisions"}],"predecessor-version":[{"id":815,"href":"https:\/\/pasaenmendoza.com\/index.php?rest_route=\/wp\/v2\/posts\/813\/revisions\/815"}],"wp:featuredmedia":[{"embeddable":true,"href":"https:\/\/pasaenmendoza.com\/index.php?rest_route=\/wp\/v2\/media\/814"}],"wp:attachment":[{"href":"https:\/\/pasaenmendoza.com\/index.php?rest_route=%2Fwp%2Fv2%2Fmedia&parent=813"}],"wp:term":[{"taxonomy":"category","embeddable":true,"href":"https:\/\/pasaenmendoza.com\/index.php?rest_route=%2Fwp%2Fv2%2Fcategories&post=813"},{"taxonomy":"post_tag","embeddable":true,"href":"https:\/\/pasaenmendoza.com\/index.php?rest_route=%2Fwp%2Fv2%2Ftags&post=813"}],"curies":[{"name":"wp","href":"https:\/\/api.w.org\/{rel}","templated":true}]}}