{"id":8135,"date":"2024-06-07T23:36:21","date_gmt":"2024-06-07T21:36:21","guid":{"rendered":"https:\/\/pasaenmendoza.com\/?p=8135"},"modified":"2024-06-07T23:36:22","modified_gmt":"2024-06-07T21:36:22","slug":"montero-alerto-por-el-aumento-del-700-en-los-insumos-medicos-y-aseguro-el-sistema-esta-muy-golpeado","status":"publish","type":"post","link":"https:\/\/pasaenmendoza.com\/?p=8135","title":{"rendered":"Montero alert\u00f3 por el aumento del 700% en los insumos m\u00e9dicos y asegur\u00f3: &#8220;El sistema est\u00e1 muy golpeado&#8221;"},"content":{"rendered":"\n<p>El ministro de Salud y Deportes de Mendoza,\u00a0<strong>Rodolfo Montero\u00a0<\/strong>advirti\u00f3 que los insumos m\u00e9dicos en abril aumentaron m\u00e1s que la inflaci\u00f3n y recalc\u00f3 que &#8220;<strong>de abril del 2023 al mismo per\u00edodo de este a\u00f1o la suba fue del 700%<\/strong>\u00a0y los\u00a0<strong>importados del 400% en d\u00f3lares<\/strong>.<\/p>\n\n\n\n<p>De esta manera, el funcionario justific\u00f3 que la<strong>&nbsp;ley de emergencia &#8220;<\/strong>se encastra en todo el plan de salud y el resto de las leyes para afrontar&nbsp;<strong>una situaci\u00f3n muy compleja&nbsp;<\/strong>que est\u00e1 atravesando todo el sistema de salud&#8221;. &#8220;Nos ayuda a mantener el barco a flote&#8221;, dispar\u00f3.<\/p>\n\n\n\n<p>&#8220;Uno por donde lo vea el sistema est\u00e1 golpeado. Se incrementaron los costos, subi\u00f3 la demanda de las prestaciones de los hospitales p\u00fablicos. Nosotros estamos estimando hace dos meses que el incremento en las guardias era del 15%, pero ahora lo estamos volviendo a medir porque esto cambi\u00f3. Nosotros estamos empezando a recibir una mayor cantidad de pacientes por<strong>\u00a0gente que se queda sin obra social<\/strong>, o porque<strong>\u00a0no puede pagar los coseguros\u00a0<\/strong>o no puede solventar el costo de los medicamentos, en la parte proporcional que le corresponde&#8221;, explic\u00f3 Montero.<\/p>\n\n\n\n<p>El funcionario manifest\u00f3 que con el incremento en los insumos m\u00e9dicos hay un escenario similar en los privados: &#8220;Cuando uno analiza el sistema lo ve a nivel de prestadores p\u00fablico privado, lo que van a decir es que con lo que le pagan las prestaciones no pueden brindar un servicio de calidad. En muchos casos est\u00e1 por debajo del costo de las prestaciones pero cuando uno habla con los financiadores, puede ser el sistema p\u00fablico, las prepagas o las obras sociales, con lo que cobran no pueden cubrir el costo del total de todos los servicios que tienen que brindar&#8221;.<\/p>\n\n\n\n<h2 class=\"wp-block-heading\"><strong>Las reformas en el sistema de salud de Mendoza<\/strong><\/h2>\n\n\n\n<p>La<strong>\u00a0C\u00e1mara de Diputados<\/strong>\u00a0le dio sanci\u00f3n final a la<strong>\u00a0ley de emergencia sanitaria<\/strong>, una de las normas del paquete de leyes que envi\u00f3 a principios de a\u00f1o el gobernador<strong>\u00a0Alfredo Cornejo<\/strong>, junto al ministro de Salud,\u00a0<strong>Rodolfo Montero<\/strong>. De esta forma, logr\u00f3 el aval para la gesti\u00f3n administrativa y financiera suficientes para<strong>\u00a0afrontar la situaci\u00f3n macroecon\u00f3mica<\/strong>.<\/p>\n\n\n\n<p>La votaci\u00f3n fue por mayor\u00eda. El partido Verde acompa\u00f1\u00f3 al gobierno a excepci\u00f3n del art\u00edculo 2. Mientras que La Uni\u00f3n Mendocina se abstuvo y el bloque del PJ vot\u00f3 en contra.<\/p>\n\n\n\n<p>Esta norma regir\u00e1 por 12 meses y le permite al ministro Montero hacer movimientos en la planta de personal, realizar contrataciones, compras directas, entre otras gestiones que estime necesarias.<\/p>\n\n\n\n<p>&#8220;En este contexto muy complicado, lo que nosotros dec\u00edamos es que&nbsp;<strong>necesit\u00e1bamos reformas<\/strong>.&nbsp;<strong>Reformas de consenso&nbsp;<\/strong>y se tuvo \u00e9xito en esto porque la mayor\u00eda de los espacios pol\u00edticos en general acept\u00f3 ese proceso de reformas en el sistema de salud. Necesitamos reformas profundas para mejorar el sistema de salud. Mientras tanto,&nbsp;<strong>tenemos que atender a la emergencia<\/strong>&nbsp;e ir prestando servicios en este contexto que estamos explicando&#8221;, insisti\u00f3.<\/p>\n\n\n\n<p>En s\u00edntesis remarc\u00f3: &#8220;<strong>Es una ley que nos ayuda a mantener el barco a flote<\/strong>\u00a0y tener determinadas herramientas para responder r\u00e1pido a la crisis&#8221;.<\/p>\n\n\n\n<h2 class=\"wp-block-heading\"><strong>Mendoza se tuvo que hacer cargo de programas nacionales por la falta de env\u00edo de fondos<\/strong><\/h2>\n\n\n\n<p>Montero destac\u00f3 que otro de los aspectos que influyen en la crisis del sistema de salud est\u00e1n directamente relacionados con la falta de la totalidad de los fondos para los programas que eran competencia del Gobierno Nacional. Entre los que se destacan la entrega de remedios para pacientes oncol\u00f3gicos, con enfermedades raras, prestaciones para personas con discapacidad, entre otros.<\/p>\n\n\n\n<p>&#8220;Es un tema que planteamos en el Consejo Federal de Salud (COFESA) a principios de a\u00f1o y se dijo que se iba a normalizar en 30 d\u00edas algo que no ocurri\u00f3. Estamos recibiendo un porcentaje menor&#8221;, reconoci\u00f3 y este flujo de fondos lo pone el gobierno provincial.<\/p>\n\n\n\n<p><strong>Fuente: www.diariouno.com.ar<\/strong><\/p>\n","protected":false},"excerpt":{"rendered":"<p>El ministro de Salud y Deportes de Mendoza,\u00a0Rodolfo Montero\u00a0advirti\u00f3 que los insumos m\u00e9dicos en abril aumentaron m\u00e1s que la inflaci\u00f3n y recalc\u00f3 que &#8220;de abril del 2023 al mismo per\u00edodo de este a\u00f1o la suba fue del 700%\u00a0y los\u00a0importados del 400% en d\u00f3lares. De esta manera, el funcionario justific\u00f3 que la&nbsp;ley de emergencia &#8220;se encastra [&hellip;]<\/p>\n","protected":false},"author":2,"featured_media":8136,"comment_status":"open","ping_status":"open","sticky":false,"template":"","format":"standard","meta":[],"categories":[58],"tags":[],"_links":{"self":[{"href":"https:\/\/pasaenmendoza.com\/index.php?rest_route=\/wp\/v2\/posts\/8135"}],"collection":[{"href":"https:\/\/pasaenmendoza.com\/index.php?rest_route=\/wp\/v2\/posts"}],"about":[{"href":"https:\/\/pasaenmendoza.com\/index.php?rest_route=\/wp\/v2\/types\/post"}],"author":[{"embeddable":true,"href":"https:\/\/pasaenmendoza.com\/index.php?rest_route=\/wp\/v2\/users\/2"}],"replies":[{"embeddable":true,"href":"https:\/\/pasaenmendoza.com\/index.php?rest_route=%2Fwp%2Fv2%2Fcomments&post=8135"}],"version-history":[{"count":1,"href":"https:\/\/pasaenmendoza.com\/index.php?rest_route=\/wp\/v2\/posts\/8135\/revisions"}],"predecessor-version":[{"id":8137,"href":"https:\/\/pasaenmendoza.com\/index.php?rest_route=\/wp\/v2\/posts\/8135\/revisions\/8137"}],"wp:featuredmedia":[{"embeddable":true,"href":"https:\/\/pasaenmendoza.com\/index.php?rest_route=\/wp\/v2\/media\/8136"}],"wp:attachment":[{"href":"https:\/\/pasaenmendoza.com\/index.php?rest_route=%2Fwp%2Fv2%2Fmedia&parent=8135"}],"wp:term":[{"taxonomy":"category","embeddable":true,"href":"https:\/\/pasaenmendoza.com\/index.php?rest_route=%2Fwp%2Fv2%2Fcategories&post=8135"},{"taxonomy":"post_tag","embeddable":true,"href":"https:\/\/pasaenmendoza.com\/index.php?rest_route=%2Fwp%2Fv2%2Ftags&post=8135"}],"curies":[{"name":"wp","href":"https:\/\/api.w.org\/{rel}","templated":true}]}}