{"id":8139,"date":"2024-06-08T00:11:33","date_gmt":"2024-06-07T22:11:33","guid":{"rendered":"https:\/\/pasaenmendoza.com\/?p=8139"},"modified":"2024-06-08T00:11:34","modified_gmt":"2024-06-07T22:11:34","slug":"obra-publica-tras-el-acuerdo-con-nacion-que-obras-se-reactivaran-en-mendoza","status":"publish","type":"post","link":"https:\/\/pasaenmendoza.com\/?p=8139","title":{"rendered":"Obra p\u00fablica: tras el acuerdo con Naci\u00f3n, qu\u00e9 obras se reactivar\u00e1n en Mendoza"},"content":{"rendered":"\n<p>Alfredo Cornejo acord\u00f3 con Guillermo Francos retomar 14 obras que dependen del Ministerio del Interior. Rutas, puentes y obras de saneamiento. El detalle.<\/p>\n\n\n\n<p>El gobernador\u00a0<strong>Alfredo Cornejo<\/strong>\u00a0se reuni\u00f3 hoy con el jefe de Gabinete,\u00a0<strong>Guillermo Francos<\/strong>\u00a0y logr\u00f3 destrabar los fondos de 14\u00a0<strong>obras\u00a0<\/strong>nacionales en Mendoza que estaban paralizadas desde que asumi\u00f3 el presidente Javier Milei.<\/p>\n\n\n\n<p>\u201cCreemos que es un avance, aspiramos a que la Argentina crezca y sistematice su plan de inversi\u00f3n de\u00a0<strong>obra p\u00fablica\u00a0<\/strong>y tambi\u00e9n que se reactive la obra privada junto con la econom\u00eda del pa\u00eds. Intertanto, estamos mitigando los problemas que ha heredado el Gobierno nacional y lo estamos haciendo en mutuo acuerdo\u201d, dijo\u00a0<strong>Alfredo Cornejo<\/strong>\u00a0desde Buenos Aires.\u00a0<\/p>\n\n\n\n<p>Tras la firma del convenio, la Naci\u00f3n asumi\u00f3 el compromiso de mantener la asistencia financiera para llevar reactivas\u00a0<strong>obras\u00a0<\/strong>como la ruta nacional 7 del sistema Cristo Redentor, los puentes de la ruta 40 en Tunuy\u00e1n, la ampliaci\u00f3n del establecimiento potabilizador Ballofet en San Rafael y la ampliaci\u00f3n de la planta depuradora Cuadro Nacional.<\/p>\n\n\n\n<p>Adem\u00e1s, continuar\u00e1 la ejecuci\u00f3n de los trabajos en la Ruta 40 Mendoza-San Juan y en el tramo Tunuy\u00e1n-Luj\u00e1n de Cuyo. Tambi\u00e9n se retomar\u00e1n las tareas en los dos puentes en Anchoris.\u00a0<\/p>\n\n\n\n<p>\u201cTodas las\u00a0<strong>obras\u00a0<\/strong>sobre rutas nacionales las continua Naci\u00f3n, son m\u00e1s de 180.000 millones de pesos. Lo \u00fanico que nos queda a nosotros\u00a0 es la ruta 99 que est\u00e1 casi lista y una sola\u00a0<strong>obra\u00a0<\/strong>de Mendoza, que son 1500 millones de pesos. Mendoza no se hace cargo de ninguna\u00a0<strong>obra\u00a0<\/strong>nacional\u201d, explic\u00f3 el ministro de Gobierno, Natalio Mema.<\/p>\n\n\n\n<h2 class=\"wp-block-heading\">El listado completo de las obras que siguen en marcha<\/h2>\n\n\n\n<ol>\n<li>Sistema Cristo Redentor \u2013 RN. 0007 \u2013 (Las cuevas \u2013 limite Internacional con Chile \u2013 T\u00fanel Caracoles \u2013 fase 1)<\/li>\n\n\n\n<li>Ruta Nacional 40 Mendoza \u2013 San Juan \u2013 (Acceso a Aeropuerto \u2013 intersecci\u00f3n Ruta Prov. N\u00b0 34)<\/li>\n\n\n\n<li>Sistema Cristo Redentor \u2013 RN. 0007 \u2013 (San Mart\u00edn \u2013 Intersecci\u00f3n Ruta Nacional n\u00b0 40)<\/li>\n\n\n\n<li>Ruta Nacional 40 , tramo: Tunuy\u00e1n \u2013 Luj\u00e1n de Cuyo, secci\u00f3n: secci\u00f3n Iii: r.p.n\u00ba96 \u2013 Anchoris (ppio. Secci\u00f3n ii)<\/li>\n\n\n\n<li>Nuevos puentes \u2013 Ruta Nacional 40 \u2013 (Tunuy\u00e1n \u2013 Anchoris)<\/li>\n\n\n\n<li>Conservaci\u00f3n mejorativa Ruta Nacional 146 \u2013 (limite. San Luis \/ Mendoza \u2013 Monte coman)<\/li>\n\n\n\n<li>Reparaci\u00f3n Ruta Nacional 40 (Empalme Ruta nac. N\u00b0 7 \u2013 Jocoli)<\/li>\n\n\n\n<li>Acceso sur Mendoza \u2013 Ruta Nacional 40 \u2013 (Luj\u00e1n de cuyo \u2013 Mendoza A\/n Ruta Nacional n\u00ba 7)<\/li>\n\n\n\n<li>Ampliaci\u00f3n establecimiento potabilizador Ballofet \u2013 San Rafael<\/li>\n\n\n\n<li>Colector Colonia Segovia \u2013 Paramillo 1\u00b0 etapa \u2013 Guaymall\u00e9n<\/li>\n\n\n\n<li>Sistema de producci\u00f3n y provisi\u00f3n de agua potable Pedemonte norte \u2013 Las Heras<\/li>\n\n\n\n<li>Ampliaci\u00f3n planta depuradora Cuadro Nacional \u2013 San Rafael<\/li>\n\n\n\n<li>Renovaci\u00f3n colector cloacal sur oeste 1\u00b0 etapa. Tramo Elpidio Gonz\u00e1lez \u2013 Guaymall\u00e9n<\/li>\n\n\n\n<li>Sistema integral de recolecci\u00f3n y tratamiento de efluentes cloacales de la ciudad de Malarg\u00fce<\/li>\n<\/ol>\n\n\n\n<p>Por otra parte, el Gobierno provincial continuar\u00e1 con la ejecuci\u00f3n de 6 proyectos de vivienda en curso de los Programas Nacionales de \u201cCasa Propia -Construir Futuro\u201d y \u201cReconstruir\u201d. En este caso, la Naci\u00f3n aportar\u00e1 unos 2.500.000 millones de pesos y la diferencia lo aportar\u00e1 Mendoza a trav\u00e9s de sus arcas.<\/p>\n\n\n\n<p>FUENTE: MDZonline.<\/p>\n","protected":false},"excerpt":{"rendered":"<p>Alfredo Cornejo acord\u00f3 con Guillermo Francos retomar 14 obras que dependen del Ministerio del Interior. Rutas, puentes y obras de saneamiento. El detalle. El gobernador\u00a0Alfredo Cornejo\u00a0se reuni\u00f3 hoy con el jefe de Gabinete,\u00a0Guillermo Francos\u00a0y logr\u00f3 destrabar los fondos de 14\u00a0obras\u00a0nacionales en Mendoza que estaban paralizadas desde que asumi\u00f3 el presidente Javier Milei. \u201cCreemos que es [&hellip;]<\/p>\n","protected":false},"author":2,"featured_media":8145,"comment_status":"open","ping_status":"open","sticky":true,"template":"","format":"standard","meta":[],"categories":[47],"tags":[],"_links":{"self":[{"href":"https:\/\/pasaenmendoza.com\/index.php?rest_route=\/wp\/v2\/posts\/8139"}],"collection":[{"href":"https:\/\/pasaenmendoza.com\/index.php?rest_route=\/wp\/v2\/posts"}],"about":[{"href":"https:\/\/pasaenmendoza.com\/index.php?rest_route=\/wp\/v2\/types\/post"}],"author":[{"embeddable":true,"href":"https:\/\/pasaenmendoza.com\/index.php?rest_route=\/wp\/v2\/users\/2"}],"replies":[{"embeddable":true,"href":"https:\/\/pasaenmendoza.com\/index.php?rest_route=%2Fwp%2Fv2%2Fcomments&post=8139"}],"version-history":[{"count":1,"href":"https:\/\/pasaenmendoza.com\/index.php?rest_route=\/wp\/v2\/posts\/8139\/revisions"}],"predecessor-version":[{"id":8146,"href":"https:\/\/pasaenmendoza.com\/index.php?rest_route=\/wp\/v2\/posts\/8139\/revisions\/8146"}],"wp:featuredmedia":[{"embeddable":true,"href":"https:\/\/pasaenmendoza.com\/index.php?rest_route=\/wp\/v2\/media\/8145"}],"wp:attachment":[{"href":"https:\/\/pasaenmendoza.com\/index.php?rest_route=%2Fwp%2Fv2%2Fmedia&parent=8139"}],"wp:term":[{"taxonomy":"category","embeddable":true,"href":"https:\/\/pasaenmendoza.com\/index.php?rest_route=%2Fwp%2Fv2%2Fcategories&post=8139"},{"taxonomy":"post_tag","embeddable":true,"href":"https:\/\/pasaenmendoza.com\/index.php?rest_route=%2Fwp%2Fv2%2Ftags&post=8139"}],"curies":[{"name":"wp","href":"https:\/\/api.w.org\/{rel}","templated":true}]}}