{"id":8142,"date":"2024-06-07T23:44:11","date_gmt":"2024-06-07T21:44:11","guid":{"rendered":"https:\/\/pasaenmendoza.com\/?p=8142"},"modified":"2024-06-07T23:44:12","modified_gmt":"2024-06-07T21:44:12","slug":"doble-fin-de-semana-largo-la-expectativa-del-sector-turistico-en-mendoza","status":"publish","type":"post","link":"https:\/\/pasaenmendoza.com\/?p=8142","title":{"rendered":"Doble fin de semana largo: la expectativa del sector tur\u00edstico en Mendoza"},"content":{"rendered":"\n<p>En las pr\u00f3ximas semanas habr\u00e1 un\u00a0<strong>fin de semana largo<\/strong>\u00a0que se complementar\u00e1 y se unir\u00e1 con otro de las mismas caracter\u00edsticas dejando una semana que tendr\u00e1 s\u00f3lo dos d\u00edas h\u00e1biles. Ya muchos mendocinos, pese a las condiciones econ\u00f3micas, piensan en un posible viaje por dentro de la provincia o en otro rinc\u00f3n del pa\u00eds. A su vez, otros turistas piensan en llegar a\u00a0<strong>Mendoza\u00a0<\/strong>como destino para pasar algunos d\u00edas.<\/p>\n\n\n\n<p>En concreto, el pr\u00f3ximo lunes 17 de junio ser\u00e1 feriado por el paso a la inmortalidad del General Don Mart\u00edn Miguel de G\u00fcemes y all\u00ed se concretar\u00e1 el primer fin de semana largo. Martes y mi\u00e9rcoles ser\u00e1n &#8220;d\u00edas normales&#8221; y luego el jueves 20 de junio y el viernes 21 de junio ser\u00e1 nuevamente feriado.<\/p>\n\n\n\n<p>En primer lugar por el paso a la inmortalidad de Manuel Belgrano (D\u00eda de la Bandera) y se pliega el d\u00eda viernes por motivos tur\u00edsticos seg\u00fan marc\u00f3 el Gobierno.<\/p>\n\n\n\n<p>Los privados revelaron que ser\u00e1 un fin de semana con mucha afluencia nacional, aunque los niveles de reservas a\u00fan no llegan a niveles &#8220;prometedores&#8221; por el momento.<\/p>\n\n\n\n<p>Tambi\u00e9n aclararon que se espera mucha demanda sobre la fecha y que los niveles pueden seguir aumentando durante los pr\u00f3ximos d\u00edas.<\/p>\n\n\n\n<p><strong>Fuente: www.mdzol.com<\/strong><\/p>\n","protected":false},"excerpt":{"rendered":"<p>En las pr\u00f3ximas semanas habr\u00e1 un\u00a0fin de semana largo\u00a0que se complementar\u00e1 y se unir\u00e1 con otro de las mismas caracter\u00edsticas dejando una semana que tendr\u00e1 s\u00f3lo dos d\u00edas h\u00e1biles. Ya muchos mendocinos, pese a las condiciones econ\u00f3micas, piensan en un posible viaje por dentro de la provincia o en otro rinc\u00f3n del pa\u00eds. A su [&hellip;]<\/p>\n","protected":false},"author":2,"featured_media":8143,"comment_status":"open","ping_status":"open","sticky":false,"template":"","format":"standard","meta":[],"categories":[64],"tags":[],"_links":{"self":[{"href":"https:\/\/pasaenmendoza.com\/index.php?rest_route=\/wp\/v2\/posts\/8142"}],"collection":[{"href":"https:\/\/pasaenmendoza.com\/index.php?rest_route=\/wp\/v2\/posts"}],"about":[{"href":"https:\/\/pasaenmendoza.com\/index.php?rest_route=\/wp\/v2\/types\/post"}],"author":[{"embeddable":true,"href":"https:\/\/pasaenmendoza.com\/index.php?rest_route=\/wp\/v2\/users\/2"}],"replies":[{"embeddable":true,"href":"https:\/\/pasaenmendoza.com\/index.php?rest_route=%2Fwp%2Fv2%2Fcomments&post=8142"}],"version-history":[{"count":1,"href":"https:\/\/pasaenmendoza.com\/index.php?rest_route=\/wp\/v2\/posts\/8142\/revisions"}],"predecessor-version":[{"id":8144,"href":"https:\/\/pasaenmendoza.com\/index.php?rest_route=\/wp\/v2\/posts\/8142\/revisions\/8144"}],"wp:featuredmedia":[{"embeddable":true,"href":"https:\/\/pasaenmendoza.com\/index.php?rest_route=\/wp\/v2\/media\/8143"}],"wp:attachment":[{"href":"https:\/\/pasaenmendoza.com\/index.php?rest_route=%2Fwp%2Fv2%2Fmedia&parent=8142"}],"wp:term":[{"taxonomy":"category","embeddable":true,"href":"https:\/\/pasaenmendoza.com\/index.php?rest_route=%2Fwp%2Fv2%2Fcategories&post=8142"},{"taxonomy":"post_tag","embeddable":true,"href":"https:\/\/pasaenmendoza.com\/index.php?rest_route=%2Fwp%2Fv2%2Ftags&post=8142"}],"curies":[{"name":"wp","href":"https:\/\/api.w.org\/{rel}","templated":true}]}}