{"id":8147,"date":"2024-06-08T00:15:50","date_gmt":"2024-06-07T22:15:50","guid":{"rendered":"https:\/\/pasaenmendoza.com\/?p=8147"},"modified":"2024-06-08T00:15:51","modified_gmt":"2024-06-07T22:15:51","slug":"aumento-descuentos-y-una-ausencia-de-peso-que-paso-en-la-conciliacion-obligatoria-de-los-judiciales","status":"publish","type":"post","link":"https:\/\/pasaenmendoza.com\/?p=8147","title":{"rendered":"Aumento, descuentos y una ausencia de peso: qu\u00e9 pas\u00f3 en la conciliaci\u00f3n obligatoria de los Judiciales"},"content":{"rendered":"\n<p>Representantes de la Corte y de los dos sindicatos del sector se reunieron para intentar acercar posiciones. Pasaron a cuarto intermedio y volver\u00e1n a encontrarse el pr\u00f3ximo 14 de junio.<\/p>\n\n\n\n<p>Representantes gremiales de empleados y funcionarios judiciales se reunieron este viernes con enviados de la&nbsp;<strong>Suprema Corte<\/strong>&nbsp;en una audiencia por la conciliaci\u00f3n obligatoria dictada por la Subsecretar\u00eda de Trabajo, con el objetivo de acercar posiciones y ponerle fin a las medidas de fuerza que llevaron adelante los sindicatos.<\/p>\n\n\n\n<p><strong>Con la llamativa ausencia de los miembros paritarios del Ejecutivo<\/strong>, en el encuentro se presentaron las distintas posturas, tanto desde el sector sindical como del m\u00e1ximo tribunal, y se pas\u00f3 un cuarto intermedio hasta el pr\u00f3ximo 14 de junio. De esta manera, al menos durante la pr\u00f3xima semana, la actividad en la Justicia ser\u00e1 normal, ya que contin\u00faa rigiendo la conciliaci\u00f3n obligatoria.<\/p>\n\n\n\n<p><strong>Ricardo Babill\u00f3n<\/strong>, secretario general de Empleados Judiciales, catalog\u00f3 el encuentro como \u201cpositivo\u201d, y destac\u00f3 las propuestas acercadas por los negociadores de la Corte.<\/p>\n\n\n\n<p><em>\u201cEl Gobierno no se hizo presente, pero si lo hizo la Suprema Corte y trajo distintas alternativas. Ha ofrecido realizar una acordada nueva reemplazando la 19.000, que es una vieja lucha que tenemos. Adem\u00e1s, ofreci\u00f3 hablar sobre un convenio colectivo de trabajo y empezar a trabajar en comisiones. Tambi\u00e9n acercaron una propuesta econ\u00f3mica que podr\u00eda ser un \u00edtem\u201d<\/em>, detall\u00f3 Babill\u00f3n.<\/p>\n\n\n\n<p>La acordada 19.000 data de 2005 y permiti\u00f3 que la Suprema Corte se excluyera de las discusiones paritarias. La intenci\u00f3n de los gremios es derogarla para obligar a las autoridades del Poder Judicial a sentarse a negociar.<\/p>\n\n\n\n<p>El l\u00edder gremial asegur\u00f3 adem\u00e1s que se acerc\u00f3 una propuesta para \u201c<em>pagar horas extras<\/em>\u201d a los trabajadores de las Oficinas Fiscales, lo cual podr\u00eda destrabar el conflicto en este sector, aunque asegur\u00f3 que\u00a0<em>\u201cno hubo menci\u00f3n al porcentaje efectivo que significar\u00eda este aumento<\/em>\u201c, por lo que solicitaron precisiones al respecto.<\/p>\n\n\n\n<p>Sobre la ausencia de miembros paritarios del Gobierno, Babill\u00f3n explic\u00f3 que si bien desde el gremio consideran que su patronal es la Corte, se lamentaron el faltazo de representantes del Ejecutivo, ya que hubiera \u201c<em>facilitado<\/em>\u201d el avance en las negociaciones.<\/p>\n\n\n\n<p><em>\u201cVenimos sosteniendo hace mucho tiempo que nuestra patronal es la Suprema Corte y es con quien tenemos que dialogar y que son ellos quienes deben ir a reclamar las partidas presupuestarias para destrabar este conflicto. De todas maneras lamentamos la no presencia del Poder Ejecutivo, ya que entendemos que hubiese sido mucho m\u00e1s \u00fatil y tal vez hoy se podr\u00eda haber avanzado m\u00e1s en distintos aspectos\u201d<\/em>, indic\u00f3.<\/p>\n\n\n\n<p>Finalmente,&nbsp;<strong>con respecto al descuento de las horas no trabajadas por los paros<\/strong>, el gremialista se\u00f1al\u00f3 que se baraj\u00f3 la posibilidad de que los empleados trabajen horas extras para compensar, aunque recalc\u00f3 que intentar\u00e1n evitar esa sanci\u00f3n ya que consideran que el conflicto fue provocado por el propio Ejecutivo.<\/p>\n\n\n\n<p><em>\u201cEsto es algo que se conversa a la finalizaci\u00f3n del conflicto. Si llegamos a un acuerdo, deberemos sentarnos para ver si realmente corresponde o no el descuento de d\u00edas. El origen de este conflicto fue la decisi\u00f3n del Gobierno de retirarse de una mesa de di\u00e1logo, entonces entendemos que no corresponde ning\u00fan tipo de descuento. A pesar de esto, son alternativas que se eval\u00faan\u201d<\/em>, finaliz\u00f3 Babill\u00f3n.<\/p>\n\n\n\n<p>Hay que recordar que el Ejecutivo logr\u00f3 acordar en paritarias con 16 de los 18 sectores de la administraci\u00f3n p\u00fablica. Los \u00fanicos gremios que rechazaron las ofertas salariales fueron los judiciales (empleados y funcionarios),\u00a0<strong>endureciendo las medidas de fuerza<\/strong>\u00a0que comenzaron en marzo. Como respuesta, el Gobierno otorg\u00f3 un\u00a0<strong>incremento por decreto<\/strong>, que provoc\u00f3 mayor molestar entre los trabajadores.<\/p>\n\n\n\n<p>FUENTE: Elsol.com.ar <\/p>\n","protected":false},"excerpt":{"rendered":"<p>Representantes de la Corte y de los dos sindicatos del sector se reunieron para intentar acercar posiciones. Pasaron a cuarto intermedio y volver\u00e1n a encontrarse el pr\u00f3ximo 14 de junio. Representantes gremiales de empleados y funcionarios judiciales se reunieron este viernes con enviados de la&nbsp;Suprema Corte&nbsp;en una audiencia por la conciliaci\u00f3n obligatoria dictada por la [&hellip;]<\/p>\n","protected":false},"author":2,"featured_media":8148,"comment_status":"open","ping_status":"open","sticky":true,"template":"","format":"standard","meta":[],"categories":[47],"tags":[],"_links":{"self":[{"href":"https:\/\/pasaenmendoza.com\/index.php?rest_route=\/wp\/v2\/posts\/8147"}],"collection":[{"href":"https:\/\/pasaenmendoza.com\/index.php?rest_route=\/wp\/v2\/posts"}],"about":[{"href":"https:\/\/pasaenmendoza.com\/index.php?rest_route=\/wp\/v2\/types\/post"}],"author":[{"embeddable":true,"href":"https:\/\/pasaenmendoza.com\/index.php?rest_route=\/wp\/v2\/users\/2"}],"replies":[{"embeddable":true,"href":"https:\/\/pasaenmendoza.com\/index.php?rest_route=%2Fwp%2Fv2%2Fcomments&post=8147"}],"version-history":[{"count":1,"href":"https:\/\/pasaenmendoza.com\/index.php?rest_route=\/wp\/v2\/posts\/8147\/revisions"}],"predecessor-version":[{"id":8149,"href":"https:\/\/pasaenmendoza.com\/index.php?rest_route=\/wp\/v2\/posts\/8147\/revisions\/8149"}],"wp:featuredmedia":[{"embeddable":true,"href":"https:\/\/pasaenmendoza.com\/index.php?rest_route=\/wp\/v2\/media\/8148"}],"wp:attachment":[{"href":"https:\/\/pasaenmendoza.com\/index.php?rest_route=%2Fwp%2Fv2%2Fmedia&parent=8147"}],"wp:term":[{"taxonomy":"category","embeddable":true,"href":"https:\/\/pasaenmendoza.com\/index.php?rest_route=%2Fwp%2Fv2%2Fcategories&post=8147"},{"taxonomy":"post_tag","embeddable":true,"href":"https:\/\/pasaenmendoza.com\/index.php?rest_route=%2Fwp%2Fv2%2Ftags&post=8147"}],"curies":[{"name":"wp","href":"https:\/\/api.w.org\/{rel}","templated":true}]}}