{"id":8150,"date":"2024-06-08T00:24:01","date_gmt":"2024-06-07T22:24:01","guid":{"rendered":"https:\/\/pasaenmendoza.com\/?p=8150"},"modified":"2024-06-08T00:24:02","modified_gmt":"2024-06-07T22:24:02","slug":"el-primer-caido-el-mendocino-que-subio-caputo-y-casado-a-espana","status":"publish","type":"post","link":"https:\/\/pasaenmendoza.com\/?p=8150","title":{"rendered":"El primer &#8220;ca\u00eddo&#8221;, el mendocino que subi\u00f3 Caputo, y Casado a Espa\u00f1a"},"content":{"rendered":"\n<p>Un almuerzo al rayo del Sol compensar\u00eda el fr\u00edo que pasaron los amigos d\u00edas atr\u00e1s,\u00a0cuando se juntaron a tomar un caf\u00e9 en el centro. Por eso, el Ruso arm\u00f3 una juntada en un restaurante frente a un barrio privado del Gran Mendoza, en un local que, adem\u00e1s de estar &#8220;de moda&#8221;, tiene mesas junto a un ventanal por el que la luz natural entra a raudales, generando un ambiente ideal para compartir una nueva reuni\u00f3n entre los integrantes del grupete.<\/p>\n\n\n\n<p>El Ruso fue el primero en llegar y &#8220;madrug\u00f3&#8221;&nbsp; a los amigos: agarr\u00f3 la carta de vinos y pidi\u00f3, sin someterlo a votaci\u00f3n, una botella de&nbsp;<strong>Rutini Pinot Noir 2021<\/strong>. Y, para ir agilizando la cuesti\u00f3n, tambi\u00e9n se aventur\u00f3 a elegir la entrada: una&nbsp;<strong>tabla de quesos, embutidos, frutos secos, mermeladas y una variedad de panes<\/strong>. Por eso, cuando llegaron el Omar, el Flaco Dani y Ludovico, la mesa estaba servida. Todos fueron avalando la elecci\u00f3n del economista del grupete, menos el Dani, que recrimin\u00f3 la inclusi\u00f3n de queso azul. &#8220;Sab\u00e9s que no me gusta y encima va a contaminar el resto de la tabla&#8221;, tir\u00f3, generando risas entre sus amigos.<\/p>\n\n\n\n<p>Servidas todas las copas con el Pinot Noir que pidi\u00f3 el Ruso, el Flaco Dani arranc\u00f3 con la ronda de datos pol\u00edticos para completar algunos de los temas de los que hab\u00edan hablado en el encuentro anterior.<\/p>\n\n\n\n<p>El primer &#8220;ca\u00eddo&#8221; del Gobierno de Cornejo: por qu\u00e9 se fue el titular de Ambiente<\/p>\n\n\n\n<p>-Antes de que me olvide -arranc\u00f3 el Dani, el peronista del grupo-. El otro d\u00eda hablamos de&nbsp;<strong>Romanito<\/strong>, que es&nbsp;<strong>empleado de planta del Senado<\/strong>&nbsp;con una hermosa categor\u00eda&nbsp;<strong>A1<\/strong>&nbsp;y un&nbsp;<strong>sueldo divino<\/strong>.<\/p>\n\n\n\n<p>-S\u00ed, me dijeron que hab\u00eda renunciado&#8230;<\/p>\n\n\n\n<p>-\u00a1No! Eso es tocu\u00e9n, tocu\u00e9n es cuento.&nbsp;<strong>Ese cargo no lo va a largar m\u00e1s<\/strong>. Lo que les quer\u00eda contar es que&nbsp;<strong>pidi\u00f3 la adscripci\u00f3n a Maip\u00fa<\/strong>, y se la dieron,&nbsp;<strong>desde el 22 de abril<\/strong>, por un plazo de 180 d\u00edas, pero el sueldo se lo paga el Senado de la Naci\u00f3n, cargo permanente que le dio su expareja Laura Montero. Despu\u00e9s tendr\u00e1 que volver a buscar en d\u00f3nde justificar su sueldo.<\/p>\n\n\n\n<p>-Buscar en d\u00f3nde justificar el sueldo&#8230; Esos problemas son hermosos.<\/p>\n\n\n\n<p>-Jajaja.<\/p>\n\n\n\n<p>-Che,<strong>&nbsp;\u00bfqu\u00e9 pas\u00f3 con el Sebasti\u00e1n Melchor?&nbsp;<\/strong>El titular de&nbsp;<strong>Ambiente<\/strong>&nbsp;que&nbsp;<strong>renunci\u00f3<\/strong>&nbsp;el otro d\u00eda -le preguntaron al radical de la mesa-.<\/p>\n\n\n\n<p>-Melchor entendi\u00f3 cu\u00e1les son las reglas del juego, present\u00f3 la renuncia y se fue calladito, como un &#8220;<em>gentleman<\/em>&#8221; -respondi\u00f3 el Omar-.<\/p>\n\n\n\n<p>-\u00bfPero por qu\u00e9 renunci\u00f3? \u00bfO lo echaron?<\/p>\n\n\n\n<p>-El cargo de subsecretario de Ambiente est\u00e1 bajo la \u00f3rbita de la\u00a0Jimena Latorre, ministra de Energ\u00eda y Ambiente. Y desde antes de la asunci\u00f3n de este gobierno, ella quer\u00eda meter a otro ah\u00ed: el\u00a0<strong>Nacho Haudet<\/strong>, que qued\u00f3 relegado en la estructura, como director, debajo de Melchor.<\/p>\n\n\n\n<p>-\u00bfY entonces por qu\u00e9 nombraron a Melchor como titular de Ambiente?<\/p>\n\n\n\n<p>-Porque as\u00ed lo quiso el&nbsp;<strong>Alfredo<\/strong>. Acordate que despu\u00e9s de ganarle la elecci\u00f3n al Tintura,&nbsp;<strong>la principal preocupaci\u00f3n de Cornejo era c\u00f3mo enfrentar los eventuales incendios forestales<\/strong>&nbsp;en los meses de m\u00e1s calor: hizo relevamiento y arm\u00f3 una log\u00edstica para ello. Y bajo esa l\u00f3gica,&nbsp;<strong>Melchor ven\u00eda laburando en Recursos Naturales desde hac\u00eda varios a\u00f1os<\/strong>, conoc\u00eda muy bien c\u00f3mo era el combate de incendios forestales, y entonces lo meti\u00f3 a \u00e9l como el encargado de toda el \u00e1rea de Ambiente.<\/p>\n\n\n\n<p>-Por lo que se vio, mal no le fue: al menos no hubo novedades de grandes incendios&#8230;&nbsp;<strong>Si hizo bien su laburo, \u00bfpor qu\u00e9 lo sacaron ahora?<\/strong><\/p>\n\n\n\n<p>-Es que la tensi\u00f3n entre Melchor y la&nbsp;<strong>Jimena<\/strong>&nbsp;siempre estuvo, nunca merm\u00f3, porque ella quer\u00eda y quiere meter a alguien de su entorno en Ambiente. Adem\u00e1s, en estos meses, Latorre le ha rendido muy bien a Cornejo,&nbsp;<strong>ha mostrado resultados, instal\u00f3 la agenda de miner\u00eda en Mendoza,<\/strong>&nbsp;algo impensado a\u00f1os atr\u00e1s. Entonces, en alg\u00fan momento el gobernador le tiene que dar el cr\u00e9dito a la ministra para elegir, entre otros, al subsecretario de Ambiente.&nbsp;<strong>Y el momento para desplazar a Melchor&nbsp;<\/strong>era este, cuando&nbsp;<strong>ya pas\u00f3 la \u00e9poca de posibles incendios y tambi\u00e9n la temporada del Aconcagua<\/strong>.<\/p>\n\n\n\n<p>-\u00bfY va a nombrar a Haudet nom\u00e1s?<\/p>\n\n\n\n<p>-Era el candidato original de la Jimena para el cargo de subsecretario de Ambiente. Hay que ver si lo ratifica ahora. A lo mejor no. Qui\u00e9n sabe.<\/p>\n\n\n\n<p>-\u00bfO sea que entre las razones de la salida de Melchor no hay nada que tenga que ver con posturas diferentes a la Jimena sobre miner\u00eda, petr\u00f3leo y esas cosas?<\/p>\n\n\n\n<p>-Ni en pedo. Vino por otro lado el problema. Es tal como te lo cont\u00e9.<\/p>\n\n\n\n<p>-Melchor es del&nbsp;<strong>Partido Socialista<\/strong>, \u00bfinfluye en algo esto dentro de Cambia Mendoza?<\/p>\n\n\n\n<p>-\u00bfNo sab\u00edas? Melchor es socialista, pero hubo\u00a0<strong>internas<\/strong>\u00a0en el Partido\u00a0<strong>\u00a1y el sector del Seba las perdi\u00f3!<\/strong>\u00a0Hoy quien conduce el Socialismo en Mendoza es Santarelli Jr., y lo sac\u00f3 de Cambia Mendoza. Les pas\u00f3 lo mismo que al Partido Dem\u00f3crata y lo que puede terminar pasando con el PRO si el sector de Casado pierde la interna:\u00a0<strong>se va el partido, pero se quedan los funcionarios afines al Gobierno de Cornejo<\/strong>.<\/p>\n\n\n\n<p>Casado va Espa\u00f1a entre expresidentes y sus charlas semanales con Milei<\/p>\n\n\n\n<p>Mientras avanzaba la charla sobre la salida de Melchor, Ludovico, el PRO de la mesa, se concentr\u00f3 en la carta del restaurante para elegir el men\u00fa principal: como todos los amigos, se inclinar\u00eda por unas pastas. Y ni bien escuch\u00f3 que alguien nombr\u00f3 al pasar a&nbsp;<a href=\"https:\/\/www.mendozapost.com\/politica\/hebe-casado-biografia-historia\/\" target=\"_blank\" rel=\"noreferrer noopener\">Hebe Casado<\/a>, esper\u00f3 que la charla tuviese un &#8220;tiempo muerto&#8221; para aportar algo de data.<\/p>\n\n\n\n<p>-Se va a&nbsp;<strong>Espa\u00f1a<\/strong>&nbsp;la&nbsp;<strong>Hebe<\/strong>.<\/p>\n\n\n\n<p>-\u00bfA qu\u00e9?<\/p>\n\n\n\n<p>-La invitaron a un &#8220;Viaje de Relacionamiento Institucional para Dirigentes Pol\u00edticos&#8221;,&nbsp;<strong>del 24 al 28 de junio<\/strong>.&nbsp;<\/p>\n\n\n\n<p>-\u00bfEh?<\/p>\n\n\n\n<p>-Jaja.&nbsp;<strong>Es la misi\u00f3n que todos los a\u00f1os arma la Fundaci\u00f3n Libertad<\/strong>&nbsp;en acuerdo con la&nbsp;<strong>Comunidad de Madrid<\/strong>, para fortalecer v\u00ednculos comerciales y pol\u00edticos.<\/p>\n\n\n\n<p>-\u00bfQu\u00e9 ten\u00eda que ver&nbsp;<strong>Vargas Llosa<\/strong>&nbsp;con esto?<\/p>\n\n\n\n<p>-Es el presidente de la Fundaci\u00f3n Internacional para la Libertad, pues. Tambi\u00e9n van a participar expresidentes:&nbsp;<strong>Macri, Jos\u00e9 Mar\u00eda Aznar, Felique Calder\u00f3n, Iv\u00e1n Duque<\/strong>&#8230;<\/p>\n\n\n\n<p>-\u00bfPor qu\u00e9 invitaron a&nbsp;<strong>Casado<\/strong>? \u00bfPor qu\u00e9 no va Cornejo?<\/p>\n\n\n\n<p><strong>-Cornejo ya fue hace un par de a\u00f1os<\/strong>, cuando era senador nacional.<\/p>\n\n\n\n<p><strong>-\u00a1C\u00f3mo est\u00e1 metiendo millas este Gobierno<\/strong>, por Dios! -tir\u00f3 el Dani, el peronista-. \u00bfMilei no va? Otro que le est\u00e1 metiendo lindo al avi\u00f3n&#8230;<\/p>\n\n\n\n<p>-Jajajaja. No, el Peluca no va.<\/p>\n\n\n\n<p>-Ganas no le deben faltar.<\/p>\n\n\n\n<p>-Hablando del Peluca: Cornejo ha dicho que no habla con \u00e9l, que lo vio un par de veces nada m\u00e1s, y que no ha tenido audiencias mano a mano -retom\u00f3 Ludovico-.<\/p>\n\n\n\n<p>-Aj\u00e1. \u00bfY?<\/p>\n\n\n\n<p>-Porque me cuentan mis compa\u00f1eros\/correligionarios del PRO que&nbsp;<strong>Milei con la Hebe habla todas las semanas<\/strong>. Bah, m\u00e1s que hablar&nbsp;<strong>intercambia mensajes de WhatsApp<\/strong>.<\/p>\n\n\n\n<p>-\u00bfSobre qu\u00e9?<\/p>\n\n\n\n<p>-Depende del tema de la semana.<\/p>\n\n\n\n<p>-\u00bfY Cornejo no se enoja?<\/p>\n\n\n\n<p>-\u00bfPor qu\u00e9 se enojar\u00eda? \u00bfLa vice tendr\u00eda que reportarle todas sus conversaciones con la gente? La Hebe es un alma libre, demasiado independiente para los gustos de Cornejo, pero la quiere igual&#8230;&nbsp;<\/p>\n\n\n\n<p>-S\u00ed, un &#8220;alma libre&#8221;, &#8220;demasiado independiente&#8221;, todo lo que quieras, pero&nbsp;<strong>donde est\u00e1 Cornejo aparece ella paradita al lado<\/strong>.&nbsp;<\/p>\n\n\n\n<p>-Jajaja. Es verdad.<\/p>\n\n\n\n<p>El mendocino que escala posiciones de la mano de Caputo<\/p>\n\n\n\n<p>Flan, helado y tabla de dulces y quesos forman parte del postre que pidieron los amigos para ir terminando el almuerzo en un coqueto restaurante mendocino, siempre junto al ventanal. En ese momento, el Ruso, el economista de la mesa, que no paraba de mirar el tel\u00e9fono, se sorprendi\u00f3 y comparti\u00f3 un dato con el resto del grupete.<\/p>\n\n\n\n<p>-Acaban de confirmar que el&nbsp;<strong>Diego Chaher<\/strong>&nbsp;qued\u00f3 a cargo del control de las empresas p\u00fablicas, es el nuevo&nbsp;<strong>secretario<\/strong>&nbsp;de&nbsp;<strong>Empresas y Sociedades del Estado.&nbsp;<\/strong>Hasta hoy ten\u00eda que decidir sobre los medios p\u00fablicos, \u00a1pero ahora tiene control sobre todas las empresas del Estado! Ni m\u00e1s ni menos tendr\u00e1 que decidir, por ejemplo, sobre Aerol\u00edneas. \u00a1Menudo cargo!<\/p>\n\n\n\n<p>-Todo muy lindo, pero&nbsp;<strong>\u00bfqui\u00e9n es Diego Chaher?<\/strong>&nbsp;-pregunt\u00f3 el Dani-.<\/p>\n\n\n\n<p>-\u00bfNo lo ubic\u00e1s? El\u00a0<strong>Diego<\/strong>\u00a0<strong>Chaher<\/strong>\u00a0fue abogado del\u00a0<strong>Grupo Am\u00e9rica<\/strong>\u00a0durante a\u00f1os, creo que desde antes de que se llamara Grupo Am\u00e9rica. Estaba a cargo de todo, incluso de juicios laborales y otras cosas en Mendoza. Y en 2016 pas\u00f3 algo muy curioso: el Agust\u00edn, que era presidente de la\u00a0<strong>Lepra<\/strong>\u00a0en ese entonces, pidi\u00f3 a la Justicia la aplicaci\u00f3n del R\u00e9gimen Especial de Administraci\u00f3n de las Entidades Deportivas con Dificultades Econ\u00f3micas, la famosa\u00a0<strong>Ley Racing<\/strong>, que implica que durante un tiempo un\u00a0<strong>\u00f3rgano fiduciario<\/strong>\u00a0tenga el control del club, y por arte de magia apareci\u00f3\u00a0<strong>Chaher entre los &#8220;interventores&#8221; sorteados<\/strong>, oh casualidad empleado del Grupo.<\/p>\n\n\n\n<p>-Jajajaja. M\u00e1s sospechoso que el sorteo del triangular entre Boca, San Lorenzo y Tigre del Apertura 2008.<\/p>\n\n\n\n<p>-Despu\u00e9s a&nbsp;<strong>Chaher<\/strong>&nbsp;lo mandaron a conducir los medios de comunicaci\u00f3n que el&nbsp;<strong>Grupo Am\u00e9rica<\/strong>&nbsp;tiene en&nbsp;<strong>San Juan<\/strong>, luego pas\u00f3 por&nbsp;<strong>Supercanal<\/strong>, hasta que&nbsp;<strong>se cans\u00f3 y se fue<\/strong>.<\/p>\n\n\n\n<p>-\u00bfPor qu\u00e9 se fue? \u00bfSe enoj\u00f3 con Vila?<\/p>\n\n\n\n<p>-Sinti\u00f3 que lo versearon mucho tiempo. Me cont\u00f3 un amigo que al Diego&nbsp;<strong>le hab\u00edan prometido que, despu\u00e9s de su gesti\u00f3n en San Juan, lo iban a nombrar CEO del Grupo<\/strong>, y evidentemente no le cumplieron. Entonces se cans\u00f3 y se fue.<\/p>\n\n\n\n<p>-\u00bfY c\u00f3mo lleg\u00f3 al Gobierno de Milei? \u00bfPetri? \u00bfFrancos? \u00bfKarina?<\/p>\n\n\n\n<p>-Jaja. No.&nbsp;<strong>&#8220;Toto&#8221; Caputo lo llev\u00f3.&nbsp;<\/strong>En una primera etapa lo puso a &#8220;ordenar&#8221; T\u00e9lam y el resto de medios p\u00fablicos y ahora veremos qu\u00e9 hace con las empresas del Estado en su totalidad.<\/p>\n\n\n\n<p>(&#8230;)<\/p>\n\n\n\n<p>Sin nada comestible sobre la mesa, los amigos pidieron la cuenta, pagaron con el correspondiente 10% extra, y partieron raudamente.\u00a0<\/p>\n\n\n\n<p>FUENTE: Mendozapost.<\/p>\n","protected":false},"excerpt":{"rendered":"<p>Un almuerzo al rayo del Sol compensar\u00eda el fr\u00edo que pasaron los amigos d\u00edas atr\u00e1s,\u00a0cuando se juntaron a tomar un caf\u00e9 en el centro. Por eso, el Ruso arm\u00f3 una juntada en un restaurante frente a un barrio privado del Gran Mendoza, en un local que, adem\u00e1s de estar &#8220;de moda&#8221;, tiene mesas junto a [&hellip;]<\/p>\n","protected":false},"author":2,"featured_media":8151,"comment_status":"open","ping_status":"open","sticky":true,"template":"","format":"standard","meta":[],"categories":[47],"tags":[],"_links":{"self":[{"href":"https:\/\/pasaenmendoza.com\/index.php?rest_route=\/wp\/v2\/posts\/8150"}],"collection":[{"href":"https:\/\/pasaenmendoza.com\/index.php?rest_route=\/wp\/v2\/posts"}],"about":[{"href":"https:\/\/pasaenmendoza.com\/index.php?rest_route=\/wp\/v2\/types\/post"}],"author":[{"embeddable":true,"href":"https:\/\/pasaenmendoza.com\/index.php?rest_route=\/wp\/v2\/users\/2"}],"replies":[{"embeddable":true,"href":"https:\/\/pasaenmendoza.com\/index.php?rest_route=%2Fwp%2Fv2%2Fcomments&post=8150"}],"version-history":[{"count":1,"href":"https:\/\/pasaenmendoza.com\/index.php?rest_route=\/wp\/v2\/posts\/8150\/revisions"}],"predecessor-version":[{"id":8152,"href":"https:\/\/pasaenmendoza.com\/index.php?rest_route=\/wp\/v2\/posts\/8150\/revisions\/8152"}],"wp:featuredmedia":[{"embeddable":true,"href":"https:\/\/pasaenmendoza.com\/index.php?rest_route=\/wp\/v2\/media\/8151"}],"wp:attachment":[{"href":"https:\/\/pasaenmendoza.com\/index.php?rest_route=%2Fwp%2Fv2%2Fmedia&parent=8150"}],"wp:term":[{"taxonomy":"category","embeddable":true,"href":"https:\/\/pasaenmendoza.com\/index.php?rest_route=%2Fwp%2Fv2%2Fcategories&post=8150"},{"taxonomy":"post_tag","embeddable":true,"href":"https:\/\/pasaenmendoza.com\/index.php?rest_route=%2Fwp%2Fv2%2Ftags&post=8150"}],"curies":[{"name":"wp","href":"https:\/\/api.w.org\/{rel}","templated":true}]}}