{"id":8153,"date":"2024-06-08T00:29:23","date_gmt":"2024-06-07T22:29:23","guid":{"rendered":"https:\/\/pasaenmendoza.com\/?p=8153"},"modified":"2024-06-08T00:29:24","modified_gmt":"2024-06-07T22:29:24","slug":"adolfo-bermejo-critico-a-javier-milei-por-el-posible-veto-a-la-formula-de-movilidad-jubilatoria","status":"publish","type":"post","link":"https:\/\/pasaenmendoza.com\/?p=8153","title":{"rendered":"Adolfo Bermejo critic\u00f3 a Javier Milei por el posible veto a la f\u00f3rmula de movilidad jubilatoria"},"content":{"rendered":"\n<p>Lo hizo luego de que Milei asegurara que los legisladores que votaron la nueva movilidad jubilatoria son &#8220;degenerados fiscales&#8221; y que les va a &#8220;vetar todo&#8221;<\/p>\n\n\n\n<p>El diputado nacional por Mendoza<strong>\u00a0Adolfo Bermejo\u00a0(PJ)\u00a0<\/strong>fue muy duro al referirse a la forma de gobierno de<strong>\u00a0Javier Milei.<\/strong>\u00a0Lo hizo despu\u00e9s de que el Presidente asegurara que si el Congreso convierte en ley la nueva f\u00f3rmula de movilidad jubilatoria, \u00e9l\u00a0<strong>la va a vetar.<\/strong><\/p>\n\n\n\n<p>Milei llam\u00f3&nbsp;<strong>&#8220;degenerados fiscales&#8221;<\/strong>&nbsp;a los&nbsp;<strong>diputados que votaron este martes a favor de que los jubilados<\/strong>&nbsp;cuenten con una f\u00f3rmula que les mejora los haberes y sostuvo que si obtiene la sanci\u00f3n definitiva del Senado \u00e9l va a bloquear su aplicaci\u00f3n.<\/p>\n\n\n\n<p>En referencia a estos dichos de Milei,<strong>\u00a0Bermejo\u00a0<\/strong>asegur\u00f3 en radio Nihuil que &#8220;<strong>no se puede gobernar a los bolsazos y de veto en veto&#8221;.\u00a0<\/strong>Inmediatamente, le pidi\u00f3 al Presidente que respete la voluntad de los legisladores nacionales.<\/p>\n\n\n\n<h2 class=\"wp-block-heading\">Qu\u00e9 dijo Bermejo sobre el gobierno de Javier Milei<\/h2>\n\n\n\n<p>Adem\u00e1s de pedirle que &#8220;respete la decisi\u00f3n de una gran cantidad de legisladores que vot\u00f3 esta ley y ocurrir\u00e1 lo mismo en el Senado&#8221;, manifest\u00f3 que esta forma de gobernar no se puede sostener.<\/p>\n\n\n\n<p>&#8220;Tiene que ver con la<strong>\u00a0impericia que muestra el gobierno nacional,<\/strong>\u00a0que no puede conducir sus propios bloques. La falta de di\u00e1logo con la que encara los temas. No lo comparto para nada&#8221;,<strong>\u00a0sentenci\u00f3 Bermejo.<\/strong><\/p>\n\n\n\n<h2 class=\"wp-block-heading\">Las cr\u00edticas del Presidente a los legisladores y la promesa de veto<\/h2>\n\n\n\n<p>En tanto,&nbsp;<strong>Milei no escatim\u00f3 en cr\u00edticas a los legisladores.<\/strong>&nbsp;Al enterarse de que se hab\u00eda aprobado esta nueva f\u00f3rmula que mejora las jubilaciones, asever\u00f3:&nbsp;<strong>&#8220;Cada vez que los degenerados fiscales de la pol\u00edtica vayan en contra del equilibrio fiscal, les voy a vetar todo&#8221;.<\/strong><\/p>\n\n\n\n<p>No conforme con esto, agreg\u00f3&nbsp;<strong>que &#8220;me importa tres carajos&#8221; el respaldo legislativo<\/strong>&nbsp;a la nueva f\u00f3rmula jubilatoria y sum\u00f3 que se sent\u00eda muy orgulloso de haber echado a 25.000 estatales y tener a 50.000 m\u00e1s en la mira.<\/p>\n\n\n\n<h2 class=\"wp-block-heading\">Qu\u00e9 implica la nueva movilidad jubilatoria<\/h2>\n\n\n\n<p>El proyecto que se sancion\u00f3 este mi\u00e9rcoles en la C\u00e1mara de Diputados&nbsp;<strong>propone introducir 8,1% adicional al 12,6% otorgado a trav\u00e9s del DNU.<\/strong><\/p>\n\n\n\n<p>Esto a fin de&nbsp;<strong>llegar al 20,6%, equivalente a la inflaci\u00f3n del mes de enero<\/strong>&nbsp;que se perdi\u00f3 en el cambio entre la f\u00f3rmula anterior y la que firm\u00f3 Milei.<\/p>\n\n\n\n<p><strong>Si es aprobada por el Senado, la f\u00f3rmula jubilatoria deber\u00e1 incluir,&nbsp;<\/strong>adem\u00e1s de la actualizaci\u00f3n de ingresos por el IPC (\u00cdndice de precios al consumidor) un aumento adicional en marzo de cada a\u00f1o.<\/p>\n\n\n\n<p>Este<strong>&nbsp;equivaldr\u00eda al 50% de las diferencias entre la variaci\u00f3n salarial y la evoluci\u00f3n de los precios,&nbsp;<\/strong>en un mismo per\u00edodo de tiempo.<\/p>\n\n\n\n<p>Por otra parte, se aumenta el\u00a0<strong>haber m\u00ednimo,\u00a0<\/strong>que ser\u00e1 del 1,09 del valor de la Canasta B\u00e1sica. Es decir que la jubilaci\u00f3n m\u00ednima ser\u00e1 de $285.000.<\/p>\n\n\n\n<p>FUENTE: Diariouno.com.ar <\/p>\n","protected":false},"excerpt":{"rendered":"<p>Lo hizo luego de que Milei asegurara que los legisladores que votaron la nueva movilidad jubilatoria son &#8220;degenerados fiscales&#8221; y que les va a &#8220;vetar todo&#8221; El diputado nacional por Mendoza\u00a0Adolfo Bermejo\u00a0(PJ)\u00a0fue muy duro al referirse a la forma de gobierno de\u00a0Javier Milei.\u00a0Lo hizo despu\u00e9s de que el Presidente asegurara que si el Congreso convierte [&hellip;]<\/p>\n","protected":false},"author":2,"featured_media":8155,"comment_status":"open","ping_status":"open","sticky":true,"template":"","format":"standard","meta":[],"categories":[47],"tags":[],"_links":{"self":[{"href":"https:\/\/pasaenmendoza.com\/index.php?rest_route=\/wp\/v2\/posts\/8153"}],"collection":[{"href":"https:\/\/pasaenmendoza.com\/index.php?rest_route=\/wp\/v2\/posts"}],"about":[{"href":"https:\/\/pasaenmendoza.com\/index.php?rest_route=\/wp\/v2\/types\/post"}],"author":[{"embeddable":true,"href":"https:\/\/pasaenmendoza.com\/index.php?rest_route=\/wp\/v2\/users\/2"}],"replies":[{"embeddable":true,"href":"https:\/\/pasaenmendoza.com\/index.php?rest_route=%2Fwp%2Fv2%2Fcomments&post=8153"}],"version-history":[{"count":1,"href":"https:\/\/pasaenmendoza.com\/index.php?rest_route=\/wp\/v2\/posts\/8153\/revisions"}],"predecessor-version":[{"id":8156,"href":"https:\/\/pasaenmendoza.com\/index.php?rest_route=\/wp\/v2\/posts\/8153\/revisions\/8156"}],"wp:featuredmedia":[{"embeddable":true,"href":"https:\/\/pasaenmendoza.com\/index.php?rest_route=\/wp\/v2\/media\/8155"}],"wp:attachment":[{"href":"https:\/\/pasaenmendoza.com\/index.php?rest_route=%2Fwp%2Fv2%2Fmedia&parent=8153"}],"wp:term":[{"taxonomy":"category","embeddable":true,"href":"https:\/\/pasaenmendoza.com\/index.php?rest_route=%2Fwp%2Fv2%2Fcategories&post=8153"},{"taxonomy":"post_tag","embeddable":true,"href":"https:\/\/pasaenmendoza.com\/index.php?rest_route=%2Fwp%2Fv2%2Ftags&post=8153"}],"curies":[{"name":"wp","href":"https:\/\/api.w.org\/{rel}","templated":true}]}}