{"id":8158,"date":"2024-06-10T14:35:04","date_gmt":"2024-06-10T12:35:04","guid":{"rendered":"https:\/\/pasaenmendoza.com\/?p=8158"},"modified":"2024-06-10T14:35:05","modified_gmt":"2024-06-10T12:35:05","slug":"cornejo-los-numeros-de-milei-y-la-preocupacion-por-contener-la-interna","status":"publish","type":"post","link":"https:\/\/pasaenmendoza.com\/?p=8158","title":{"rendered":"Cornejo, los n\u00fameros de Milei y la preocupaci\u00f3n por contener la interna"},"content":{"rendered":"\n<p>El presidente mantiene en Mendoza una base de sustentaci\u00f3n fuerte, aunque hay s\u00edntomas de fatiga dentro de su electorado blando. Cornejo busca controlar la disputa que ya se dispar\u00f3 para el 2027.<\/p>\n\n\n\n<p><strong>Alfredo Cornejo\u00a0<\/strong>tuvo que raspar -y bastante-\u00a0la olla con el gobierno de<strong>\u00a0Javier Milei<\/strong>\u00a0para poder encontrar una buena noticia que dar en medio del actual escenario que est\u00e1 atravesando la provincia. Luego de una negociaci\u00f3n de un par de semanas, finalmente, la provincia logr\u00f3 destrabar\u00a0un paquete de grandes obras p\u00fablicas nacionales\u00a0que, desde la asunci\u00f3n del actual Gobierno nacional, hab\u00edan sido frenadas por la decisi\u00f3n de quitarles el financiamiento.<\/p>\n\n\n\n<p>All\u00ed hay de todo un poco, entre planes de viviendas, rutas y caminos que, durante los \u00faltimos a\u00f1os,\u00a0la Naci\u00f3n ven\u00eda proyectando y, en algunos casos, con a\u00f1os de demora por parte de gestiones anteriores. Se terminar\u00e1\u00a0la Variante Palmira sobre la ruta 7, se encarar\u00e1 por fin la doble v\u00eda a San Juan sobre la 40 (anunciada desde los albores del gobierno de Mauricio Macri hace casi diez a\u00f1os)\u00a0y, si este nuevo compromiso\u00a0se cumple, se terminar\u00e1n de construir\u00a0los dichosos puentes de la conexi\u00f3n entre Mendoza y el Valle de Uco que se transformaron, con el tiempo,\u00a0en el emblema mendocino de la desidia del gobierno de Alberto Fern\u00e1ndez.<\/p>\n\n\n\n<p>A decir verdad, la continuidad que ahora fue acordada para esas y otras obras es parte de la decisi\u00f3n pol\u00edtica de la Casa Rosada de empezar a aflojar el ajuste sobre las provincias, en medio de las presiones de los gobernadores y, como consecuencia, de que el jefe de Gabinete, Guillermo Francos, a pocos d\u00edas de la votaci\u00f3n en el Senado de la Ley Bases no consigue a\u00fan la cantidad senadores suficientes como para que el proyecto sea aprobado&nbsp;<br><br>As\u00ed como el viernes desfil\u00f3&nbsp;<strong>Cornejo&nbsp;<\/strong>por el despacho de Francos, tambi\u00e9n lo hab\u00edan hecho durante la semana el entrerriano Rogelio Frigerio, el chaque\u00f1o Leandro Zdero, el santafesino Maximiliano Pullaro y el cordob\u00e9s Llaryora, entre otros. A todos ellos, les anunciaron la continuidad de obras frenadas pero con un detalle: al grueso de esos gobernadores, el gobierno nacional les traspas\u00f3 los proyectos pero sin financiamiento.&nbsp;<strong>Cornejo&nbsp;<\/strong>logr\u00f3, seg\u00fan el anuncio oficial que se hizo desde ac\u00e1, que la Naci\u00f3n se comprometiera a terminarlos con recursos propios, salvo un programa de viviendas en el que Mendoza terminar\u00e1 aportando el 60% para poder concretarlo.<\/p>\n\n\n\n<p>Algo es algo, en este v\u00ednculo pol\u00edtico entre Mendoza y la Naci\u00f3n en donde, hasta ac\u00e1,\u00a0<strong>Cornejo\u00a0<\/strong>apareci\u00f3 como la parte no correspondida de esa relaci\u00f3n \u00a0As\u00ed y todo, no hay que esperar muchos cambios en ese v\u00ednculo. Cornejo entiende que\u00a0<strong>Milei<\/strong>, en el manejo de la macroeconom\u00eda y particularmente en su obsesi\u00f3n por el equilibrio fiscal, est\u00e1 haciendo un trabajo \u201cque en la Argentina alguien en alg\u00fan momento ten\u00eda que hacer\u201d, seg\u00fan repite el mismo gobernador a diario. Y si bien est\u00e1 lej\u00edsimos de admirar al topo que vino a infiltrarse en el Estado para destruirlo por dentro, no hay forma de que el mendocino se despegue de la l\u00ednea que viene trazando desde hace meses por una cuesti\u00f3n fundamental.<\/p>\n\n\n\n<h2 class=\"wp-block-heading\">Las cifras de Milei en Mendoza<\/h2>\n\n\n\n<p>Seg\u00fan una encuesta realizada hacia finales de mayo que todav\u00eda est\u00e1 en pleno proceso,\u00a0<strong>Milei\u00a0<\/strong>tiene una imagen positiva en Mendoza que rondar\u00eda el 62%.\u00a0Parece haber perdido, es cierto, de aqu\u00e9l 76% que obtuvo aqu\u00ed en la segunda vuelta electoral\u00a0y la misma encuesta le estar\u00eda marcando una ca\u00edda de 4 puntos con respecto a una medici\u00f3n similar que se hizo en el bimestre anterior. Todo esto, seg\u00fan lo que est\u00e1 a punto de publicar Martha Reale. Pero m\u00e1s all\u00e1 de la ca\u00edda, el presidente mantiene ac\u00e1 un respaldo y una base de sustentaci\u00f3n fuerte.<br><br>Lo que s\u00ed, los analistas todav\u00eda no pueden concluir si ese descenso es transitorio o est\u00e1 marcando ya una tendencia. A escala nacional (y Mendoza acompa\u00f1a esa l\u00ednea) el nivel de aprobaci\u00f3n est\u00e1, pero amenazado por la falta de gesti\u00f3n nacional, los problemas en el Gabinete y, fundamentalmente, por los coletazos de las medidas que se tomaron en materia econ\u00f3mica. Una buena noticia para el presidente en ese sentido: la inflaci\u00f3n ya no lidera el ranking de las preocupaciones de los argentinos y contin\u00faa descendiendo. Pero crecieron y de manera muy amenazadora, la inquietud por la p\u00e9rdida del poder adquisitivo del salario y la angustia por el empleo. En este punto, para Reale-Dalla Torre, el 65% de los argentinos ya menciona como su principal preocupaci\u00f3n al hecho de que la plata no le alcanza. Y esto, en un pa\u00eds en donde las elecciones se resuelven por lo general por la situaci\u00f3n del bolsillo, no deja de ser una se\u00f1al de alarma para la administraci\u00f3n nacional.<br><br><strong>Cornejo\u00a0<\/strong>sabe de estos datos, por supuesto. Pero particularmente tambi\u00e9n ley\u00f3 otros:\u00a0<strong>Milei\u00a0<\/strong>todav\u00eda conserva un n\u00facleo duro de votantes de alrededor del 30% y suma un electorado blando de m\u00e1s del 25% que dice estar dispuesto a acompa\u00f1arlo a pesar de que, en esta franja, est\u00e1n apareciendo algunos s\u00edntomas de fatiga por las dudas que genera, precisamente, la capacidad de gesti\u00f3n presidencial. Sin embargo, dice la encuesta, si las elecciones legislativas de medio t\u00e9rmino fueran ma\u00f1ana, el 47,6% se muestra propenso a votar\u00a0a un candidato que apoye\u00a0<strong>a Javier Milei.<\/strong><\/p>\n\n\n\n<h2 class=\"wp-block-heading\">La sucesi\u00f3n ya es un tema<\/h2>\n\n\n\n<p>En medio de todo este panorama, algo ya\u00a0es sabido desde hace por lo menos un mes. Mientras descansa tranquilo por una oposici\u00f3n que es una sombra en la provincia, el problema surgi\u00f3 desde adentro. Demasiado r\u00e1pido se dispar\u00f3 la carrera para el a\u00f1o 27 y en ese sentido ya est\u00e1n alistados dos. Luis Petri y el intendente de Capital, Ulpiano Suarez. El gobernador lo ve a esto y, a diferencia de lo que podr\u00eda suponerse, no reaccion\u00f3 intentando frenar la disputa. Aunque s\u00ed, lo que apunta al menos es lograr contenerla todo lo que pueda.<br><br>Con Suarez acord\u00f3. Cuando el jefe comunal apunt\u00f3 a disparar cr\u00ecticas\u00a0desde afuera, lo llam\u00f3 para ponerlo bajo su brazo y prometerle protecci\u00f3n en la competencia. Ulpiano acept\u00f3 el juego, pero sigue trabajando. De hecho fue visto hace una semana tomando un caf\u00e9 con Julio Cobos en Palmares en donde, el exgobernador, aparentemente se puso a disposici\u00f3n.<\/p>\n\n\n\n<p>El respaldo a Milei en las encuestas es un n\u00famero que lo carcome por dentro al gobernador y es el que, en definitiva, le est\u00e1 metiendo m\u00e1s ruido.&nbsp;<strong>Cornejo&nbsp;<\/strong>tuvo que salir a hacer equilibrio la semana que pas\u00f3, cuando Petri hizo p\u00fablica su estrategia electoral para el 2025, que no es otra cosa que el primer escal\u00f3n que el ministro de Defensa aspira subir para poder llegar a la gobernaci\u00f3n en 2027. Petri solt\u00f3 en declaraciones radiales formuladas en Buenos Aires que su plan es el armado de un gran frente en Mendoza con todas las fuerzas que est\u00e1n del lado de&nbsp;<strong>Milei<\/strong>. Y eso incluye a la UCR, a los libertarios y al PRO, como principales. Todo esto no ser\u00eda un problema para Cornejo, salvo por un detalle: en la mente del ministro est\u00e1 tambi\u00e9n la idea firme de que Omar De Marchi integre esa coalici\u00f3n.<br><br>\u201cTodo puede ser, pero no es momento para conjeturas electorales\u201d, pate\u00f3 hacia adelante el gobernador, cuando los periodistas corrieron a preguntarle por la estrategia blanqueada por el marido de Cristina P\u00e9rez. A&nbsp;<strong>Cornejo&nbsp;<\/strong>no le gusta nada este armado, pero en el fondo teme que pueda llegar a ser inevitable para \u00e9l tener que concretarlo el a\u00f1o que viene. Por eso juega con los tiempos y aqu\u00ed otra de las contradicciones en su v\u00ednculo con los libertarios: si&nbsp;<strong>Milei&nbsp;<\/strong>logra encauzar la econom\u00eda se le har\u00e1 dif\u00edcil excluirlo a Petri y a los suyos. Tanto es as\u00ed, que la gran pregunta hoy es qu\u00e9 pasar\u00eda si Petri decidiera jugar el a\u00f1o pr\u00f3ximo encabezando las listas a diputados nacionales por Mendoza en ese escenario. Ahora bien. Si el gobierno nacional no repunta,&nbsp;<strong>Cornejo&nbsp;<\/strong>sabe que las patas de Petri en la competencia ser\u00e1n mucho, pero mucho m\u00e1s cortas. \u201cFalta que corra mucha agua debajo del puente\u201d, es otra de las frases que le atribuyen al gobernador cuando habla de este asunto.<br><br>Los libertarios mendocinos ya buscaron posicionarse ante esto. Aunque, en apariencia, sin una postura unificada. Mercedes Llano, la diputada nacional de la Libertad Avanza, fue la primera que puso el grito en el cielo. Pero ese criterio no es el mismo que, entienden que hay que aplicar, llegado el caso, otros exdirigentes del PD que est\u00e1n en el mismo espacio que Llano. La legisladora nacional primero escribi\u00f3 en X que el Frente Libertad Avanza \u201cno necesita a&nbsp;<strong>Cornejo&nbsp;<\/strong>para fortalecerse en el Congreso\u201d y la sigui\u00f3 este fin de semana con chicanas a Petri quien, tambi\u00e9n en sus redes sociales, hab\u00eda cuestionado a los radicales que votaron por la nueva f\u00f3rmula de movilidad jubilatoria en Diputados y en sinton\u00eda con el kirchnerismo. Dentro de esos votos, claro est\u00e1, se encontraban los diputados radicales que responden a Conejo.<\/p>\n\n\n\n<p>\u201cAtrasan\u201d, los atac\u00f3 el funcionario. Mechi vio el hueco y aprovech\u00f3: \u201cEl ministro @luispetri reconoce que los diputados que aprobaron la Ley de Movilidad Jubilatoria atentan contra el equilibrio fiscal\u2026 Est\u00e1 claro que tampoco aprueba que el frente LLA necesita a los diputados de la UCR Cornejista\u201d. Por supuesto que en la pol\u00edtica argentina este tipo de diferencias de hoy, no son un impedimento para los acuerdos de ma\u00f1ana. Basta recordar, en todo caso, las cosas que se dijeron el mismo Petri y Victoria Villarruel en la campa\u00f1a electoral que sucedi\u00f3 no hace m\u00e1s de ocho meses. Y ah\u00ed est\u00e1 hoy el dirigente de San Mart\u00edn defendiendo como ninguno los ideales libertarios.<\/p>\n\n\n\n<p>El punto para saber qu\u00e9 har\u00e1 la Libertad Avanza es saber qu\u00e9 quiere Javier Milei. Y para todos ese tema es un misterio.\u00bfBuscar\u00e1 acuerdos en las provincias? \u00bfO se jugar\u00e1 a proponer en las listas libertarios puros? Nadie lo sabe, b\u00e1sicamente, porque en LLA nadie habla del tema, no hay espacios para tal fin y ni siquiera interlocutores v\u00e1lidos para plantear la duda.<\/p>\n\n\n\n<p>Lo \u00fanico conocido es que, por el momento, el movimiento pol\u00edtico que baj\u00f3 de la Casa Rosada es la constituci\u00f3n del partido libertario en varios distritos y Mendoza est\u00e1 dentro de ese mapa. Karina Milei es la encargada de dar las \u00f3rdenes y Mart\u00edn Menem, el presidente de la C\u00e1mara de Diputados, el brazo ejecutor. Fue Menem quien empoder\u00f3 a la diputada Lourdes Arrieta para que sea ella la encargada de armar el partido en la provincia. Y la legisladora est\u00e1 haciendo un desastre.<br><br>Primero porque present\u00f3 avales truchos que le valieron una catarata de amenazas de denuncias judiciales en su contra que se cristalizar\u00edan esta semana. Ah\u00ed los libertarios tratan de salvarla, de alguna manera. Dicen que, en su inexperiencia para este tipo de cuestiones electorales, la hicieron pisar el palito y nadie de su entorno ley\u00f3 que dentro de los firmantes hab\u00eda gente muerta o, como result\u00f3 m\u00e1s escandaloso, figuraban empresarios y pol\u00edticos de otras fuerzas como integrantes de ese listado.<br><br>Pero Arrieta dio la nota por otra cuesti\u00f3n esta semana. Result\u00f3 m\u00e1s escandaloso a\u00fan observar que tanto ella como integrantes de su familia, est\u00e1n subidos a viejas pr\u00e1cticas de un\u00a0nepotismo (aunque\u00a0muy de\u00a0cabotaje)\u00a0que, se supone, los libertarios ven\u00edan a destruir. El hermano de Lourdes, Mart\u00edn,\u00a0trabaja con ella en el Congreso y es adem\u00e1s el apoderado del partido que junt\u00f3 los avales. Y, como sali\u00f3 a la luz, su padre Tom\u00e1s se despach\u00f3\u00a0hace unos d\u00edas pidiendo la renuncia del delegado del PAMI en Mendoza, porque no hab\u00eda obedecido \u00f3rdenes de poner y sacar personal de la repartici\u00f3n. El episodio roza lo kitsch, como la imagen del patito en la cabeza, si no fuera que estamos hablando de una legisladora nacional que nos representa en el Congreso, sin ninguna experiencia y con muy poco para aportar. Pero que\u00a0en el fondo, entra invocaciones a Cristo en\u00a0cada una de sus apariciones\u00a0en la C\u00e1mara, demostr\u00f3 tener una rapidez notable para aprender las viejas formas del funcionamiento de la pol\u00edtica.<\/p>\n\n\n\n<p>Arrieta respondi\u00f3 las acusaciones en su contra. O m\u00e1s bien se victimiz\u00f3, aunque sin contestar. \u201cTodo tiene su recompensa. Amenacen, difamen, mientan&#8230; Ladran Sancho&#8230; Violencia recibo constantemente; conspiraciones para ensuciar a mi familia y a m\u00ed, a mi equipo\u201d, escribi\u00f3 en X. Lo que s\u00ed, quiz\u00e1s su falta de experiencia la llev\u00f3 a romper un c\u00f3digo de la pol\u00edtica. Cuentan que hace unos d\u00edas, gente suya anduvo desparramando en la Legislatura el comentario de que\u00a0<strong>Cornejo\u00a0<\/strong>la hab\u00eda llamado para acordar la forma en la que se estaba llevando adelante el armado de LLA en Mendoza. Por las dudas.<\/p>\n\n\n\n<p>FUENTE: MDZonline.<\/p>\n","protected":false},"excerpt":{"rendered":"<p>El presidente mantiene en Mendoza una base de sustentaci\u00f3n fuerte, aunque hay s\u00edntomas de fatiga dentro de su electorado blando. Cornejo busca controlar la disputa que ya se dispar\u00f3 para el 2027. Alfredo Cornejo\u00a0tuvo que raspar -y bastante-\u00a0la olla con el gobierno de\u00a0Javier Milei\u00a0para poder encontrar una buena noticia que dar en medio del actual [&hellip;]<\/p>\n","protected":false},"author":2,"featured_media":8159,"comment_status":"open","ping_status":"open","sticky":true,"template":"","format":"standard","meta":[],"categories":[47],"tags":[],"_links":{"self":[{"href":"https:\/\/pasaenmendoza.com\/index.php?rest_route=\/wp\/v2\/posts\/8158"}],"collection":[{"href":"https:\/\/pasaenmendoza.com\/index.php?rest_route=\/wp\/v2\/posts"}],"about":[{"href":"https:\/\/pasaenmendoza.com\/index.php?rest_route=\/wp\/v2\/types\/post"}],"author":[{"embeddable":true,"href":"https:\/\/pasaenmendoza.com\/index.php?rest_route=\/wp\/v2\/users\/2"}],"replies":[{"embeddable":true,"href":"https:\/\/pasaenmendoza.com\/index.php?rest_route=%2Fwp%2Fv2%2Fcomments&post=8158"}],"version-history":[{"count":1,"href":"https:\/\/pasaenmendoza.com\/index.php?rest_route=\/wp\/v2\/posts\/8158\/revisions"}],"predecessor-version":[{"id":8160,"href":"https:\/\/pasaenmendoza.com\/index.php?rest_route=\/wp\/v2\/posts\/8158\/revisions\/8160"}],"wp:featuredmedia":[{"embeddable":true,"href":"https:\/\/pasaenmendoza.com\/index.php?rest_route=\/wp\/v2\/media\/8159"}],"wp:attachment":[{"href":"https:\/\/pasaenmendoza.com\/index.php?rest_route=%2Fwp%2Fv2%2Fmedia&parent=8158"}],"wp:term":[{"taxonomy":"category","embeddable":true,"href":"https:\/\/pasaenmendoza.com\/index.php?rest_route=%2Fwp%2Fv2%2Fcategories&post=8158"},{"taxonomy":"post_tag","embeddable":true,"href":"https:\/\/pasaenmendoza.com\/index.php?rest_route=%2Fwp%2Fv2%2Ftags&post=8158"}],"curies":[{"name":"wp","href":"https:\/\/api.w.org\/{rel}","templated":true}]}}