{"id":8161,"date":"2024-06-10T14:43:21","date_gmt":"2024-06-10T12:43:21","guid":{"rendered":"https:\/\/pasaenmendoza.com\/?p=8161"},"modified":"2024-06-10T14:43:23","modified_gmt":"2024-06-10T12:43:23","slug":"los-dos-proyectos-claves-que-buscara-aprobar-el-gobierno-en-el-senado","status":"publish","type":"post","link":"https:\/\/pasaenmendoza.com\/?p=8161","title":{"rendered":"Los dos proyectos claves que buscar\u00e1 aprobar el Gobierno en el Senado"},"content":{"rendered":"\n<p>Cambia Mendoza buscar\u00e1 darle sanci\u00f3n definitiva a la adenda por los fondos de Portezuelo del Viento y al paquete fiscal. Todo depender\u00e1 de lo que suceda, este lunes, en labor parlamentaria.<\/p>\n\n\n\n<p>La C\u00e1mara de Senadores decidir\u00e1 este lunes en labor parlamentaria si la&nbsp;<strong>adenda<\/strong>&nbsp;que habilita el uso de los fondos de&nbsp;<strong>Portezuelo del Viento<\/strong>&nbsp;para otros destinos y el&nbsp;<strong>paquete fiscal<\/strong>&nbsp;se tratan en la sesi\u00f3n del martes. El oficialismo se muestra confiado en que pueda llevar los dos temas al recinto, aunque existe una mayor cautela con el proyecto presentado por el ministro de Hacienda,&nbsp;<strong>V\u00edctor Fayad<\/strong>.<\/p>\n\n\n\n<p>Luego de una acalorada comisi\u00f3n conjunta, en la que estuvo presente tanto Fayad como el ministro de Gobierno,\u00a0<strong>Natalio Mema<\/strong>, el oficialismo consigui\u00f3 dictamen para ambas iniciativas. El siguiente paso es que ingrese en el orden del d\u00eda para la sesi\u00f3n de este martes y, por supuesto tener los votos asegurados.<\/p>\n\n\n\n<p>\u201c<em>Tiene preferencia de despacho por lo que se tiene que tratar este martes, as\u00ed lo dice el reglamento. Salvo que en labor parlamentaria se acuerde otra cosa<\/em>\u201d, expres\u00f3 un senador radical respecto a la adenda.<\/p>\n\n\n\n<p>En relaci\u00f3n con el paquete fiscal, m\u00e1s all\u00e1 de la intensi\u00f3n del oficialismo, no existe una definici\u00f3n. \u201c<em>Probablemente lo tratemos, en labor se decidir\u00e1<\/em>.&nbsp;<em>Los n\u00fameros los tenemos<\/em>\u201d, dijeron desde Cambia Mendoza. &nbsp;&nbsp;&nbsp;<\/p>\n\n\n\n<p>El proyecto presentado por Hacienda cuenta con 23 art\u00edculos que se dividen en tres cap\u00edtulos. El m\u00e1s sobresaliente es el \u00faltimo apartado que pretende una modificaci\u00f3n en la coparticipaci\u00f3n provincial, precisamente en el art\u00edculo 5 que trata del&nbsp;<strong>Coeficiente de Desarrollo<\/strong>.<\/p>\n\n\n\n<p>Para esta iniciativa,&nbsp;<mark>el oficialismo necesita el apoyo de dos tercios de los presentes en la C\u00e1mara Alta<\/mark>.<\/p>\n\n\n\n<p>En cambio, para la adenda que habilita el uso de los 1.023 millones de d\u00f3lares&nbsp;<mark>se necesita la mayor\u00eda simple para su aprobaci\u00f3n final<\/mark>.<\/p>\n\n\n\n<h2 class=\"wp-block-heading\" id=\"h-los-reclamos-de-la-oposicion\">Los reclamos de la oposici\u00f3n<\/h2>\n\n\n\n<p>En la comisi\u00f3n conjunta de Hacienda y de Legislaci\u00f3n y Asuntos Constitucionales&nbsp;(LAC), el&nbsp;<strong>Frente Eleg\u00ed&nbsp;<\/strong>y&nbsp;<strong>La Uni\u00f3n Mendocina<\/strong>&nbsp;hicieron reparos frente a los proyectos del oficialismo.<\/p>\n\n\n\n<p>La presunta falta de transparencia y de control en el fidecomiso que maneja los fondos de Portezuelo, el reparto de obras que decidir\u00e1 el Banco de Proyectos y las obras p\u00fablicas que se realizar\u00e1n en el sur provincial fueron las consultas que formalizaron respecto a la adenda.<\/p>\n\n\n\n<p>Los senadores sanrafaelinos&nbsp;<strong>Mauricio Sat&nbsp;<\/strong>(PJ) y&nbsp;<strong>Mart\u00edn Rostand&nbsp;<\/strong>(LAUM) fueron quienes m\u00e1s reclamaron por las obras que se tienen que realizar en el sur.<\/p>\n\n\n\n<p>\u201c<em>Saben en cu\u00e1nto fue perjudicado el oasis Sur en la promoci\u00f3n industrial porque el acuerdo principal era para realizar obras h\u00eddricas claves para esta zona de la Provincia<\/em>\u201d, cuestion\u00f3 Sat. Mientras que Rostand enfatiz\u00f3: \u201c<em>C\u00f3mo nos vamos a garantizar que se haga una obra tan importante como es el Trasvase del Atuel<\/em>\u201d.<\/p>\n\n\n\n<p>La respuesta de Mema, que asegur\u00f3 que \u201c<em>el sur est\u00e1 contemplado<\/em>\u201d con una serie de obras \u201c<em>claves para la Provincia<\/em>\u201d. En la misma l\u00ednea, el funcionario remarc\u00f3 que la propuesta del Gobierno \u201c<em>tiene una mirada regional y que las obras beneficiar\u00e1n de una u otra manera la Provincia como a los propios municipios<\/em>\u201d.<\/p>\n\n\n\n<h2 class=\"wp-block-heading\" id=\"h-el-paquete-fiscal\">El paquete fiscal<\/h2>\n\n\n\n<p>De los 23 art\u00edculos que contiene el proyecto\u00a0denominado\u00a0<strong>Eficiencia en la administraci\u00f3n de recursos y activos del Estado<\/strong>, los cuestionamientos se centraron el nuevo esquema de reparto de la coparticipaci\u00f3n y en la posibilidad de que el Gobierno se desprenda de la caja del Seguro mutual.<\/p>\n\n\n\n<p>El intendente de Rivadavia,&nbsp;<strong>Ricardo Mansur<\/strong>, se hizo presente en la comisi\u00f3n especialmente para participar en el debate de los cambios de la coparticipaci\u00f3n. El jefe comunal alude que, con estas modificaciones,<mark>&nbsp;el departamento del Este se ve perjudicado en 1.900 millones de pesos por a\u00f1o<\/mark>.<\/p>\n\n\n\n<p>\u201c<em>La modificaci\u00f3n propuesta por el Ejecutivo no contempla de manera justa las variaciones demogr\u00e1ficas ni las caracter\u00edsticas \u00fanicas de cada departamento.&nbsp;La ley vigente ha sido manipulada para favorecer ciertos departamentos como Godoy Cruz y Guaymall\u00e9n. Yo s\u00f3lo vengo a reclamar lo que me corresponde<\/em>\u201d, enfatiz\u00f3 Mansur.<\/p>\n\n\n\n<p>El ministro de Gobierno cruz\u00f3 al dirigente del partido departamental&nbsp;<strong>Sembrar<\/strong>&nbsp;al asegurarle que a propuesta del Ejecutivo busca mitigar las desigualdades actuales y beneficiar a departamentos como Rivadavia.<\/p>\n\n\n\n<p>\u201c<em>La categorizaci\u00f3n de municipios se basa en caracter\u00edsticas espec\u00edficas y no en regiones geogr\u00e1ficas. La nueva ley no pretende una soluci\u00f3n integral, sino una modificaci\u00f3n general basada en la ley vigente. Estamos \u00a0buscando un equilibrio justo entre los municipios que han experimentado diferentes tasas de crecimiento<\/em>\u201d, complet\u00f3 Mema.<\/p>\n\n\n\n<p>FUENTE: Elsol.com.ar<\/p>\n","protected":false},"excerpt":{"rendered":"<p>Cambia Mendoza buscar\u00e1 darle sanci\u00f3n definitiva a la adenda por los fondos de Portezuelo del Viento y al paquete fiscal. Todo depender\u00e1 de lo que suceda, este lunes, en labor parlamentaria. La C\u00e1mara de Senadores decidir\u00e1 este lunes en labor parlamentaria si la&nbsp;adenda&nbsp;que habilita el uso de los fondos de&nbsp;Portezuelo del Viento&nbsp;para otros destinos y [&hellip;]<\/p>\n","protected":false},"author":2,"featured_media":8162,"comment_status":"open","ping_status":"open","sticky":true,"template":"","format":"standard","meta":[],"categories":[47],"tags":[],"_links":{"self":[{"href":"https:\/\/pasaenmendoza.com\/index.php?rest_route=\/wp\/v2\/posts\/8161"}],"collection":[{"href":"https:\/\/pasaenmendoza.com\/index.php?rest_route=\/wp\/v2\/posts"}],"about":[{"href":"https:\/\/pasaenmendoza.com\/index.php?rest_route=\/wp\/v2\/types\/post"}],"author":[{"embeddable":true,"href":"https:\/\/pasaenmendoza.com\/index.php?rest_route=\/wp\/v2\/users\/2"}],"replies":[{"embeddable":true,"href":"https:\/\/pasaenmendoza.com\/index.php?rest_route=%2Fwp%2Fv2%2Fcomments&post=8161"}],"version-history":[{"count":1,"href":"https:\/\/pasaenmendoza.com\/index.php?rest_route=\/wp\/v2\/posts\/8161\/revisions"}],"predecessor-version":[{"id":8163,"href":"https:\/\/pasaenmendoza.com\/index.php?rest_route=\/wp\/v2\/posts\/8161\/revisions\/8163"}],"wp:featuredmedia":[{"embeddable":true,"href":"https:\/\/pasaenmendoza.com\/index.php?rest_route=\/wp\/v2\/media\/8162"}],"wp:attachment":[{"href":"https:\/\/pasaenmendoza.com\/index.php?rest_route=%2Fwp%2Fv2%2Fmedia&parent=8161"}],"wp:term":[{"taxonomy":"category","embeddable":true,"href":"https:\/\/pasaenmendoza.com\/index.php?rest_route=%2Fwp%2Fv2%2Fcategories&post=8161"},{"taxonomy":"post_tag","embeddable":true,"href":"https:\/\/pasaenmendoza.com\/index.php?rest_route=%2Fwp%2Fv2%2Ftags&post=8161"}],"curies":[{"name":"wp","href":"https:\/\/api.w.org\/{rel}","templated":true}]}}